{"id":34415,"date":"2021-05-06T13:59:25","date_gmt":"2021-05-06T16:59:25","guid":{"rendered":"https:\/\/www.inet.edu.ar\/?p=34415"},"modified":"2021-05-06T13:59:25","modified_gmt":"2021-05-06T16:59:25","slug":"egresan-cada-vez-mas-enfermeros-y-enfermeras-de-institutos-superiores-de-todo-el-pais","status":"publish","type":"post","link":"https:\/\/www.inet.edu.ar\/index.php\/egresan-cada-vez-mas-enfermeros-y-enfermeras-de-institutos-superiores-de-todo-el-pais\/","title":{"rendered":"Egresan cada vez m\u00e1s enfermeros y enfermeras de institutos superiores de todo el pa\u00eds"},"content":{"rendered":"<p>En abril pasado, miles de estudiantes de institutos superiores de Enfermer\u00eda, que en el 2020 cursaron las materias te\u00f3ricas, egresaron luego de realizar sus pr\u00e1cticas profesionalizantes de manera simulada. Esto fue posible gracias al trabajo conjunto entre el <a href=\"https:\/\/www.inet.edu.ar\/index.php\/pronafe\/\" target=\"_blank\" rel=\"noopener\">Programa Nacional de Formaci\u00f3n de Enfermer\u00eda (PRONAFE)<\/a> del INET, y los Ministerios de Educaci\u00f3n y Salud provinciales.<\/p>\n<p>Para analizar los resultados de este trabajo, se realiz\u00f3 un encuentro entre el equipo del PRONAFE y referentes jurisdiccionales. El mismo fue encabezado por el coordinador nacional del programa, Gabriel Muntaabski, y cont\u00f3 con la presencial de la directora de Enfermer\u00eda del Ministerio de Salud de la Naci\u00f3n, Mar\u00eda G\u00f3mez Marquisio.<\/p>\n<p>Los y las referentes contaron el nivel de egreso que estaban teniendo en sus provincias, y la implementaci\u00f3n de las pr\u00e1cticas simuladas y no simuladas de las pr\u00f3ximas cohortes. Adem\u00e1s, indicaron las situaciones por las que debieron atravesar las instituciones para poder lograr que hoy la Argentina tenga miles de estudiantes de enfermer\u00eda recibidos.<\/p>\n<p>Muntaabski destac\u00f3 y felicit\u00f3 el esfuerzo de las instituciones, de sus directivos, docentes y estudiantes, y resalt\u00f3 el compromiso de las \u00e1reas de Salud y Educaci\u00f3n de todo el pa\u00eds para unir fuerzas e instaurar un nuevo modelo de capacitaci\u00f3n.<\/p>\n<p>De esta manera, nuestro pa\u00eds ya cuenta con una gran cantidad de enfermeras y enfermeros profesionales en los hospitales, sanatorios y centros de salud donde, en esta situaci\u00f3n de pandemia, se requiere de su trabajo en forma tan especial.<\/p>\n","protected":false},"excerpt":{"rendered":"<p>En abril pasado, miles de estudiantes de institutos superiores de Enfermer\u00eda, que en el 2020 cursaron las materias te\u00f3ricas, egresaron luego de realizar sus pr\u00e1cticas profesionalizantes de manera simulada. Esto fue posible gracias al trabajo conjunto entre el Programa Nacional de Formaci\u00f3n de Enfermer\u00eda (PRONAFE) del INET, y los Ministerios de Educaci\u00f3n y Salud provinciales. [&hellip;]<\/p>\n","protected":false},"author":7,"featured_media":34416,"comment_status":"closed","ping_status":"open","sticky":false,"template":"","format":"standard","meta":{"footnotes":""},"categories":[1,14],"tags":[],"class_list":["post-34415","post","type-post","status-publish","format-standard","has-post-thumbnail","hentry","category-noticias","category-noticias-fijas"],"_links":{"self":[{"href":"https:\/\/www.inet.edu.ar\/index.php\/wp-json\/wp\/v2\/posts\/34415","targetHints":{"allow":["GET"]}}],"collection":[{"href":"https:\/\/www.inet.edu.ar\/index.php\/wp-json\/wp\/v2\/posts"}],"about":[{"href":"https:\/\/www.inet.edu.ar\/index.php\/wp-json\/wp\/v2\/types\/post"}],"author":[{"embeddable":true,"href":"https:\/\/www.inet.edu.ar\/index.php\/wp-json\/wp\/v2\/users\/7"}],"replies":[{"embeddable":true,"href":"https:\/\/www.inet.edu.ar\/index.php\/wp-json\/wp\/v2\/comments?post=34415"}],"version-history":[{"count":11,"href":"https:\/\/www.inet.edu.ar\/index.php\/wp-json\/wp\/v2\/posts\/34415\/revisions"}],"predecessor-version":[{"id":34427,"href":"https:\/\/www.inet.edu.ar\/index.php\/wp-json\/wp\/v2\/posts\/34415\/revisions\/34427"}],"wp:featuredmedia":[{"embeddable":true,"href":"https:\/\/www.inet.edu.ar\/index.php\/wp-json\/wp\/v2\/media\/34416"}],"wp:attachment":[{"href":"https:\/\/www.inet.edu.ar\/index.php\/wp-json\/wp\/v2\/media?parent=34415"}],"wp:term":[{"taxonomy":"category","embeddable":true,"href":"https:\/\/www.inet.edu.ar\/index.php\/wp-json\/wp\/v2\/categories?post=34415"},{"taxonomy":"post_tag","embeddable":true,"href":"https:\/\/www.inet.edu.ar\/index.php\/wp-json\/wp\/v2\/tags?post=34415"}],"curies":[{"name":"wp","href":"https:\/\/api.w.org\/{rel}","templated":true}]}}