{"id":34436,"date":"2021-05-07T17:43:07","date_gmt":"2021-05-07T20:43:07","guid":{"rendered":"https:\/\/www.inet.edu.ar\/?p=34436"},"modified":"2021-05-07T17:43:07","modified_gmt":"2021-05-07T20:43:07","slug":"en-entre-rios-trotta-anuncio-la-transferencia-de-fondos-para-culminar-obras-de-etp","status":"publish","type":"post","link":"https:\/\/www.inet.edu.ar\/index.php\/en-entre-rios-trotta-anuncio-la-transferencia-de-fondos-para-culminar-obras-de-etp\/","title":{"rendered":"En Entre R\u00edos, Trotta anunci\u00f3 la transferencia de fondos para culminar obras de ETP"},"content":{"rendered":"<p style=\"text-align: center;\"><i>El titular del Ministerio de Educaci\u00f3n anunci\u00f3 la inversi\u00f3n de 2000 millones de pesos en obras de infraestructura educativa para la provincia y destac\u00f3 la importancia de fortalecer la Educaci\u00f3n T\u00e9cnica<\/i><\/p>\n<p>El ministro de Educaci\u00f3n de la Naci\u00f3n, Nicol\u00e1s Trotta, viaj\u00f3 a Entre R\u00edos donde mantuvo distintas reuniones con el gobernador, Gustavo Bordet; el presidente del Consejo General de Educaci\u00f3n de la provincia, Mart\u00edn M\u00fbller; y la vicegobernadora, Mar\u00eda Laura Stratta. La agenda de actividades incluy\u00f3, entre otras, la firma para la transferencia de fondos nacionales para la finalizaci\u00f3n de obras en escuelas t\u00e9cnicas.<\/p>\n<p>Durante su visita a la ciudad de Paran\u00e1, el titular de la cartera educativa nacional se\u00f1al\u00f3: <em>\u201cEs muy importante estar nuevamente aqu\u00ed haciendo un seguimiento del trabajo mancomunado por indicaci\u00f3n de nuestro presidente. Con Bodart compartimos la mirada de fortalecer la educaci\u00f3n t\u00e9cnica, lo que implica un proceso de crecimiento de inversi\u00f3n que este 2021 aumentar\u00e1 en 150%. Y va de la mano tambi\u00e9n de un crecimiento interanual de la inversi\u00f3n en educaci\u00f3n por parte del Estado nacional como nunca antes ocurri\u00f3 en la historia\u201d.<\/em><\/p>\n<p><em>\u201cApenas asumimos, Gustavo nos plante\u00f3 el eje de la educaci\u00f3n t\u00e9cnica como motor de desarrollo para la provincia. A partir de ah\u00ed, pusimos la mirada en cada una de las obras que hab\u00edan sido abandonadas o que su proceso de ejecuci\u00f3n era lento, y trabajamos para fortalecer la construcci\u00f3n de un pa\u00eds federal, donde podamos destacar la potencialidad de cada una de las regiones, de cada una de las provincias y hoy estamos dando un paso m\u00e1s en ese sentido con estas 5 obras. Cada una de estas instituciones se vinculan a algo que es central para la mirada de nuestro Gobierno, que es que no hay mejor pol\u00edtica social que un empleo de calidad y eso se nutre del poder de desarrollo que tenemos para la Argentina\u201d.<\/em><\/p>\n<p>El Ministerio de Educaci\u00f3n de la Naci\u00f3n, a trav\u00e9s del INET asumi\u00f3 el compromiso con la provincia de efectuar la transferencia de $437.855.312 para la culminaci\u00f3n de obras en 5 instituciones de Educaci\u00f3n T\u00e9cnica Profesional (ETP): La Escuela T\u00e9cnica N\u00ba 100, que Trotta visit\u00f3 este a\u00f1o; 3 edificaciones que estaban paralizadas, y la construcci\u00f3n de una nueva escuela t\u00e9cnica en Gualeguay.<\/p>\n<p><strong>M\u00e1s informaci\u00f3n:<\/strong> <a href=\"https:\/\/www.argentina.gob.ar\/noticias\/trotta-fortalecer-la-construccion-de-un-pais-federal-es-destacar-la-potencialidad-de-cada\" target=\"_blank\" rel=\"noopener\">Trotta: \u201cFortalecer la construcci\u00f3n de un pa\u00eds federal, es destacar la potencialidad de cada regi\u00f3n\u201d- Ministerio de Educaci\u00f3n de la Naci\u00f3n<\/a><\/p>\n","protected":false},"excerpt":{"rendered":"<p>El titular del Ministerio de Educaci\u00f3n anunci\u00f3 la inversi\u00f3n de 2000 millones de pesos en obras de infraestructura educativa para la provincia y destac\u00f3 la importancia de fortalecer la Educaci\u00f3n T\u00e9cnica El ministro de Educaci\u00f3n de la Naci\u00f3n, Nicol\u00e1s Trotta, viaj\u00f3 a Entre R\u00edos donde mantuvo distintas reuniones con el gobernador, Gustavo Bordet; el presidente [&hellip;]<\/p>\n","protected":false},"author":7,"featured_media":34440,"comment_status":"closed","ping_status":"open","sticky":false,"template":"","format":"standard","meta":{"footnotes":""},"categories":[1,14],"tags":[],"class_list":["post-34436","post","type-post","status-publish","format-standard","has-post-thumbnail","hentry","category-noticias","category-noticias-fijas"],"_links":{"self":[{"href":"https:\/\/www.inet.edu.ar\/index.php\/wp-json\/wp\/v2\/posts\/34436","targetHints":{"allow":["GET"]}}],"collection":[{"href":"https:\/\/www.inet.edu.ar\/index.php\/wp-json\/wp\/v2\/posts"}],"about":[{"href":"https:\/\/www.inet.edu.ar\/index.php\/wp-json\/wp\/v2\/types\/post"}],"author":[{"embeddable":true,"href":"https:\/\/www.inet.edu.ar\/index.php\/wp-json\/wp\/v2\/users\/7"}],"replies":[{"embeddable":true,"href":"https:\/\/www.inet.edu.ar\/index.php\/wp-json\/wp\/v2\/comments?post=34436"}],"version-history":[{"count":7,"href":"https:\/\/www.inet.edu.ar\/index.php\/wp-json\/wp\/v2\/posts\/34436\/revisions"}],"predecessor-version":[{"id":34444,"href":"https:\/\/www.inet.edu.ar\/index.php\/wp-json\/wp\/v2\/posts\/34436\/revisions\/34444"}],"wp:featuredmedia":[{"embeddable":true,"href":"https:\/\/www.inet.edu.ar\/index.php\/wp-json\/wp\/v2\/media\/34440"}],"wp:attachment":[{"href":"https:\/\/www.inet.edu.ar\/index.php\/wp-json\/wp\/v2\/media?parent=34436"}],"wp:term":[{"taxonomy":"category","embeddable":true,"href":"https:\/\/www.inet.edu.ar\/index.php\/wp-json\/wp\/v2\/categories?post=34436"},{"taxonomy":"post_tag","embeddable":true,"href":"https:\/\/www.inet.edu.ar\/index.php\/wp-json\/wp\/v2\/tags?post=34436"}],"curies":[{"name":"wp","href":"https:\/\/api.w.org\/{rel}","templated":true}]}}