{"id":34710,"date":"2021-07-28T13:19:07","date_gmt":"2021-07-28T16:19:07","guid":{"rendered":"https:\/\/www.inet.edu.ar\/?p=34710"},"modified":"2021-07-28T13:19:59","modified_gmt":"2021-07-28T16:19:59","slug":"crearan-centro-educativo-tecnologico-de-innovacion-4-0-c4-para-la-etp-en-la-rioja","status":"publish","type":"post","link":"https:\/\/www.inet.edu.ar\/index.php\/crearan-centro-educativo-tecnologico-de-innovacion-4-0-c4-para-la-etp-en-la-rioja\/","title":{"rendered":"Crear\u00e1n Centro Educativo Tecnol\u00f3gico de Innovaci\u00f3n 4.0 (C4) para la ETP en La Rioja"},"content":{"rendered":"<p style=\"text-align: center;\"><em>El ministro Nicol\u00e1s Trotta visit\u00f3 la provincia con una agenda vinculada a la Educaci\u00f3n T\u00e9cnica y la distribuci\u00f3n de computadoras<\/em><\/p>\n<p>Autoridades de La Rioja y del Ministerio de Educaci\u00f3n de la Naci\u00f3n acordaron la creaci\u00f3n y puesta en marcha del Centro Educativo Tecnol\u00f3gico de Innovaci\u00f3n 4.0 (C4) para la Educaci\u00f3n T\u00e9cnico Profesional (ETP). El mismo contar\u00e1 con una inversi\u00f3n de 198 millones de pesos con el objetivo de ofrecer oportunidades de formaci\u00f3n para la ETP en las tecnolog\u00edas de avanzada de la revoluci\u00f3n digital, que integren los procesos formativos, y de investigaci\u00f3n y desarrollo, con los avances del mundo socio-productivo, aplicados a las necesidades y econom\u00edas de cada jurisdicci\u00f3n. En ese sentido el Gobierno nacional instalar\u00e1 24 Centros Educativos durante el periodo 2021 &#8211; 2023, teniendo en cuenta las econom\u00edas regionales y con el objetivo de formar recursos de alta calidad para promover el desarrollo local.<\/p>\n<p>Trotta lleg\u00f3 a la provincia junto a la secretaria de Educaci\u00f3n, Marisa D\u00edaz, y el director ejecutivo del INET, Diego Golombek. Durante la visita, fueron acompa\u00f1ados por el gobernador, Ricardo Quintela; la vicegobernadora, Florencia L\u00f3pez; la ministra de Desarrollo, Igualdad e Integraci\u00f3n Social, Gabriela Pedrali; el ministro de educaci\u00f3n, Ariel Mart\u00ednez; entre otras autoridades.<\/p>\n<p>Las autoridades presentaron la ampliaci\u00f3n del Instituto de Formaci\u00f3n T\u00e9cnico Superior en Seguridad, que se realizar\u00e1 con fondos del INET.<\/p>\n\n\t\t<style type=\"text\/css\">\n\t\t\t#gallery-1 {\n\t\t\t\tmargin: auto;\n\t\t\t}\n\t\t\t#gallery-1 .gallery-item {\n\t\t\t\tfloat: left;\n\t\t\t\tmargin-top: 10px;\n\t\t\t\ttext-align: center;\n\t\t\t\twidth: 100%;\n\t\t\t}\n\t\t\t#gallery-1 img {\n\t\t\t\tborder: 2px solid #cfcfcf;\n\t\t\t}\n\t\t\t#gallery-1 .gallery-caption {\n\t\t\t\tmargin-left: 0;\n\t\t\t}\n\t\t\t\/* see gallery_shortcode() in wp-includes\/media.php *\/\n\t\t<\/style>\n\t\t<div id='gallery-1' class='gallery galleryid-34710 gallery-columns-1 gallery-size-large'><dl class='gallery-item'>\n\t\t\t<dt class='gallery-icon landscape'>\n\t\t\t\t<a href='https:\/\/www.inet.edu.ar\/index.php\/crearan-centro-educativo-tecnologico-de-innovacion-4-0-c4-para-la-etp-en-la-rioja\/dsc_1947\/#main'><img loading=\"lazy\" decoding=\"async\" width=\"468\" height=\"312\" src=\"https:\/\/www.inet.edu.ar\/wp-content\/uploads\/2021\/07\/DSC_1947-468x312.jpg\" class=\"attachment-large size-large\" alt=\"\" srcset=\"https:\/\/www.inet.edu.ar\/wp-content\/uploads\/2021\/07\/DSC_1947-468x312.jpg 468w, https:\/\/www.inet.edu.ar\/wp-content\/uploads\/2021\/07\/DSC_1947-150x100.jpg 150w, https:\/\/www.inet.edu.ar\/wp-content\/uploads\/2021\/07\/DSC_1947-240x160.jpg 240w, https:\/\/www.inet.edu.ar\/wp-content\/uploads\/2021\/07\/DSC_1947-768x512.jpg 768w\" sizes=\"auto, (max-width: 468px) 100vw, 468px\" \/><\/a>\n\t\t\t<\/dt><\/dl><br style=\"clear: both\" \/>\n\t\t<\/div>\n\n<p>M\u00e1s informaci\u00f3n sobre la visita a La Rioja:\u00a0<a href=\"https:\/\/www.argentina.gob.ar\/noticias\/trotta-asumimos-el-desafio-de-incrementar-todos-los-anos-la-inversion-en-educacion-con-una\" target=\"_blank\" rel=\"noopener\">Trotta: \u201cAsumimos el desaf\u00edo de incrementar todos los a\u00f1os la inversi\u00f3n en educaci\u00f3n con una clara vocaci\u00f3n federal\u201d<\/a><\/p>\n<h1><\/h1>\n<p>&nbsp;<\/p>\n","protected":false},"excerpt":{"rendered":"<p>El ministro Nicol\u00e1s Trotta visit\u00f3 la provincia con una agenda vinculada a la Educaci\u00f3n T\u00e9cnica y la distribuci\u00f3n de computadoras Autoridades de La Rioja y del Ministerio de Educaci\u00f3n de la Naci\u00f3n acordaron la creaci\u00f3n y puesta en marcha del Centro Educativo Tecnol\u00f3gico de Innovaci\u00f3n 4.0 (C4) para la Educaci\u00f3n T\u00e9cnico Profesional (ETP). El mismo [&hellip;]<\/p>\n","protected":false},"author":7,"featured_media":34713,"comment_status":"closed","ping_status":"open","sticky":false,"template":"","format":"standard","meta":{"footnotes":""},"categories":[1,14],"tags":[],"class_list":["post-34710","post","type-post","status-publish","format-standard","has-post-thumbnail","hentry","category-noticias","category-noticias-fijas"],"_links":{"self":[{"href":"https:\/\/www.inet.edu.ar\/index.php\/wp-json\/wp\/v2\/posts\/34710","targetHints":{"allow":["GET"]}}],"collection":[{"href":"https:\/\/www.inet.edu.ar\/index.php\/wp-json\/wp\/v2\/posts"}],"about":[{"href":"https:\/\/www.inet.edu.ar\/index.php\/wp-json\/wp\/v2\/types\/post"}],"author":[{"embeddable":true,"href":"https:\/\/www.inet.edu.ar\/index.php\/wp-json\/wp\/v2\/users\/7"}],"replies":[{"embeddable":true,"href":"https:\/\/www.inet.edu.ar\/index.php\/wp-json\/wp\/v2\/comments?post=34710"}],"version-history":[{"count":4,"href":"https:\/\/www.inet.edu.ar\/index.php\/wp-json\/wp\/v2\/posts\/34710\/revisions"}],"predecessor-version":[{"id":34716,"href":"https:\/\/www.inet.edu.ar\/index.php\/wp-json\/wp\/v2\/posts\/34710\/revisions\/34716"}],"wp:featuredmedia":[{"embeddable":true,"href":"https:\/\/www.inet.edu.ar\/index.php\/wp-json\/wp\/v2\/media\/34713"}],"wp:attachment":[{"href":"https:\/\/www.inet.edu.ar\/index.php\/wp-json\/wp\/v2\/media?parent=34710"}],"wp:term":[{"taxonomy":"category","embeddable":true,"href":"https:\/\/www.inet.edu.ar\/index.php\/wp-json\/wp\/v2\/categories?post=34710"},{"taxonomy":"post_tag","embeddable":true,"href":"https:\/\/www.inet.edu.ar\/index.php\/wp-json\/wp\/v2\/tags?post=34710"}],"curies":[{"name":"wp","href":"https:\/\/api.w.org\/{rel}","templated":true}]}}