{"id":34884,"date":"2021-09-01T20:57:55","date_gmt":"2021-09-01T23:57:55","guid":{"rendered":"https:\/\/www.inet.edu.ar\/?p=34884"},"modified":"2021-09-02T11:53:39","modified_gmt":"2021-09-02T14:53:39","slug":"egresan-nuevos-enfermeros-y-enfermeras-en-entre-rios","status":"publish","type":"post","link":"https:\/\/www.inet.edu.ar\/index.php\/egresan-nuevos-enfermeros-y-enfermeras-en-entre-rios\/","title":{"rendered":"Egresan nuevos enfermeros y enfermeras en Entre R\u00edos"},"content":{"rendered":"<p style=\"text-align: center;\"><em>Esta graduaci\u00f3n es resultado del trabajo conjunto entre los Ministerios de Educaci\u00f3n y Salud de Naci\u00f3n, y la provincia<\/em><\/p>\n<p>Se realiz\u00f3 hoy el acto de colaci\u00f3n de <strong>310\u00a0egresados y egresadas de\u00a0los 13 institutos superiores de Enfermer\u00eda<\/strong> de Entre R\u00edos. Por parte de la provincia, encabezaron el encuentro el presidente del Consejo General de Educaci\u00f3n (CGE), Mart\u00edn M\u00fcller, y la ministra de Gobierno y Justicia, Rosario Romero. En representaci\u00f3n del Ministerio de Educaci\u00f3n de la Naci\u00f3n y del INET, particip\u00f3 el coordinador del Programa Nacional de Formaci\u00f3n de Enfermer\u00eda (PRONAFE), Gabriel Muntaabski.<\/p>\n<p>M\u00fcller resalt\u00f3 la importancia del acto dado que la formaci\u00f3n en Salud <em>\u00abes un \u00e1rea estrat\u00e9gica&#8230; su centralidad\u00a0 qued\u00f3 en evidencia durante este a\u00f1o y medio\u00bb.<\/em><\/p>\n<p>El coordinador del PRONAFE dijo a los egresados:\u00a0<em>\u00abEs tiempo que salgan a compartir con la sociedad lo que han aprendido para poder servir a la ciudadan\u00eda, para poder servir a la gente de Entre R\u00edos. Desde el Ministerio de Educaci\u00f3n de la Naci\u00f3n, el m\u00e1s profundo orgullo de lo que la provincia ha logrado&#8230; que es parte de una Naci\u00f3n que est\u00e1 volviendo a creer, a crecer y a una vida normal\u00bb.<\/em><\/p>\n<p>Por su parte, el director ejecutivo INET, Diego Golombek, salud\u00f3 y felicit\u00f3 a los nuevos egresados y egresadas desde la virtualidad.<\/p>\n<p>El encuentro se realiz\u00f3 en simult\u00e1neo en el Centro Provincial de Convenciones (CPC) de Paran\u00e1 y a trav\u00e9s del canal de YouTube del CGE. Cont\u00f3 con la presencia de autoridades de Educaci\u00f3n y Salud, diputados, intendentes, as\u00ed como directivos, docentes, y enfermeros y enfermeras provinciales.<\/p>\n<p>Al finalizar, se realiz\u00f3 un minuto de silencio en homenaje a las y los profesionales, docentes y estudiantes fallecidos durante la pandemia.<\/p>\n\n\t\t<style type=\"text\/css\">\n\t\t\t#gallery-1 {\n\t\t\t\tmargin: auto;\n\t\t\t}\n\t\t\t#gallery-1 .gallery-item {\n\t\t\t\tfloat: left;\n\t\t\t\tmargin-top: 10px;\n\t\t\t\ttext-align: center;\n\t\t\t\twidth: 100%;\n\t\t\t}\n\t\t\t#gallery-1 img {\n\t\t\t\tborder: 2px solid #cfcfcf;\n\t\t\t}\n\t\t\t#gallery-1 .gallery-caption {\n\t\t\t\tmargin-left: 0;\n\t\t\t}\n\t\t\t\/* see gallery_shortcode() in wp-includes\/media.php *\/\n\t\t<\/style>\n\t\t<div id='gallery-1' class='gallery galleryid-34884 gallery-columns-1 gallery-size-large'><dl class='gallery-item'>\n\t\t\t<dt class='gallery-icon landscape'>\n\t\t\t\t<a href='https:\/\/www.inet.edu.ar\/index.php\/egresan-nuevos-enfermeros-y-enfermeras-en-entre-rios\/62c8a096-c6f9-43e4-9602-67f4e800bdee\/#main'><img loading=\"lazy\" decoding=\"async\" width=\"468\" height=\"312\" src=\"https:\/\/www.inet.edu.ar\/wp-content\/uploads\/2021\/09\/62c8a096-c6f9-43e4-9602-67f4e800bdee-468x312.jpg\" class=\"attachment-large size-large\" alt=\"\" srcset=\"https:\/\/www.inet.edu.ar\/wp-content\/uploads\/2021\/09\/62c8a096-c6f9-43e4-9602-67f4e800bdee-468x312.jpg 468w, https:\/\/www.inet.edu.ar\/wp-content\/uploads\/2021\/09\/62c8a096-c6f9-43e4-9602-67f4e800bdee-150x100.jpg 150w, https:\/\/www.inet.edu.ar\/wp-content\/uploads\/2021\/09\/62c8a096-c6f9-43e4-9602-67f4e800bdee-240x160.jpg 240w, https:\/\/www.inet.edu.ar\/wp-content\/uploads\/2021\/09\/62c8a096-c6f9-43e4-9602-67f4e800bdee-768x512.jpg 768w, https:\/\/www.inet.edu.ar\/wp-content\/uploads\/2021\/09\/62c8a096-c6f9-43e4-9602-67f4e800bdee.jpg 1280w\" sizes=\"auto, (max-width: 468px) 100vw, 468px\" \/><\/a>\n\t\t\t<\/dt><\/dl><br style=\"clear: both\" \/>\n\t\t<\/div>\n\n<p><em>Esta graduaci\u00f3n es producto del trabajo conjunto entre Naci\u00f3n y Provincia. A trav\u00e9s del PRONAFE, se promovieron varias\u00a0acciones para que los y las estudiantes -de todo el pa\u00eds- que en el 2020 cursaron las materias te\u00f3ricas, entre diciembre 2020 y abril 2021 pudieran egresar luego de realizar sus pr\u00e1cticas profesionalizantes de manera simulada. <\/em><\/p>\n<p><em>Tambi\u00e9n forma parte de una pol\u00edtica nacional de promoci\u00f3n de la Enfermer\u00eda, que incluye un proyecto de Ley que el presidente Alberto Fern\u00e1ndez envi\u00f3 al Congreso -que busca jerarquizar a las y los enfermeros como profesionales de la salud, adem\u00e1s de establecer los mecanismos necesarios para favorecer su formaci\u00f3n continua y de calidad e incrementar la cantidad de trabajadores seg\u00fan las necesidades de cada provincia.<\/em><\/p>\n<p>&nbsp;<\/p>\n<p>Para ver el acto de colaci\u00f3n:\u00a0<a href=\"https:\/\/www.youtube.com\/watch?v=Z4lm9xZJhxU\" target=\"_blank\" rel=\"noopener\">Colaci\u00f3n provincial de egresados y egresadas de las Tecnicaturas Superiores en Enfermer\u00eda (Canal de YouTube del CGE)<\/a><\/p>\n<p>Noticia del CGE: <a href=\"https:\/\/noticias.entrerios.gov.ar\/notas\/egresan-310-enfermeros-entrerrianos.htm\">\u00abEgresan 310 enfermeros entrerrianos\u00bb<\/a><\/p>\n<p>&nbsp;<\/p>\n<p><strong>Notas relacionadas:\u00a0<\/strong><\/p>\n<p><a href=\"https:\/\/www.inet.edu.ar\/index.php\/el-presidente-presento-proyecto-de-ley-de-promocion-de-la-formacion-y-del-desarrollo-de-la-enfermeria\/\" target=\"_blank\" rel=\"noopener\">\u00ab El presidente present\u00f3 Proyecto de Ley de Promoci\u00f3n de la Formaci\u00f3n y del Desarrollo de la Enfermer\u00eda \u00bb<\/a><\/p>\n<p><a href=\"https:\/\/www.inet.edu.ar\/index.php\/egresan-cada-vez-mas-enfermeros-y-enfermeras-de-institutos-superiores-de-todo-el-pais\/\" target=\"_blank\" rel=\"noopener\">\u00ab Egresan cada vez m\u00e1s enfermeros y enfermeras de institutos superiores de todo el pa\u00eds \u00bb<\/a><\/p>\n","protected":false},"excerpt":{"rendered":"<p>Esta graduaci\u00f3n es resultado del trabajo conjunto entre los Ministerios de Educaci\u00f3n y Salud de Naci\u00f3n, y la provincia Se realiz\u00f3 hoy el acto de colaci\u00f3n de 310\u00a0egresados y egresadas de\u00a0los 13 institutos superiores de Enfermer\u00eda de Entre R\u00edos. Por parte de la provincia, encabezaron el encuentro el presidente del Consejo General de Educaci\u00f3n (CGE), [&hellip;]<\/p>\n","protected":false},"author":7,"featured_media":34904,"comment_status":"closed","ping_status":"open","sticky":false,"template":"","format":"standard","meta":{"footnotes":""},"categories":[1,14],"tags":[],"class_list":["post-34884","post","type-post","status-publish","format-standard","has-post-thumbnail","hentry","category-noticias","category-noticias-fijas"],"_links":{"self":[{"href":"https:\/\/www.inet.edu.ar\/index.php\/wp-json\/wp\/v2\/posts\/34884","targetHints":{"allow":["GET"]}}],"collection":[{"href":"https:\/\/www.inet.edu.ar\/index.php\/wp-json\/wp\/v2\/posts"}],"about":[{"href":"https:\/\/www.inet.edu.ar\/index.php\/wp-json\/wp\/v2\/types\/post"}],"author":[{"embeddable":true,"href":"https:\/\/www.inet.edu.ar\/index.php\/wp-json\/wp\/v2\/users\/7"}],"replies":[{"embeddable":true,"href":"https:\/\/www.inet.edu.ar\/index.php\/wp-json\/wp\/v2\/comments?post=34884"}],"version-history":[{"count":31,"href":"https:\/\/www.inet.edu.ar\/index.php\/wp-json\/wp\/v2\/posts\/34884\/revisions"}],"predecessor-version":[{"id":34925,"href":"https:\/\/www.inet.edu.ar\/index.php\/wp-json\/wp\/v2\/posts\/34884\/revisions\/34925"}],"wp:featuredmedia":[{"embeddable":true,"href":"https:\/\/www.inet.edu.ar\/index.php\/wp-json\/wp\/v2\/media\/34904"}],"wp:attachment":[{"href":"https:\/\/www.inet.edu.ar\/index.php\/wp-json\/wp\/v2\/media?parent=34884"}],"wp:term":[{"taxonomy":"category","embeddable":true,"href":"https:\/\/www.inet.edu.ar\/index.php\/wp-json\/wp\/v2\/categories?post=34884"},{"taxonomy":"post_tag","embeddable":true,"href":"https:\/\/www.inet.edu.ar\/index.php\/wp-json\/wp\/v2\/tags?post=34884"}],"curies":[{"name":"wp","href":"https:\/\/api.w.org\/{rel}","templated":true}]}}