{"id":35962,"date":"2022-04-25T12:06:55","date_gmt":"2022-04-25T15:06:55","guid":{"rendered":"https:\/\/www.inet.edu.ar\/?p=35962"},"modified":"2022-05-11T16:47:34","modified_gmt":"2022-05-11T19:47:34","slug":"encuentro-regional-del-sur-de-la-educacion-tecnico-profesional","status":"publish","type":"post","link":"https:\/\/www.inet.edu.ar\/index.php\/encuentro-regional-del-sur-de-la-educacion-tecnico-profesional\/","title":{"rendered":"Encuentro Regional del Sur de la Educaci\u00f3n T\u00e9cnico Profesional"},"content":{"rendered":"<p style=\"text-align: center;\"><em>Se realiz\u00f3 en Caleta Olivia, Santa Cruz, y cont\u00f3 con la participaci\u00f3n de ministros de Educaci\u00f3n de la regi\u00f3n<\/em><\/p>\n<p>El Instituto Nacional de Educaci\u00f3n Tecnol\u00f3gica (INET) realiz\u00f3 en Santa Cruz el <strong>Encuentro Regional del Sur<\/strong> con el fin de fortalecer los \u00e1mbitos de construcci\u00f3n federal de la pol\u00edtica p\u00fablica de la Educaci\u00f3n T\u00e9cnico Profesional (ETP). Este mes ya tuvieron lugar los Encuentros del NOA, en Tucum\u00e1n, y del NEA, en el Chaco.<\/p>\n<p>La apertura fue presidida por el director ejecutivo del INET, Gerardo Marchesini; la presidenta del Consejo Provincial de Educaci\u00f3n local (CPE), Mar\u00eda Cecilia Vel\u00e1zquez; y el intendente de Caleta Olivia, Fernando Cotillo. Desde la virtualidad estuvieron presentes los ministros de Educaci\u00f3n de Chubut, Florencia Perata; de Neuqu\u00e9n, Ruth Flutsch, y de La Pampa, Pablo Macchione. Por parte del INET, la directora nacional de Educaci\u00f3n, Trabajo y Producci\u00f3n (ETyP), Nora Estrada; y el secretario permanente del Consejo Nacional de ETyP, Sergio Pianciola. Participaron tambi\u00e9n los y las referentes de ETP de las provincias involucradas.<\/p>\n\n\t\t<style type=\"text\/css\">\n\t\t\t#gallery-1 {\n\t\t\t\tmargin: auto;\n\t\t\t}\n\t\t\t#gallery-1 .gallery-item {\n\t\t\t\tfloat: left;\n\t\t\t\tmargin-top: 10px;\n\t\t\t\ttext-align: center;\n\t\t\t\twidth: 100%;\n\t\t\t}\n\t\t\t#gallery-1 img {\n\t\t\t\tborder: 2px solid #cfcfcf;\n\t\t\t}\n\t\t\t#gallery-1 .gallery-caption {\n\t\t\t\tmargin-left: 0;\n\t\t\t}\n\t\t\t\/* see gallery_shortcode() in wp-includes\/media.php *\/\n\t\t<\/style>\n\t\t<div id='gallery-1' class='gallery galleryid-35962 gallery-columns-1 gallery-size-large'><dl class='gallery-item'>\n\t\t\t<dt class='gallery-icon landscape'>\n\t\t\t\t<a href='https:\/\/www.inet.edu.ar\/index.php\/encuentro-regional-del-sur-de-la-educacion-tecnico-profesional\/apertura-encuentro-sur-gentileza-cpe-santa-cruz-2\/#main'><img loading=\"lazy\" decoding=\"async\" width=\"468\" height=\"351\" src=\"https:\/\/www.inet.edu.ar\/wp-content\/uploads\/2022\/04\/APERTURA-Encuentro-Sur-gentileza-CPE-Santa-Cruz-2-468x351.jpeg\" class=\"attachment-large size-large\" alt=\"\" srcset=\"https:\/\/www.inet.edu.ar\/wp-content\/uploads\/2022\/04\/APERTURA-Encuentro-Sur-gentileza-CPE-Santa-Cruz-2-468x351.jpeg 468w, https:\/\/www.inet.edu.ar\/wp-content\/uploads\/2022\/04\/APERTURA-Encuentro-Sur-gentileza-CPE-Santa-Cruz-2-240x180.jpeg 240w, https:\/\/www.inet.edu.ar\/wp-content\/uploads\/2022\/04\/APERTURA-Encuentro-Sur-gentileza-CPE-Santa-Cruz-2-768x576.jpeg 768w, https:\/\/www.inet.edu.ar\/wp-content\/uploads\/2022\/04\/APERTURA-Encuentro-Sur-gentileza-CPE-Santa-Cruz-2.jpeg 1040w\" sizes=\"auto, (max-width: 468px) 100vw, 468px\" \/><\/a>\n\t\t\t<\/dt><\/dl><br style=\"clear: both\" \/>\n\t\t<\/div>\n\n<p>Marchesini manifest\u00f3 que en la <em>\u201cMesa Federal de la ETP hemos acordado por unanimidad cumplir las instrucciones del ministro de Educaci\u00f3n de la Naci\u00f3n, Jaime Perczyk, respecto al Art. 2 de la Ley de ETP (26.058) que establece que las pol\u00edticas se construyen federalmente\u201d<\/em>.<\/p>\n<p>Sobre la Regi\u00f3n, destac\u00f3 <em>que \u201chay un enorme potencial en la zona con respecto a la matriz principalmente energ\u00e9tica -convencional y no convencional\u201d<\/em>, y remarc\u00f3 la necesidad de di\u00e1logo sobre la modalidad y las necesidades de formaci\u00f3n de recursos humanos cualificados, en funci\u00f3n de las demandas existentes. <em>\u201cDesde el INET estamos conformando equipos provinciales de CoPETyP (Consejos Provinciales de Educaci\u00f3n, Trabajo y Producci\u00f3n) donde el sector productivo, el sector representante de los trabajadores y Educaci\u00f3n acuerden sobre perfiles profesionales y necesidades, tanto de capacitaci\u00f3n laboral, formaci\u00f3n profesional y t\u00edtulos t\u00e9cnicos\u201d<\/em>, explic\u00f3.<\/p>\n<p>Por su parte, la titular de la cartera educativa local se\u00f1al\u00f3 que <em>\u201cla Patagonia tiene una uniformidad, pero tambi\u00e9n una diversidad riqu\u00edsima\u201d<\/em>. Sostuvo adem\u00e1s que <em>\u201csomos poseedores y custodios de una cantidad de recursos impresionante, renovables y no renovables, de una regi\u00f3n que tiene y abarca toda la zona ant\u00e1rtica y de las Islas Malvinas\u2026si queremos hacer soberan\u00eda concreta sobre los recursos, debemos construir fuentes de tecnolog\u00eda, de ciencia y conocimiento\u201d<\/em>, concluy\u00f3.<\/p>\n<p>Durante la jornada, las y los participantes se distribuyeron en diferentes mesas de trabajo simult\u00e1neas, en las que se trataron los siguientes temas: Agro; J\u00f3venes en la ETP; Aulas Talleres M\u00f3viles; Educaci\u00f3n Profesional Secundaria (EPS); Formaci\u00f3n Profesional; Planeamiento; CoPETyP; Formaci\u00f3n Docente Continua; G\u00e9nero; Discapacidad; Educaci\u00f3n Superior. En ellas, el equipo t\u00e9cnico del INET y los equipos jurisdiccionales analizaron el estado de situaci\u00f3n, compartieron experiencias, plantearon necesidades y requerimientos, perspectivas y propuestas para avanzar en la tem\u00e1tica espec\u00edfica. Las conclusiones ser\u00e1n sistematizadas y enviadas a los referentes t\u00e9cnico-pol\u00edticos de la ETP de cada jurisdicci\u00f3n.<\/p>\n<p>Previo al Encuentro, el equipo del INET visit\u00f3, acompa\u00f1ado de autoridades y referentes locales y jurisdiccionales, algunas instituciones de la zona: la Escuela de Biolog\u00eda Marina y Laboratorista N\u00b0 1, el N\u00facleo de Formaci\u00f3n Integral de Soberan\u00eda Laborales y Productivas de Caleta Olivia, y la Planta de Hidr\u00f3geno Verde, junto al Instituto Superior de Ense\u00f1anza T\u00e9cnica de Pico Truncado.<\/p>\n\n\t\t<style type=\"text\/css\">\n\t\t\t#gallery-2 {\n\t\t\t\tmargin: auto;\n\t\t\t}\n\t\t\t#gallery-2 .gallery-item {\n\t\t\t\tfloat: left;\n\t\t\t\tmargin-top: 10px;\n\t\t\t\ttext-align: center;\n\t\t\t\twidth: 33%;\n\t\t\t}\n\t\t\t#gallery-2 img {\n\t\t\t\tborder: 2px solid #cfcfcf;\n\t\t\t}\n\t\t\t#gallery-2 .gallery-caption {\n\t\t\t\tmargin-left: 0;\n\t\t\t}\n\t\t\t\/* see gallery_shortcode() in wp-includes\/media.php *\/\n\t\t<\/style>\n\t\t<div id='gallery-2' class='gallery galleryid-35962 gallery-columns-3 gallery-size-medium'><dl class='gallery-item'>\n\t\t\t<dt class='gallery-icon landscape'>\n\t\t\t\t<a href='https:\/\/www.inet.edu.ar\/index.php\/encuentro-regional-del-sur-de-la-educacion-tecnico-profesional\/whatsapp-image-2022-04-20-at-5-06-57-pm\/#main'><img loading=\"lazy\" decoding=\"async\" width=\"240\" height=\"180\" src=\"https:\/\/www.inet.edu.ar\/wp-content\/uploads\/2022\/04\/WhatsApp-Image-2022-04-20-at-5.06.57-PM-240x180.jpeg\" class=\"attachment-medium size-medium\" alt=\"\" srcset=\"https:\/\/www.inet.edu.ar\/wp-content\/uploads\/2022\/04\/WhatsApp-Image-2022-04-20-at-5.06.57-PM-240x180.jpeg 240w, https:\/\/www.inet.edu.ar\/wp-content\/uploads\/2022\/04\/WhatsApp-Image-2022-04-20-at-5.06.57-PM-768x576.jpeg 768w, https:\/\/www.inet.edu.ar\/wp-content\/uploads\/2022\/04\/WhatsApp-Image-2022-04-20-at-5.06.57-PM-468x351.jpeg 468w, https:\/\/www.inet.edu.ar\/wp-content\/uploads\/2022\/04\/WhatsApp-Image-2022-04-20-at-5.06.57-PM.jpeg 1600w\" sizes=\"auto, (max-width: 240px) 100vw, 240px\" \/><\/a>\n\t\t\t<\/dt><\/dl><dl class='gallery-item'>\n\t\t\t<dt class='gallery-icon landscape'>\n\t\t\t\t<a href='https:\/\/www.inet.edu.ar\/index.php\/encuentro-regional-del-sur-de-la-educacion-tecnico-profesional\/whatsapp-image-2022-04-20-at-5-06-59-pm\/#main'><img loading=\"lazy\" decoding=\"async\" width=\"240\" height=\"180\" src=\"https:\/\/www.inet.edu.ar\/wp-content\/uploads\/2022\/04\/WhatsApp-Image-2022-04-20-at-5.06.59-PM-240x180.jpeg\" class=\"attachment-medium size-medium\" alt=\"\" srcset=\"https:\/\/www.inet.edu.ar\/wp-content\/uploads\/2022\/04\/WhatsApp-Image-2022-04-20-at-5.06.59-PM-240x180.jpeg 240w, https:\/\/www.inet.edu.ar\/wp-content\/uploads\/2022\/04\/WhatsApp-Image-2022-04-20-at-5.06.59-PM-768x576.jpeg 768w, https:\/\/www.inet.edu.ar\/wp-content\/uploads\/2022\/04\/WhatsApp-Image-2022-04-20-at-5.06.59-PM-468x351.jpeg 468w, https:\/\/www.inet.edu.ar\/wp-content\/uploads\/2022\/04\/WhatsApp-Image-2022-04-20-at-5.06.59-PM.jpeg 1600w\" sizes=\"auto, (max-width: 240px) 100vw, 240px\" \/><\/a>\n\t\t\t<\/dt><\/dl><dl class='gallery-item'>\n\t\t\t<dt class='gallery-icon landscape'>\n\t\t\t\t<a href='https:\/\/www.inet.edu.ar\/index.php\/encuentro-regional-del-sur-de-la-educacion-tecnico-profesional\/whatsapp-image-2022-04-20-at-5-07-00-pm\/#main'><img loading=\"lazy\" decoding=\"async\" width=\"240\" height=\"180\" src=\"https:\/\/www.inet.edu.ar\/wp-content\/uploads\/2022\/04\/WhatsApp-Image-2022-04-20-at-5.07.00-PM-240x180.jpeg\" class=\"attachment-medium size-medium\" alt=\"\" srcset=\"https:\/\/www.inet.edu.ar\/wp-content\/uploads\/2022\/04\/WhatsApp-Image-2022-04-20-at-5.07.00-PM-240x180.jpeg 240w, https:\/\/www.inet.edu.ar\/wp-content\/uploads\/2022\/04\/WhatsApp-Image-2022-04-20-at-5.07.00-PM-768x576.jpeg 768w, https:\/\/www.inet.edu.ar\/wp-content\/uploads\/2022\/04\/WhatsApp-Image-2022-04-20-at-5.07.00-PM-468x351.jpeg 468w, https:\/\/www.inet.edu.ar\/wp-content\/uploads\/2022\/04\/WhatsApp-Image-2022-04-20-at-5.07.00-PM.jpeg 1600w\" sizes=\"auto, (max-width: 240px) 100vw, 240px\" \/><\/a>\n\t\t\t<\/dt><\/dl><br style=\"clear: both\" \/>\n\t\t<\/div>\n\n<p><strong><br \/>\nAcerca de los Encuentros Regionales de la Educaci\u00f3n T\u00e9cnico Profesional <\/strong><\/p>\n<p>Durante este a\u00f1o, se est\u00e1n realizando encuentros en las distintas regiones del pa\u00eds, organizados por el INET y los Ministerios de Educaci\u00f3n provinciales. Lo que se trabaje en ellos constituir\u00e1 la base de las agendas de la Comisi\u00f3n Federal de la ETP \u2013 en la que se discuten y acuerdan las propuestas de pol\u00edtica educativa propia de la modalidad.<\/p>\n<p>En estas jornadas se pretende abordar temas espec\u00edficos de cada regi\u00f3n; dar una discusi\u00f3n m\u00e1s amplia, profunda y concreta; recuperar la capacidad t\u00e9cnica en las provincias; establecer una agenda propia de la regi\u00f3n; y avanzar en definiciones. El objetivo es contemplar la pluralidad de las 24 jurisdicciones como forma federal de construir la pol\u00edtica p\u00fablica de la ETP, de acuerdo con el mandato determinado por la Ley 26.058.<\/p>\n","protected":false},"excerpt":{"rendered":"<p>Se realiz\u00f3 en Caleta Olivia, Santa Cruz, y cont\u00f3 con la participaci\u00f3n de ministros de Educaci\u00f3n de la regi\u00f3n El Instituto Nacional de Educaci\u00f3n Tecnol\u00f3gica (INET) realiz\u00f3 en Santa Cruz el Encuentro Regional del Sur con el fin de fortalecer los \u00e1mbitos de construcci\u00f3n federal de la pol\u00edtica p\u00fablica de la Educaci\u00f3n T\u00e9cnico Profesional (ETP). [&hellip;]<\/p>\n","protected":false},"author":7,"featured_media":35974,"comment_status":"closed","ping_status":"open","sticky":false,"template":"","format":"standard","meta":{"footnotes":""},"categories":[1,14],"tags":[],"class_list":["post-35962","post","type-post","status-publish","format-standard","has-post-thumbnail","hentry","category-noticias","category-noticias-fijas"],"_links":{"self":[{"href":"https:\/\/www.inet.edu.ar\/index.php\/wp-json\/wp\/v2\/posts\/35962","targetHints":{"allow":["GET"]}}],"collection":[{"href":"https:\/\/www.inet.edu.ar\/index.php\/wp-json\/wp\/v2\/posts"}],"about":[{"href":"https:\/\/www.inet.edu.ar\/index.php\/wp-json\/wp\/v2\/types\/post"}],"author":[{"embeddable":true,"href":"https:\/\/www.inet.edu.ar\/index.php\/wp-json\/wp\/v2\/users\/7"}],"replies":[{"embeddable":true,"href":"https:\/\/www.inet.edu.ar\/index.php\/wp-json\/wp\/v2\/comments?post=35962"}],"version-history":[{"count":3,"href":"https:\/\/www.inet.edu.ar\/index.php\/wp-json\/wp\/v2\/posts\/35962\/revisions"}],"predecessor-version":[{"id":35971,"href":"https:\/\/www.inet.edu.ar\/index.php\/wp-json\/wp\/v2\/posts\/35962\/revisions\/35971"}],"wp:featuredmedia":[{"embeddable":true,"href":"https:\/\/www.inet.edu.ar\/index.php\/wp-json\/wp\/v2\/media\/35974"}],"wp:attachment":[{"href":"https:\/\/www.inet.edu.ar\/index.php\/wp-json\/wp\/v2\/media?parent=35962"}],"wp:term":[{"taxonomy":"category","embeddable":true,"href":"https:\/\/www.inet.edu.ar\/index.php\/wp-json\/wp\/v2\/categories?post=35962"},{"taxonomy":"post_tag","embeddable":true,"href":"https:\/\/www.inet.edu.ar\/index.php\/wp-json\/wp\/v2\/tags?post=35962"}],"curies":[{"name":"wp","href":"https:\/\/api.w.org\/{rel}","templated":true}]}}