{"id":36274,"date":"2022-07-10T18:02:25","date_gmt":"2022-07-10T21:02:25","guid":{"rendered":"https:\/\/www.inet.edu.ar\/?p=36274"},"modified":"2022-07-11T12:31:25","modified_gmt":"2022-07-11T15:31:25","slug":"etp-y-economia-social-encuentros-regionales","status":"publish","type":"post","link":"https:\/\/www.inet.edu.ar\/index.php\/etp-y-economia-social-encuentros-regionales\/","title":{"rendered":"ETP y sector social de la econom\u00eda: encuentros regionales"},"content":{"rendered":"<p>Desde el INET se est\u00e1n organizando encuentros regionales con equipos de las diferentes jurisdicciones con el fin de construir una agenda de trabajo federal sobre Educaci\u00f3n T\u00e9cnico Profesional (ETP) y el sector de econom\u00eda social.<\/p>\n<p>Los eventos tuvieron lugar de manera virtual y contaron con la participaci\u00f3n de la directora nacional de Educaci\u00f3n, Trabajo y Producci\u00f3n (ETyP), Nora Estrada; referentes t\u00e9cnico-pol\u00edticos de la ETP; y equipos t\u00e9cnicos del INET y jurisdiccionales.<\/p>\n<p>En cada uno, se compartieron las problem\u00e1ticas, as\u00ed como las iniciativas actuales e hist\u00f3ricas realizadas por el Ministerio de Educaci\u00f3n de la Naci\u00f3n, el INET y las carteras educativas de cada provincia. Se plante\u00f3 la necesidad de organizar m\u00e1s acciones con los municipios y comunas, y articular con organizaciones sociales vinculadas al sector; y adem\u00e1s de tener planes de referencia propios.<\/p>\n<p>Hoy la econom\u00eda social, popular y solidaria cumple un rol fundamental. Desde el INET queremos fortalecer su v\u00ednculo con la ETP, desde la construcci\u00f3n de un programa federal que considere y valore las realidades locales. Trabajaremos en la formaci\u00f3n de perfiles profesionales, y en la capacitaci\u00f3n y formaci\u00f3n, entre otras acciones.<\/p>\n\n\t\t<style type=\"text\/css\">\n\t\t\t#gallery-1 {\n\t\t\t\tmargin: auto;\n\t\t\t}\n\t\t\t#gallery-1 .gallery-item {\n\t\t\t\tfloat: left;\n\t\t\t\tmargin-top: 10px;\n\t\t\t\ttext-align: center;\n\t\t\t\twidth: 100%;\n\t\t\t}\n\t\t\t#gallery-1 img {\n\t\t\t\tborder: 2px solid #cfcfcf;\n\t\t\t}\n\t\t\t#gallery-1 .gallery-caption {\n\t\t\t\tmargin-left: 0;\n\t\t\t}\n\t\t\t\/* see gallery_shortcode() in wp-includes\/media.php *\/\n\t\t<\/style>\n\t\t<div id='gallery-1' class='gallery galleryid-36274 gallery-columns-1 gallery-size-large'><dl class='gallery-item'>\n\t\t\t<dt class='gallery-icon landscape'>\n\t\t\t\t<a href='https:\/\/www.inet.edu.ar\/index.php\/etp-y-economia-social-encuentros-regionales\/whatsapp-image-2022-07-07-at-11-48-37-am\/#main'><img loading=\"lazy\" decoding=\"async\" width=\"468\" height=\"211\" src=\"https:\/\/www.inet.edu.ar\/wp-content\/uploads\/2022\/07\/WhatsApp-Image-2022-07-07-at-11.48.37-AM-468x211.jpeg\" class=\"attachment-large size-large\" alt=\"\" srcset=\"https:\/\/www.inet.edu.ar\/wp-content\/uploads\/2022\/07\/WhatsApp-Image-2022-07-07-at-11.48.37-AM-468x211.jpeg 468w, https:\/\/www.inet.edu.ar\/wp-content\/uploads\/2022\/07\/WhatsApp-Image-2022-07-07-at-11.48.37-AM-240x108.jpeg 240w, https:\/\/www.inet.edu.ar\/wp-content\/uploads\/2022\/07\/WhatsApp-Image-2022-07-07-at-11.48.37-AM-768x346.jpeg 768w, https:\/\/www.inet.edu.ar\/wp-content\/uploads\/2022\/07\/WhatsApp-Image-2022-07-07-at-11.48.37-AM.jpeg 1600w\" sizes=\"auto, (max-width: 468px) 100vw, 468px\" \/><\/a>\n\t\t\t<\/dt><\/dl><br style=\"clear: both\" \/>\n\t\t<\/div>\n\n","protected":false},"excerpt":{"rendered":"<p>Desde el INET se est\u00e1n organizando encuentros regionales con equipos de las diferentes jurisdicciones con el fin de construir una agenda de trabajo federal sobre Educaci\u00f3n T\u00e9cnico Profesional (ETP) y el sector de econom\u00eda social. Los eventos tuvieron lugar de manera virtual y contaron con la participaci\u00f3n de la directora nacional de Educaci\u00f3n, Trabajo y [&hellip;]<\/p>\n","protected":false},"author":7,"featured_media":36278,"comment_status":"closed","ping_status":"open","sticky":false,"template":"","format":"standard","meta":{"footnotes":""},"categories":[1,14],"tags":[],"class_list":["post-36274","post","type-post","status-publish","format-standard","has-post-thumbnail","hentry","category-noticias","category-noticias-fijas"],"_links":{"self":[{"href":"https:\/\/www.inet.edu.ar\/index.php\/wp-json\/wp\/v2\/posts\/36274","targetHints":{"allow":["GET"]}}],"collection":[{"href":"https:\/\/www.inet.edu.ar\/index.php\/wp-json\/wp\/v2\/posts"}],"about":[{"href":"https:\/\/www.inet.edu.ar\/index.php\/wp-json\/wp\/v2\/types\/post"}],"author":[{"embeddable":true,"href":"https:\/\/www.inet.edu.ar\/index.php\/wp-json\/wp\/v2\/users\/7"}],"replies":[{"embeddable":true,"href":"https:\/\/www.inet.edu.ar\/index.php\/wp-json\/wp\/v2\/comments?post=36274"}],"version-history":[{"count":5,"href":"https:\/\/www.inet.edu.ar\/index.php\/wp-json\/wp\/v2\/posts\/36274\/revisions"}],"predecessor-version":[{"id":36287,"href":"https:\/\/www.inet.edu.ar\/index.php\/wp-json\/wp\/v2\/posts\/36274\/revisions\/36287"}],"wp:featuredmedia":[{"embeddable":true,"href":"https:\/\/www.inet.edu.ar\/index.php\/wp-json\/wp\/v2\/media\/36278"}],"wp:attachment":[{"href":"https:\/\/www.inet.edu.ar\/index.php\/wp-json\/wp\/v2\/media?parent=36274"}],"wp:term":[{"taxonomy":"category","embeddable":true,"href":"https:\/\/www.inet.edu.ar\/index.php\/wp-json\/wp\/v2\/categories?post=36274"},{"taxonomy":"post_tag","embeddable":true,"href":"https:\/\/www.inet.edu.ar\/index.php\/wp-json\/wp\/v2\/tags?post=36274"}],"curies":[{"name":"wp","href":"https:\/\/api.w.org\/{rel}","templated":true}]}}