{"id":36280,"date":"2022-07-07T18:24:03","date_gmt":"2022-07-07T21:24:03","guid":{"rendered":"https:\/\/www.inet.edu.ar\/?p=36280"},"modified":"2022-07-07T18:24:03","modified_gmt":"2022-07-07T21:24:03","slug":"jovenes-en-la-etp-encuentros-con-centros-de-estudiantes","status":"publish","type":"post","link":"https:\/\/www.inet.edu.ar\/index.php\/jovenes-en-la-etp-encuentros-con-centros-de-estudiantes\/","title":{"rendered":"J\u00f3venes en la ETP: encuentros con centros de estudiantes"},"content":{"rendered":"<p style=\"text-align: center;\"><em>ESI, Derechos Humanos, Soberan\u00eda Tecnol\u00f3gica son algunos de los temas de discusi\u00f3n<\/em><\/p>\n<p>Con el objetivo de propiciar la participaci\u00f3n estudiantil en las discusiones de pol\u00edtica p\u00fablica de la Educaci\u00f3n T\u00e9cnico Profesional (ETP), representantes del \u00e1rea de J\u00f3venes del Instituto Nacional de Educaci\u00f3n Tecnol\u00f3gica (INET) est\u00e1n realizando encuentros con centros de estudiantes y representantes de j\u00f3venes en la ETP de las diferentes jurisdicciones.<\/p>\n<p>Estos encuentros forman parte de la agenda de la Mesa Nacional de J\u00f3venes en la ETP, a trav\u00e9s de la cual el INET y las jurisdicciones fomentan la participaci\u00f3n institucional de los y las estudiantes a nivel provincial y federal con el fin de incorporar sus visiones e ideas, garantizando la representatividad estudiantil de todas las jurisdicciones (<a href=\"https:\/\/www.inet.edu.ar\/wp-content\/uploads\/2022\/03\/DI-2021-124816182-APN-INETME-CREACION-MESA-NACIONAL-DE-JOVENS.pdf\" target=\"_blank\" rel=\"noopener\">Disposici\u00f3n INET N\u00b0 1445\/21<\/a>) y promoviendo y consolidando la conformaci\u00f3n de centros de estudiantes en instituciones de la modalidad.<\/p>\n<p>En simultaneo con el trabajo llevado adelante a nivel jurisdiccional, en provincia de Buenos Aires, tuvo lugar un encuentro distrital con los centros de estudiantes de las 9 escuelas de la ETP de Avellaneda, en el que 140 j\u00f3venes de escuelas secundarias t\u00e9cnicas trataron temas como la implementaci\u00f3n de la Educaci\u00f3n Sexual Integral (ESI), Derechos Humanos, y Soberan\u00eda Tecnol\u00f3gica. En diferentes comisiones, las y los participantes analizaron el estado de situaci\u00f3n, compartieron experiencias, y plantearon propuestas a los temas tratados.<\/p>\n\n\t\t<style type=\"text\/css\">\n\t\t\t#gallery-1 {\n\t\t\t\tmargin: auto;\n\t\t\t}\n\t\t\t#gallery-1 .gallery-item {\n\t\t\t\tfloat: left;\n\t\t\t\tmargin-top: 10px;\n\t\t\t\ttext-align: center;\n\t\t\t\twidth: 100%;\n\t\t\t}\n\t\t\t#gallery-1 img {\n\t\t\t\tborder: 2px solid #cfcfcf;\n\t\t\t}\n\t\t\t#gallery-1 .gallery-caption {\n\t\t\t\tmargin-left: 0;\n\t\t\t}\n\t\t\t\/* see gallery_shortcode() in wp-includes\/media.php *\/\n\t\t<\/style>\n\t\t<div id='gallery-1' class='gallery galleryid-36280 gallery-columns-1 gallery-size-large'><dl class='gallery-item'>\n\t\t\t<dt class='gallery-icon landscape'>\n\t\t\t\t<a href='https:\/\/www.inet.edu.ar\/index.php\/jovenes-en-la-etp-encuentros-con-centros-de-estudiantes\/dsc_0068-2\/#main'><img loading=\"lazy\" decoding=\"async\" width=\"468\" height=\"312\" src=\"https:\/\/www.inet.edu.ar\/wp-content\/uploads\/2022\/07\/DSC_0068-468x312.jpg\" class=\"attachment-large size-large\" alt=\"\" srcset=\"https:\/\/www.inet.edu.ar\/wp-content\/uploads\/2022\/07\/DSC_0068-468x312.jpg 468w, https:\/\/www.inet.edu.ar\/wp-content\/uploads\/2022\/07\/DSC_0068-150x100.jpg 150w, https:\/\/www.inet.edu.ar\/wp-content\/uploads\/2022\/07\/DSC_0068-240x160.jpg 240w, https:\/\/www.inet.edu.ar\/wp-content\/uploads\/2022\/07\/DSC_0068-768x512.jpg 768w\" sizes=\"auto, (max-width: 468px) 100vw, 468px\" \/><\/a>\n\t\t\t<\/dt><\/dl><br style=\"clear: both\" \/>\n\t\t<\/div>\n\n","protected":false},"excerpt":{"rendered":"<p>ESI, Derechos Humanos, Soberan\u00eda Tecnol\u00f3gica son algunos de los temas de discusi\u00f3n Con el objetivo de propiciar la participaci\u00f3n estudiantil en las discusiones de pol\u00edtica p\u00fablica de la Educaci\u00f3n T\u00e9cnico Profesional (ETP), representantes del \u00e1rea de J\u00f3venes del Instituto Nacional de Educaci\u00f3n Tecnol\u00f3gica (INET) est\u00e1n realizando encuentros con centros de estudiantes y representantes de j\u00f3venes [&hellip;]<\/p>\n","protected":false},"author":7,"featured_media":36282,"comment_status":"closed","ping_status":"open","sticky":false,"template":"","format":"standard","meta":{"footnotes":""},"categories":[1,14],"tags":[],"class_list":["post-36280","post","type-post","status-publish","format-standard","has-post-thumbnail","hentry","category-noticias","category-noticias-fijas"],"_links":{"self":[{"href":"https:\/\/www.inet.edu.ar\/index.php\/wp-json\/wp\/v2\/posts\/36280","targetHints":{"allow":["GET"]}}],"collection":[{"href":"https:\/\/www.inet.edu.ar\/index.php\/wp-json\/wp\/v2\/posts"}],"about":[{"href":"https:\/\/www.inet.edu.ar\/index.php\/wp-json\/wp\/v2\/types\/post"}],"author":[{"embeddable":true,"href":"https:\/\/www.inet.edu.ar\/index.php\/wp-json\/wp\/v2\/users\/7"}],"replies":[{"embeddable":true,"href":"https:\/\/www.inet.edu.ar\/index.php\/wp-json\/wp\/v2\/comments?post=36280"}],"version-history":[{"count":3,"href":"https:\/\/www.inet.edu.ar\/index.php\/wp-json\/wp\/v2\/posts\/36280\/revisions"}],"predecessor-version":[{"id":36285,"href":"https:\/\/www.inet.edu.ar\/index.php\/wp-json\/wp\/v2\/posts\/36280\/revisions\/36285"}],"wp:featuredmedia":[{"embeddable":true,"href":"https:\/\/www.inet.edu.ar\/index.php\/wp-json\/wp\/v2\/media\/36282"}],"wp:attachment":[{"href":"https:\/\/www.inet.edu.ar\/index.php\/wp-json\/wp\/v2\/media?parent=36280"}],"wp:term":[{"taxonomy":"category","embeddable":true,"href":"https:\/\/www.inet.edu.ar\/index.php\/wp-json\/wp\/v2\/categories?post=36280"},{"taxonomy":"post_tag","embeddable":true,"href":"https:\/\/www.inet.edu.ar\/index.php\/wp-json\/wp\/v2\/tags?post=36280"}],"curies":[{"name":"wp","href":"https:\/\/api.w.org\/{rel}","templated":true}]}}