{"id":36293,"date":"2022-07-15T10:54:08","date_gmt":"2022-07-15T13:54:08","guid":{"rendered":"https:\/\/www.inet.edu.ar\/?p=36293"},"modified":"2022-07-15T16:24:41","modified_gmt":"2022-07-15T19:24:41","slug":"nueva-mesa-federal-de-formacion-profesional-y-discapacidad","status":"publish","type":"post","link":"https:\/\/www.inet.edu.ar\/index.php\/nueva-mesa-federal-de-formacion-profesional-y-discapacidad\/","title":{"rendered":"Nueva Mesa federal de Formaci\u00f3n Profesional y Discapacidad"},"content":{"rendered":"<p align=\"center\"><i>La tem\u00e1tica gir\u00f3 en torno al fortalecimiento de entornos formativos y pr\u00e1cticas de ense\u00f1anza \u00a0<\/i><\/p>\n<p>Con el fin de continuar con las acciones que se vienen llevando a cabo sobre Formaci\u00f3n Profesional y discapacidad, el Instituto Nacional de Educaci\u00f3n Tecnol\u00f3gica (INET) organiz\u00f3 un nueva Mesa Federal virtual, en la que participaron referentes de todo el pa\u00eds.<\/p>\n<p>Estuvo encabezada por la directora nacional de Educaci\u00f3n, Trabajo y Producci\u00f3n, Nora Estrada. Participaron referentes de las 24 jurisdicciones y equipo t\u00e9cnico del Programa Educaci\u00f3n para el Trabajo y la Inclusi\u00f3n Social (PrETIS) del INET.<\/p>\n<p>La diagramaci\u00f3n de pol\u00edticas p\u00fablicas para fortalecer entornos formativos y pr\u00e1cticas de ense\u00f1anza en las instituciones fue el eje central del encuentro virtual.<\/p>\n<p>Junto a las carteras educativas jurisdiccionales, se est\u00e1 elaborando un instrumento de relevamiento de las acciones y condiciones de accesibilidad (edilicia, comunicacional, curricular) de los centros de Formaci\u00f3n Profesional, con el objetivo de construir acciones comunes que fortalezcan las pr\u00e1cticas inclusivas.<\/p>\n<p>Desde el INET buscamos garantizar el derecho a la educaci\u00f3n para todas las personas. Para promover la inclusi\u00f3n, debemos trabajar sobre el entorno, las estrategias pedag\u00f3gicas y proveer apoyo y derribar las barreras tanto arquitect\u00f3nicas como institucionales en los procesos de ense\u00f1anza y aprendizaje.<\/p>\n<p>Con esta Mesa se fortalece el trabajo conjunto por una educaci\u00f3n inclusiva dentro de las instituciones de Formaci\u00f3n Profesional.<\/p>\n\n\t\t<style type=\"text\/css\">\n\t\t\t#gallery-1 {\n\t\t\t\tmargin: auto;\n\t\t\t}\n\t\t\t#gallery-1 .gallery-item {\n\t\t\t\tfloat: left;\n\t\t\t\tmargin-top: 10px;\n\t\t\t\ttext-align: center;\n\t\t\t\twidth: 50%;\n\t\t\t}\n\t\t\t#gallery-1 img {\n\t\t\t\tborder: 2px solid #cfcfcf;\n\t\t\t}\n\t\t\t#gallery-1 .gallery-caption {\n\t\t\t\tmargin-left: 0;\n\t\t\t}\n\t\t\t\/* see gallery_shortcode() in wp-includes\/media.php *\/\n\t\t<\/style>\n\t\t<div id='gallery-1' class='gallery galleryid-36293 gallery-columns-2 gallery-size-medium'><dl class='gallery-item'>\n\t\t\t<dt class='gallery-icon landscape'>\n\t\t\t\t<a href='https:\/\/www.inet.edu.ar\/index.php\/nueva-mesa-federal-de-formacion-profesional-y-discapacidad\/mesa-fp-y-discapacidad-ppt\/#main'><img loading=\"lazy\" decoding=\"async\" width=\"240\" height=\"133\" src=\"https:\/\/www.inet.edu.ar\/wp-content\/uploads\/2022\/07\/mesa-fp-y-discapacidad-ppt-240x133.gif\" class=\"attachment-medium size-medium\" alt=\"\" srcset=\"https:\/\/www.inet.edu.ar\/wp-content\/uploads\/2022\/07\/mesa-fp-y-discapacidad-ppt-240x133.gif 240w, https:\/\/www.inet.edu.ar\/wp-content\/uploads\/2022\/07\/mesa-fp-y-discapacidad-ppt-768x424.gif 768w, https:\/\/www.inet.edu.ar\/wp-content\/uploads\/2022\/07\/mesa-fp-y-discapacidad-ppt-468x258.gif 468w\" sizes=\"auto, (max-width: 240px) 100vw, 240px\" \/><\/a>\n\t\t\t<\/dt><\/dl><dl class='gallery-item'>\n\t\t\t<dt class='gallery-icon landscape'>\n\t\t\t\t<a href='https:\/\/www.inet.edu.ar\/index.php\/nueva-mesa-federal-de-formacion-profesional-y-discapacidad\/whatsapp-image-2022-07-14-at-9-40-01-am\/#main'><img loading=\"lazy\" decoding=\"async\" width=\"240\" height=\"133\" src=\"https:\/\/www.inet.edu.ar\/wp-content\/uploads\/2022\/07\/WhatsApp-Image-2022-07-14-at-9.40.01-AM-240x133.jpeg\" class=\"attachment-medium size-medium\" alt=\"\" srcset=\"https:\/\/www.inet.edu.ar\/wp-content\/uploads\/2022\/07\/WhatsApp-Image-2022-07-14-at-9.40.01-AM-240x133.jpeg 240w, https:\/\/www.inet.edu.ar\/wp-content\/uploads\/2022\/07\/WhatsApp-Image-2022-07-14-at-9.40.01-AM-768x424.jpeg 768w, https:\/\/www.inet.edu.ar\/wp-content\/uploads\/2022\/07\/WhatsApp-Image-2022-07-14-at-9.40.01-AM-468x258.jpeg 468w, https:\/\/www.inet.edu.ar\/wp-content\/uploads\/2022\/07\/WhatsApp-Image-2022-07-14-at-9.40.01-AM.jpeg 1280w\" sizes=\"auto, (max-width: 240px) 100vw, 240px\" \/><\/a>\n\t\t\t<\/dt><\/dl><br style=\"clear: both\" \/>\n\t\t<\/div>\n\n","protected":false},"excerpt":{"rendered":"<p>La tem\u00e1tica gir\u00f3 en torno al fortalecimiento de entornos formativos y pr\u00e1cticas de ense\u00f1anza \u00a0 Con el fin de continuar con las acciones que se vienen llevando a cabo sobre Formaci\u00f3n Profesional y discapacidad, el Instituto Nacional de Educaci\u00f3n Tecnol\u00f3gica (INET) organiz\u00f3 un nueva Mesa Federal virtual, en la que participaron referentes de todo el [&hellip;]<\/p>\n","protected":false},"author":7,"featured_media":36295,"comment_status":"closed","ping_status":"open","sticky":false,"template":"","format":"standard","meta":{"footnotes":""},"categories":[1,14],"tags":[],"class_list":["post-36293","post","type-post","status-publish","format-standard","has-post-thumbnail","hentry","category-noticias","category-noticias-fijas"],"_links":{"self":[{"href":"https:\/\/www.inet.edu.ar\/index.php\/wp-json\/wp\/v2\/posts\/36293","targetHints":{"allow":["GET"]}}],"collection":[{"href":"https:\/\/www.inet.edu.ar\/index.php\/wp-json\/wp\/v2\/posts"}],"about":[{"href":"https:\/\/www.inet.edu.ar\/index.php\/wp-json\/wp\/v2\/types\/post"}],"author":[{"embeddable":true,"href":"https:\/\/www.inet.edu.ar\/index.php\/wp-json\/wp\/v2\/users\/7"}],"replies":[{"embeddable":true,"href":"https:\/\/www.inet.edu.ar\/index.php\/wp-json\/wp\/v2\/comments?post=36293"}],"version-history":[{"count":4,"href":"https:\/\/www.inet.edu.ar\/index.php\/wp-json\/wp\/v2\/posts\/36293\/revisions"}],"predecessor-version":[{"id":36308,"href":"https:\/\/www.inet.edu.ar\/index.php\/wp-json\/wp\/v2\/posts\/36293\/revisions\/36308"}],"wp:featuredmedia":[{"embeddable":true,"href":"https:\/\/www.inet.edu.ar\/index.php\/wp-json\/wp\/v2\/media\/36295"}],"wp:attachment":[{"href":"https:\/\/www.inet.edu.ar\/index.php\/wp-json\/wp\/v2\/media?parent=36293"}],"wp:term":[{"taxonomy":"category","embeddable":true,"href":"https:\/\/www.inet.edu.ar\/index.php\/wp-json\/wp\/v2\/categories?post=36293"},{"taxonomy":"post_tag","embeddable":true,"href":"https:\/\/www.inet.edu.ar\/index.php\/wp-json\/wp\/v2\/tags?post=36293"}],"curies":[{"name":"wp","href":"https:\/\/api.w.org\/{rel}","templated":true}]}}