{"id":36393,"date":"2022-08-12T22:01:41","date_gmt":"2022-08-13T01:01:41","guid":{"rendered":"https:\/\/www.inet.edu.ar\/?p=36393"},"modified":"2022-08-16T11:30:03","modified_gmt":"2022-08-16T14:30:03","slug":"perczyk-la-escuela-tecnica-es-un-eje-central-del-sistema-educativo-y-del-desarrollo-del-pais","status":"publish","type":"post","link":"https:\/\/www.inet.edu.ar\/index.php\/perczyk-la-escuela-tecnica-es-un-eje-central-del-sistema-educativo-y-del-desarrollo-del-pais\/","title":{"rendered":"Perczyk: \u201cLa escuela t\u00e9cnica es un eje central del sistema educativo y del desarrollo del pa\u00eds\u201d"},"content":{"rendered":"<p style=\"text-align: center;\"><em>El ministro de Educaci\u00f3n de la Naci\u00f3n, Jaime Perczyk, asegur\u00f3 hoy que \u201cla educaci\u00f3n t\u00e9cnica es un eje central del sistema educativo y de la pol\u00edtica argentina\u201d y sostuvo que \u201cpara su equipamiento y la formaci\u00f3n de las y los j\u00f3venes se requiere de una inversi\u00f3n permanente\u201d, luego de firmar en Misiones los convenios para la ampliaci\u00f3n de tres escuelas t\u00e9cnicas de esa provincia en el cierre del Congreso Regional de Educaci\u00f3n T\u00e9cnica NEA \u2013 INET.<\/em><\/p>\n<p>Perczyk firm\u00f3 adem\u00e1s con el gobernador de la provincia, Oscar Herrera Ahuad, y el ministro de Educaci\u00f3n, Miguel Sedoff, los convenios para la ampliaci\u00f3n de tres escuelas de Educaci\u00f3n T\u00e9cnica en esa provincia y la entrega de aportes econ\u00f3micos para m\u00e1s de cien establecimientos de ese tipo.<\/p>\n<p>En el acto, estuvieron presentes tambi\u00e9n el ministro de Ambiente y Desarrollo Sostenible, Juan Cabandi\u00e9; el vicegobernador de Misiones, Carlos Arce, e intendentes y autoridades locales.<\/p>\n<p>Perczyk agreg\u00f3 que <em>\u201cla Argentina necesita que haya trabajo, producci\u00f3n agroindustrial, industrial y para eso hace falta en todo el pa\u00eds que haya t\u00e9cnicas y t\u00e9cnicos\u201d<\/em>.<\/p>\n<p><em>\u201cPara eso se necesita de inversiones en obras, en recursos para que las escuelas puedan desarrollar sus talleres, sus recursos formativos; de becas y mochilas t\u00e9cnicas y de una inversi\u00f3n permanente para la tecnolog\u00eda que todos los a\u00f1os aparece y hay que adquirirla y tenerla\u201d<\/em>, agreg\u00f3.<\/p>\n<p>Destac\u00f3 que <em>\u201clas escuelas t\u00e9cnicas, los centros de formaci\u00f3n profesional, los institutos superiores y los bachilleratos profesionales de secundaria son parte de la agenda federal que la Argentina tiene que tener. Es un trabajo que hacemos todas y todos, todos los d\u00edas\u201d<\/em>.<\/p>\n<p><em>\u201cA mitad de a\u00f1o anunciamos la construcci\u00f3n de 100 escuelas t\u00e9cnicas nuevas en todo el pa\u00eds y eso tambi\u00e9n es una necesidad que tiene la Argentina para ser un pa\u00eds en v\u00edas de industrializaci\u00f3n\u201d<\/em>, consign\u00f3.<\/p>\n<p>Perczyk plante\u00f3 que <em>\u201cun pa\u00eds federal demanda una gran cantidad de escuelas t\u00e9cnicas y eso son edificios, son docentes, estudiantes y es una inversi\u00f3n muy grande que hay que hacer. No hay manera de desarrollarnos si no tenemos esa inversi\u00f3n\u201d<\/em>.<\/p>\n<p>Durante su visita a Misiones, el Ministro de Educaci\u00f3n entreg\u00f3 adem\u00e1s aportes econ\u00f3micos para escuelas de la Educaci\u00f3n T\u00e9cnico Profesional (ETP), visit\u00f3 un Aula taller M\u00f3vil (ATM); entreg\u00f3 computadoras, impresoras, mochilas para estudiantes de Enfermer\u00eda y equipamiento y particip\u00f3 de la inauguraci\u00f3n de un nuevo establecimiento educativo de nivel inicial.<\/p>\n<p>Por su parte, el gobernador de Misiones sostuvo que \u201cen una provincia biodiversa como la nuestra tenemos diferentes realidades y matrices productivas\u201d.<\/p>\n<p>\u201cAqu\u00ed, las escuelas t\u00e9cnicas, los tr\u00e1ilers, han generado y han dado la oportunidad a miles y miles de alumnos, j\u00f3venes e hijos de colonos, de formarse, crecer y desarrollarse en su propio ambiente y no tener que trasladarse a las grandes ciudades para poder capacitarse en materia t\u00e9cnica. Eso es una fortaleza fundamental porque favorece al arraigo y a la educaci\u00f3n\u201d, resalt\u00f3.<\/p>\n<p>Adem\u00e1s, asegur\u00f3 que desde la provincia se apuesta a la educaci\u00f3n t\u00e9cnica y que lo firmado hoy <em>\u201ces un verdadero acto de igualdad de oportunidades y justicia social\u201d<\/em>.<\/p>\n<p>En tanto, el ministro de Educaci\u00f3n de Misiones agradeci\u00f3 la visita de Perczyk y sostuvo que <em>\u201cla entrega de mochilas para enfermer\u00eda, materiales para escuelas t\u00e9cnicas y las inauguraciones implican la proliferaci\u00f3n dedos l\u00edneas muy importantes: la primera infancia y la necesidad de atender con seriedad aquellas poblaciones vulnerables, como la de Eldorado, para que puedan tener infraestructura y llevar a sus hijos a la escuela e insertarse en el sistema educativo\u201d<\/em>.<\/p>\n<p>Perczyk recorri\u00f3 tambi\u00e9n la Escuela Provincial de Educaci\u00f3n T\u00e9cnica N\u00b06 donde entreg\u00f3 10 impresoras 3D, 2 tractores, 4 equipamientos para alumnas y alumnos de Gastronom\u00eda, 5 soldadoras y 21 computadores para escuelas t\u00e9cnicas.<\/p>\n<p>En Misiones, un total de 128 instituciones de la Educaci\u00f3n T\u00e9cnico Profesional recibir\u00e1n fondos por m\u00e1s de 217 millones de pesos para equipamiento de talleres, laboratorios y espacios productivos correspondientes al Programa de Formaci\u00f3n de J\u00f3venes Argentinos para el Trabajo (FORJAR).<\/p>\n<p>Acompa\u00f1aron al ministro Perczyk en su visita por Misiones el director ejecutivo del INET, Gerardo Marchesini, y el Asesor Ejecutivo del Ministerio de Educaci\u00f3n de la Naci\u00f3n, Mario Caputo.<\/p>\n<p><a href=\"https:\/\/www.inet.edu.ar\/wp-content\/uploads\/2022\/08\/uE2BaHtw.jpeg\"><img loading=\"lazy\" decoding=\"async\" class=\"aligncenter wp-image-36395 size-large\" src=\"https:\/\/www.inet.edu.ar\/wp-content\/uploads\/2022\/08\/uE2BaHtw-468x312.jpeg\" alt=\"\" width=\"468\" height=\"312\" srcset=\"https:\/\/www.inet.edu.ar\/wp-content\/uploads\/2022\/08\/uE2BaHtw-468x312.jpeg 468w, https:\/\/www.inet.edu.ar\/wp-content\/uploads\/2022\/08\/uE2BaHtw-150x100.jpeg 150w, https:\/\/www.inet.edu.ar\/wp-content\/uploads\/2022\/08\/uE2BaHtw-240x160.jpeg 240w, https:\/\/www.inet.edu.ar\/wp-content\/uploads\/2022\/08\/uE2BaHtw-768x512.jpeg 768w\" sizes=\"auto, (max-width: 468px) 100vw, 468px\" \/><\/a><\/p>\n","protected":false},"excerpt":{"rendered":"<p>El ministro de Educaci\u00f3n de la Naci\u00f3n, Jaime Perczyk, asegur\u00f3 hoy que \u201cla educaci\u00f3n t\u00e9cnica es un eje central del sistema educativo y de la pol\u00edtica argentina\u201d y sostuvo que \u201cpara su equipamiento y la formaci\u00f3n de las y los j\u00f3venes se requiere de una inversi\u00f3n permanente\u201d, luego de firmar en Misiones los convenios para [&hellip;]<\/p>\n","protected":false},"author":7,"featured_media":36397,"comment_status":"closed","ping_status":"open","sticky":false,"template":"","format":"standard","meta":{"footnotes":""},"categories":[1,14],"tags":[],"class_list":["post-36393","post","type-post","status-publish","format-standard","has-post-thumbnail","hentry","category-noticias","category-noticias-fijas"],"_links":{"self":[{"href":"https:\/\/www.inet.edu.ar\/index.php\/wp-json\/wp\/v2\/posts\/36393","targetHints":{"allow":["GET"]}}],"collection":[{"href":"https:\/\/www.inet.edu.ar\/index.php\/wp-json\/wp\/v2\/posts"}],"about":[{"href":"https:\/\/www.inet.edu.ar\/index.php\/wp-json\/wp\/v2\/types\/post"}],"author":[{"embeddable":true,"href":"https:\/\/www.inet.edu.ar\/index.php\/wp-json\/wp\/v2\/users\/7"}],"replies":[{"embeddable":true,"href":"https:\/\/www.inet.edu.ar\/index.php\/wp-json\/wp\/v2\/comments?post=36393"}],"version-history":[{"count":4,"href":"https:\/\/www.inet.edu.ar\/index.php\/wp-json\/wp\/v2\/posts\/36393\/revisions"}],"predecessor-version":[{"id":36399,"href":"https:\/\/www.inet.edu.ar\/index.php\/wp-json\/wp\/v2\/posts\/36393\/revisions\/36399"}],"wp:featuredmedia":[{"embeddable":true,"href":"https:\/\/www.inet.edu.ar\/index.php\/wp-json\/wp\/v2\/media\/36397"}],"wp:attachment":[{"href":"https:\/\/www.inet.edu.ar\/index.php\/wp-json\/wp\/v2\/media?parent=36393"}],"wp:term":[{"taxonomy":"category","embeddable":true,"href":"https:\/\/www.inet.edu.ar\/index.php\/wp-json\/wp\/v2\/categories?post=36393"},{"taxonomy":"post_tag","embeddable":true,"href":"https:\/\/www.inet.edu.ar\/index.php\/wp-json\/wp\/v2\/tags?post=36393"}],"curies":[{"name":"wp","href":"https:\/\/api.w.org\/{rel}","templated":true}]}}