{"id":36423,"date":"2022-08-19T16:37:09","date_gmt":"2022-08-19T19:37:09","guid":{"rendered":"https:\/\/www.inet.edu.ar\/?p=36423"},"modified":"2022-08-19T16:53:16","modified_gmt":"2022-08-19T19:53:16","slug":"ii-encuentro-regional-de-la-educacion-tecnico-profesional-en-misiones","status":"publish","type":"post","link":"https:\/\/www.inet.edu.ar\/index.php\/ii-encuentro-regional-de-la-educacion-tecnico-profesional-en-misiones\/","title":{"rendered":"II Encuentro Regional de la Educaci\u00f3n T\u00e9cnico Profesional en Misiones"},"content":{"rendered":"<p style=\"text-align: center;\"><em>El cierre cont\u00f3 con la presencia del ministro de Educaci\u00f3n de la Naci\u00f3n Jaime Perczyk, quien firm\u00f3 convenios para la ampliaci\u00f3n de escuelas t\u00e9cnicas de la provincia y para la entrega de un aporte extraordinario para el desarrollo de la modalidad en la regi\u00f3n<\/em><\/p>\n<p>Con el fin de continuar fortaleciendo la participaci\u00f3n e integraci\u00f3n federal de la Educaci\u00f3n T\u00e9cnico Profesional (ETP), se realiz\u00f3 el <strong>II Encuentro de la Regi\u00f3n NEA<\/strong> en Puerto Iguaz\u00fa. Cont\u00f3 con la participaci\u00f3n de referentes t\u00e9cnico-pol\u00edticos y equipos t\u00e9cnicos de las provincias de Misiones, Corrientes, Entre R\u00edos, Formosa y Chaco.<\/p>\n<p>En el acto de cierre, estuvieron el ministro de Educaci\u00f3n de la Naci\u00f3n Jaime Perczyk, y el gobernador Oscar Herrera Ahuad. Tambi\u00e9n el ministro nacional de Ambiente y Desarrollo Sostenible, Juan Cabandi\u00e9; el vicegobernador, Carlos Arce; el ministro de Educaci\u00f3n de la provincia, Miguel Sedoff; y el director ejecutivo del INET, Gerardo Marchesini; entre otras autoridades provinciales y municipales, as\u00ed como de las provincias de Chaco, Corrientes, Entre R\u00edos y Formosa. Perczyk y Herrera Ahuad firmaron convenios para la ampliaci\u00f3n de escuelas t\u00e9cnicas de la provincia y la entrega de aportes econ\u00f3micos para instituciones de la modalidad -en el marco del Programa de Formaci\u00f3n de J\u00f3venes Argentinos para el Trabajo (<a href=\"https:\/\/www.inet.edu.ar\/index.php\/el-gobierno-destinara-mas-de-6-844-millones-de-pesos-para-equipamiento-de-escuelas-tecnicas\/\">FORJAR<\/a>) (<a href=\"https:\/\/www.inet.edu.ar\/index.php\/perczyk-la-escuela-tecnica-es-un-eje-central-del-sistema-educativo-y-del-desarrollo-del-pais\/\">Nota<\/a>).<\/p>\n\n\t\t<style type=\"text\/css\">\n\t\t\t#gallery-1 {\n\t\t\t\tmargin: auto;\n\t\t\t}\n\t\t\t#gallery-1 .gallery-item {\n\t\t\t\tfloat: left;\n\t\t\t\tmargin-top: 10px;\n\t\t\t\ttext-align: center;\n\t\t\t\twidth: 50%;\n\t\t\t}\n\t\t\t#gallery-1 img {\n\t\t\t\tborder: 2px solid #cfcfcf;\n\t\t\t}\n\t\t\t#gallery-1 .gallery-caption {\n\t\t\t\tmargin-left: 0;\n\t\t\t}\n\t\t\t\/* see gallery_shortcode() in wp-includes\/media.php *\/\n\t\t<\/style>\n\t\t<div id='gallery-1' class='gallery galleryid-36423 gallery-columns-2 gallery-size-medium'><dl class='gallery-item'>\n\t\t\t<dt class='gallery-icon landscape'>\n\t\t\t\t<a href='https:\/\/www.inet.edu.ar\/index.php\/perczyk-la-escuela-tecnica-es-un-eje-central-del-sistema-educativo-y-del-desarrollo-del-pais\/eo8msgm0\/#main'><img loading=\"lazy\" decoding=\"async\" width=\"240\" height=\"160\" src=\"https:\/\/www.inet.edu.ar\/wp-content\/uploads\/2022\/08\/EO8MsGM0-240x160.jpeg\" class=\"attachment-medium size-medium\" alt=\"\" srcset=\"https:\/\/www.inet.edu.ar\/wp-content\/uploads\/2022\/08\/EO8MsGM0-240x160.jpeg 240w, https:\/\/www.inet.edu.ar\/wp-content\/uploads\/2022\/08\/EO8MsGM0-150x100.jpeg 150w, https:\/\/www.inet.edu.ar\/wp-content\/uploads\/2022\/08\/EO8MsGM0-768x512.jpeg 768w, https:\/\/www.inet.edu.ar\/wp-content\/uploads\/2022\/08\/EO8MsGM0-468x312.jpeg 468w\" sizes=\"auto, (max-width: 240px) 100vw, 240px\" \/><\/a>\n\t\t\t<\/dt><\/dl><dl class='gallery-item'>\n\t\t\t<dt class='gallery-icon landscape'>\n\t\t\t\t<a href='https:\/\/www.inet.edu.ar\/index.php\/perczyk-la-escuela-tecnica-es-un-eje-central-del-sistema-educativo-y-del-desarrollo-del-pais\/ue2bahtw\/#main'><img loading=\"lazy\" decoding=\"async\" width=\"240\" height=\"160\" src=\"https:\/\/www.inet.edu.ar\/wp-content\/uploads\/2022\/08\/uE2BaHtw-240x160.jpeg\" class=\"attachment-medium size-medium\" alt=\"\" srcset=\"https:\/\/www.inet.edu.ar\/wp-content\/uploads\/2022\/08\/uE2BaHtw-240x160.jpeg 240w, https:\/\/www.inet.edu.ar\/wp-content\/uploads\/2022\/08\/uE2BaHtw-150x100.jpeg 150w, https:\/\/www.inet.edu.ar\/wp-content\/uploads\/2022\/08\/uE2BaHtw-768x512.jpeg 768w, https:\/\/www.inet.edu.ar\/wp-content\/uploads\/2022\/08\/uE2BaHtw-468x312.jpeg 468w\" sizes=\"auto, (max-width: 240px) 100vw, 240px\" \/><\/a>\n\t\t\t<\/dt><\/dl><br style=\"clear: both\" \/>\n\t\t<\/div>\n\n<p>Durante los dos d\u00edas del encuentro, se realizaron reuniones con representantes de centros de estudiantes de la regi\u00f3n, visitas a instituciones de ETP, as\u00ed como mesas de trabajo diferenciadas por tem\u00e1ticas.<\/p>\n<p>Entre ellas se destaca el trabajo en relaci\u00f3n al nuevo \u201cSistema Nacional de Evaluaci\u00f3n, Certificaci\u00f3n y Acreditaci\u00f3n Integral de la ETP\u201d, constituyendo el mismo <em>\u201cuna de las acciones m\u00e1s importantes con posterioridad a la Ley de ETP, relativas a la modalidad\u201d<\/em>, de acuerdo a los dichos del director ejecutivo Gerardo Marchesini.<\/p>\n<p>En otra de las mesas de trabajo, se realiz\u00f3 una capacitaci\u00f3n a directoras\/es de instituciones de las diferentes provincias de la regi\u00f3n que implementan la Educaci\u00f3n Profesional Secundaria (EPS), la nueva trayectoria de nivel Secundario de ETP, destinada a j\u00f3venes de 15 a 18 a\u00f1os desvinculados del sistema educativo y que integra la Formaci\u00f3n Profesional y la Formaci\u00f3n General.<\/p>\n<p>Asimismo, se abordaron tem\u00e1ticas relativas al Consejo Nacional de Educaci\u00f3n, Trabajo y Producci\u00f3n (<a href=\"https:\/\/www.inet.edu.ar\/index.php\/conetyp\/\">CoNETyP<\/a>); Econom\u00eda Social; <a href=\"https:\/\/www.inet.edu.ar\/index.php\/niveles-educativos\/formacion-profesional\/programa-federal-de-aulas-tecnicas-moviles\/\">Aulas Talleres M\u00f3viles<\/a>; Formaci\u00f3n de instructore\/as; planeamiento educativo. Tambi\u00e9n se organiz\u00f3 una reuni\u00f3n con referentes del <a href=\"https:\/\/www.inet.edu.ar\/index.php\/niveles-educativos\/educacion-secundaria-tecnica\/finestec\/\">FINESTEC<\/a>.<\/p>\n<p>Las y los estudiantes tuvieron su espacio espec\u00edfico para debatir junto con los referentes de la l\u00ednea de J\u00f3venes en la ETP de cada jurisdicci\u00f3n aquellas tem\u00e1ticas m\u00e1s urgentes de ser abordadas desde la pol\u00edtica p\u00fablica de la modalidad, y la necesidad de afianzar la organizaci\u00f3n estudiantil, en funci\u00f3n de fortalecer el aprendizaje de una cultura ciudadana activa desde su lugar de estudiantes organizados. En esta mesa tambi\u00e9n participaron lo\/as referentes de g\u00e9nero de cada jurisdicci\u00f3n, a fin de escuchar la voz de las y los j\u00f3venes, y tender a integrar y orientar las acciones que se vienen desarrollando en cada provincia con las problem\u00e1ticas que plantean en este sentido.<\/p>\n\n\t\t<style type=\"text\/css\">\n\t\t\t#gallery-2 {\n\t\t\t\tmargin: auto;\n\t\t\t}\n\t\t\t#gallery-2 .gallery-item {\n\t\t\t\tfloat: left;\n\t\t\t\tmargin-top: 10px;\n\t\t\t\ttext-align: center;\n\t\t\t\twidth: 100%;\n\t\t\t}\n\t\t\t#gallery-2 img {\n\t\t\t\tborder: 2px solid #cfcfcf;\n\t\t\t}\n\t\t\t#gallery-2 .gallery-caption {\n\t\t\t\tmargin-left: 0;\n\t\t\t}\n\t\t\t\/* see gallery_shortcode() in wp-includes\/media.php *\/\n\t\t<\/style>\n\t\t<div id='gallery-2' class='gallery galleryid-36423 gallery-columns-1 gallery-size-medium'><dl class='gallery-item'>\n\t\t\t<dt class='gallery-icon landscape'>\n\t\t\t\t<a href='https:\/\/www.inet.edu.ar\/index.php\/ii-encuentro-regional-de-la-educacion-tecnico-profesional-en-misiones\/dsc_0393\/#main'><img loading=\"lazy\" decoding=\"async\" width=\"240\" height=\"160\" src=\"https:\/\/www.inet.edu.ar\/wp-content\/uploads\/2022\/08\/DSC_0393-240x160.jpg\" class=\"attachment-medium size-medium\" alt=\"\" srcset=\"https:\/\/www.inet.edu.ar\/wp-content\/uploads\/2022\/08\/DSC_0393-240x160.jpg 240w, https:\/\/www.inet.edu.ar\/wp-content\/uploads\/2022\/08\/DSC_0393-150x100.jpg 150w, https:\/\/www.inet.edu.ar\/wp-content\/uploads\/2022\/08\/DSC_0393-768x512.jpg 768w, https:\/\/www.inet.edu.ar\/wp-content\/uploads\/2022\/08\/DSC_0393-468x312.jpg 468w\" sizes=\"auto, (max-width: 240px) 100vw, 240px\" \/><\/a>\n\t\t\t<\/dt><\/dl><br style=\"clear: both\" \/>\n\t\t<\/div>\n\n<p>Previo al Encuentro, autoridades y equipo t\u00e9cnico del INET visitaron instituciones de la modalidad y aulas talleres m\u00f3viles, donde dialogaron con directivos, docentes y estudiantes.<\/p>\n\n\t\t<style type=\"text\/css\">\n\t\t\t#gallery-3 {\n\t\t\t\tmargin: auto;\n\t\t\t}\n\t\t\t#gallery-3 .gallery-item {\n\t\t\t\tfloat: left;\n\t\t\t\tmargin-top: 10px;\n\t\t\t\ttext-align: center;\n\t\t\t\twidth: 50%;\n\t\t\t}\n\t\t\t#gallery-3 img {\n\t\t\t\tborder: 2px solid #cfcfcf;\n\t\t\t}\n\t\t\t#gallery-3 .gallery-caption {\n\t\t\t\tmargin-left: 0;\n\t\t\t}\n\t\t\t\/* see gallery_shortcode() in wp-includes\/media.php *\/\n\t\t<\/style>\n\t\t<div id='gallery-3' class='gallery galleryid-36423 gallery-columns-2 gallery-size-medium'><dl class='gallery-item'>\n\t\t\t<dt class='gallery-icon landscape'>\n\t\t\t\t<a href='https:\/\/www.inet.edu.ar\/index.php\/ii-encuentro-regional-de-la-educacion-tecnico-profesional-en-misiones\/whatsapp-image-2022-08-10-at-3-24-10-pm\/#main'><img loading=\"lazy\" decoding=\"async\" width=\"240\" height=\"135\" src=\"https:\/\/www.inet.edu.ar\/wp-content\/uploads\/2022\/08\/WhatsApp-Image-2022-08-10-at-3.24.10-PM-240x135.jpeg\" class=\"attachment-medium size-medium\" alt=\"\" srcset=\"https:\/\/www.inet.edu.ar\/wp-content\/uploads\/2022\/08\/WhatsApp-Image-2022-08-10-at-3.24.10-PM-240x135.jpeg 240w, https:\/\/www.inet.edu.ar\/wp-content\/uploads\/2022\/08\/WhatsApp-Image-2022-08-10-at-3.24.10-PM-768x432.jpeg 768w, https:\/\/www.inet.edu.ar\/wp-content\/uploads\/2022\/08\/WhatsApp-Image-2022-08-10-at-3.24.10-PM-468x263.jpeg 468w, https:\/\/www.inet.edu.ar\/wp-content\/uploads\/2022\/08\/WhatsApp-Image-2022-08-10-at-3.24.10-PM.jpeg 1280w\" sizes=\"auto, (max-width: 240px) 100vw, 240px\" \/><\/a>\n\t\t\t<\/dt><\/dl><dl class='gallery-item'>\n\t\t\t<dt class='gallery-icon landscape'>\n\t\t\t\t<a href='https:\/\/www.inet.edu.ar\/index.php\/ii-encuentro-regional-de-la-educacion-tecnico-profesional-en-misiones\/whatsapp-image-2022-08-10-at-9-19-52-pm\/#main'><img loading=\"lazy\" decoding=\"async\" width=\"240\" height=\"135\" src=\"https:\/\/www.inet.edu.ar\/wp-content\/uploads\/2022\/08\/WhatsApp-Image-2022-08-10-at-9.19.52-PM-240x135.jpeg\" class=\"attachment-medium size-medium\" alt=\"\" srcset=\"https:\/\/www.inet.edu.ar\/wp-content\/uploads\/2022\/08\/WhatsApp-Image-2022-08-10-at-9.19.52-PM-240x135.jpeg 240w, https:\/\/www.inet.edu.ar\/wp-content\/uploads\/2022\/08\/WhatsApp-Image-2022-08-10-at-9.19.52-PM-768x432.jpeg 768w, https:\/\/www.inet.edu.ar\/wp-content\/uploads\/2022\/08\/WhatsApp-Image-2022-08-10-at-9.19.52-PM-468x263.jpeg 468w, https:\/\/www.inet.edu.ar\/wp-content\/uploads\/2022\/08\/WhatsApp-Image-2022-08-10-at-9.19.52-PM.jpeg 1600w\" sizes=\"auto, (max-width: 240px) 100vw, 240px\" \/><\/a>\n\t\t\t<\/dt><\/dl><br style=\"clear: both\" \/>\n\t\t<\/div>\n\n<p><strong>Acerca de los Encuentros Regionales de la Educaci\u00f3n T\u00e9cnico Profesional <\/strong><\/p>\n<p>Durante este a\u00f1o, se est\u00e1n realizando encuentros en las distintas regiones del pa\u00eds, organizados por el INET y los Ministerios de Educaci\u00f3n provinciales. Lo que se trabaja en ellos constituye la base de las agendas de la <a href=\"https:\/\/www.inet.edu.ar\/index.php\/asuntos-federales\/comision-federal\/\">Comisi\u00f3n Federal de la ETP<\/a> \u2013 en la que se discuten y acuerdan las propuestas de pol\u00edtica educativa propia de la modalidad.<\/p>\n<p>En estas jornadas se pretende abordar temas espec\u00edficos de cada regi\u00f3n o comunes a toda la naci\u00f3n, posibilitando el hecho de dar una discusi\u00f3n m\u00e1s amplia, profunda y concreta; tambi\u00e9n, recuperar la capacidad t\u00e9cnica en las provincias; establecer una agenda propia de la regi\u00f3n; y avanzar en definiciones. El objetivo es contemplar la pluralidad de las 24 jurisdicciones como forma federal de construir -de acuerdo con el mandato determinado por la\u00a0<a href=\"https:\/\/www.inet.edu.ar\/index.php\/institucional\/normativa\/ley-de-educacion-tecnico-profesional\/\" target=\"_blank\" rel=\"noopener\">Ley 26.058 de la ETP<\/a>.<\/p>\n<p>&nbsp;<\/p>\n","protected":false},"excerpt":{"rendered":"<p>El cierre cont\u00f3 con la presencia del ministro de Educaci\u00f3n de la Naci\u00f3n Jaime Perczyk, quien firm\u00f3 convenios para la ampliaci\u00f3n de escuelas t\u00e9cnicas de la provincia y para la entrega de un aporte extraordinario para el desarrollo de la modalidad en la regi\u00f3n Con el fin de continuar fortaleciendo la participaci\u00f3n e integraci\u00f3n federal [&hellip;]<\/p>\n","protected":false},"author":7,"featured_media":36427,"comment_status":"closed","ping_status":"open","sticky":false,"template":"","format":"standard","meta":{"footnotes":""},"categories":[1,14],"tags":[],"class_list":["post-36423","post","type-post","status-publish","format-standard","has-post-thumbnail","hentry","category-noticias","category-noticias-fijas"],"_links":{"self":[{"href":"https:\/\/www.inet.edu.ar\/index.php\/wp-json\/wp\/v2\/posts\/36423","targetHints":{"allow":["GET"]}}],"collection":[{"href":"https:\/\/www.inet.edu.ar\/index.php\/wp-json\/wp\/v2\/posts"}],"about":[{"href":"https:\/\/www.inet.edu.ar\/index.php\/wp-json\/wp\/v2\/types\/post"}],"author":[{"embeddable":true,"href":"https:\/\/www.inet.edu.ar\/index.php\/wp-json\/wp\/v2\/users\/7"}],"replies":[{"embeddable":true,"href":"https:\/\/www.inet.edu.ar\/index.php\/wp-json\/wp\/v2\/comments?post=36423"}],"version-history":[{"count":17,"href":"https:\/\/www.inet.edu.ar\/index.php\/wp-json\/wp\/v2\/posts\/36423\/revisions"}],"predecessor-version":[{"id":36457,"href":"https:\/\/www.inet.edu.ar\/index.php\/wp-json\/wp\/v2\/posts\/36423\/revisions\/36457"}],"wp:featuredmedia":[{"embeddable":true,"href":"https:\/\/www.inet.edu.ar\/index.php\/wp-json\/wp\/v2\/media\/36427"}],"wp:attachment":[{"href":"https:\/\/www.inet.edu.ar\/index.php\/wp-json\/wp\/v2\/media?parent=36423"}],"wp:term":[{"taxonomy":"category","embeddable":true,"href":"https:\/\/www.inet.edu.ar\/index.php\/wp-json\/wp\/v2\/categories?post=36423"},{"taxonomy":"post_tag","embeddable":true,"href":"https:\/\/www.inet.edu.ar\/index.php\/wp-json\/wp\/v2\/tags?post=36423"}],"curies":[{"name":"wp","href":"https:\/\/api.w.org\/{rel}","templated":true}]}}