{"id":36459,"date":"2022-08-23T14:05:05","date_gmt":"2022-08-23T17:05:05","guid":{"rendered":"https:\/\/www.inet.edu.ar\/?p=36459"},"modified":"2022-08-23T14:05:05","modified_gmt":"2022-08-23T17:05:05","slug":"educacion-lanzo-cursos-de-capacitacion-en-simulacion-clinica","status":"publish","type":"post","link":"https:\/\/www.inet.edu.ar\/index.php\/educacion-lanzo-cursos-de-capacitacion-en-simulacion-clinica\/","title":{"rendered":"Educaci\u00f3n lanz\u00f3 cursos de capacitaci\u00f3n en simulaci\u00f3n cl\u00ednica"},"content":{"rendered":"<p style=\"text-align: center;\"><em>El Ministerio de Educaci\u00f3n de la Naci\u00f3n inici\u00f3 hoy cursos de capacitaci\u00f3n de simulaci\u00f3n cl\u00ednica para directivos de instituciones educativas superiores p\u00fablicas y responsables de hospitales p\u00fablicos con el objetivo de fortalecer la formaci\u00f3n de los profesionales de la salud.<\/em><\/p>\n<p>Se trata de una iniciativa de la Secretar\u00eda de Pol\u00edticas Universitarias (SPU) y el Instituto Nacional de Educaci\u00f3n Tecnol\u00f3gica (INET), que fue presentada hoy por el ministro de Educaci\u00f3n, Jaime Perczyk, y la ministra de Salud, Carla Vizzotti.<\/p>\n<p>Perczyk explic\u00f3 que el objetivo de la capacitaci\u00f3n <em>\u201ces mejorar el nivel de formaci\u00f3n de nuestros profesionales de la salud que son indispensables\u201d<\/em>.<\/p>\n<p>Por su parte, Vizzotti destac\u00f3: <em>\u201cUna gran lecci\u00f3n que dej\u00f3 la pandemia es que nuestro equipo de salud no son s\u00f3lo m\u00e9dicos y m\u00e9dicas, sino que es bien transversal, incluye desde que nos reciben en la puerta del hospital hasta el terapista m\u00e1s especializado dentro de la terapia y dentro de todo el sistema de salud, que est\u00e1n los kinesi\u00f3logos y enfermeras, el recurso de limpieza, cocina.\u201d\u00a0<\/em>Adem\u00e1s agradeci\u00f3\u00a0<em>\u201cel trabajo y el esfuerzo, la sinergia que hicimos junto al Ministro y los integrantes del equipo de Educaci\u00f3n para estar hoy mejor\u201d<\/em>.<\/p>\n<p>La capacitaci\u00f3n tiene una duraci\u00f3n de cuatro meses, con una carga horaria de 158 horas, y est\u00e1 dirigida a docentes, directivos y equipos de direcci\u00f3n de Instituciones Educativas Superiores P\u00fablicas y Responsables de Simulaci\u00f3n Cl\u00ednica de Hospitales P\u00fablicos.<\/p>\n<p>Es semipresencial y se dicta a trav\u00e9s del Campus Virtual Universitario Nacional, una plataforma desarrollada por el Consejo Interuniversitario Nacional.<\/p>\n<p>El objetivo principal de esta formaci\u00f3n es brindar herramientas y estrategias fundamentales para la Gesti\u00f3n de Espacios de Simulaci\u00f3n Cl\u00ednica, y para incorporar la simulaci\u00f3n cl\u00ednica como estrategia educativa en las curr\u00edculas de las carreras de salud y formaci\u00f3n continua de profesionales de la salud.<\/p>\n<p>En la jornada tambi\u00e9n participaron el secretario de Pol\u00edticas Universitarias, Oscar Alpa; el director ejecutivo del INET, Gerardo Marchesini; y el subsecretario de Pol\u00edticas Universitarias, Daniel L\u00f3pez.<\/p>\n<p>Tambi\u00e9n estuvieron la coordinadora de la direcci\u00f3n nacional de Programas de Ciencia y Vinculaci\u00f3n Tecnol\u00f3gica, Yanina Armentano; el coordinador del Programa Nacional de Formaci\u00f3n de Enfermer\u00eda (PRONAFE), Gabriel Muntaabski; y la presidenta de la Sociedad Espa\u00f1ola de Simulaci\u00f3n Cl\u00ednica y Seguridad del Paciente (SESSEP) , Aida Camps G\u00f3mez.<\/p>\n\n\t\t<style type=\"text\/css\">\n\t\t\t#gallery-1 {\n\t\t\t\tmargin: auto;\n\t\t\t}\n\t\t\t#gallery-1 .gallery-item {\n\t\t\t\tfloat: left;\n\t\t\t\tmargin-top: 10px;\n\t\t\t\ttext-align: center;\n\t\t\t\twidth: 100%;\n\t\t\t}\n\t\t\t#gallery-1 img {\n\t\t\t\tborder: 2px solid #cfcfcf;\n\t\t\t}\n\t\t\t#gallery-1 .gallery-caption {\n\t\t\t\tmargin-left: 0;\n\t\t\t}\n\t\t\t\/* see gallery_shortcode() in wp-includes\/media.php *\/\n\t\t<\/style>\n\t\t<div id='gallery-1' class='gallery galleryid-36459 gallery-columns-1 gallery-size-large'><dl class='gallery-item'>\n\t\t\t<dt class='gallery-icon landscape'>\n\t\t\t\t<a href='https:\/\/www.inet.edu.ar\/index.php\/educacion-lanzo-cursos-de-capacitacion-en-simulacion-clinica\/dsc_4379\/#main'><img loading=\"lazy\" decoding=\"async\" width=\"468\" height=\"312\" src=\"https:\/\/www.inet.edu.ar\/wp-content\/uploads\/2022\/08\/DSC_4379-468x312.jpg\" class=\"attachment-large size-large\" alt=\"\" srcset=\"https:\/\/www.inet.edu.ar\/wp-content\/uploads\/2022\/08\/DSC_4379-468x312.jpg 468w, https:\/\/www.inet.edu.ar\/wp-content\/uploads\/2022\/08\/DSC_4379-150x100.jpg 150w, https:\/\/www.inet.edu.ar\/wp-content\/uploads\/2022\/08\/DSC_4379-240x160.jpg 240w, https:\/\/www.inet.edu.ar\/wp-content\/uploads\/2022\/08\/DSC_4379-768x512.jpg 768w\" sizes=\"auto, (max-width: 468px) 100vw, 468px\" \/><\/a>\n\t\t\t<\/dt><\/dl><br style=\"clear: both\" \/>\n\t\t<\/div>\n\n","protected":false},"excerpt":{"rendered":"<p>El Ministerio de Educaci\u00f3n de la Naci\u00f3n inici\u00f3 hoy cursos de capacitaci\u00f3n de simulaci\u00f3n cl\u00ednica para directivos de instituciones educativas superiores p\u00fablicas y responsables de hospitales p\u00fablicos con el objetivo de fortalecer la formaci\u00f3n de los profesionales de la salud. Se trata de una iniciativa de la Secretar\u00eda de Pol\u00edticas Universitarias (SPU) y el Instituto [&hellip;]<\/p>\n","protected":false},"author":7,"featured_media":36461,"comment_status":"closed","ping_status":"open","sticky":false,"template":"","format":"standard","meta":{"footnotes":""},"categories":[1,14],"tags":[],"class_list":["post-36459","post","type-post","status-publish","format-standard","has-post-thumbnail","hentry","category-noticias","category-noticias-fijas"],"_links":{"self":[{"href":"https:\/\/www.inet.edu.ar\/index.php\/wp-json\/wp\/v2\/posts\/36459","targetHints":{"allow":["GET"]}}],"collection":[{"href":"https:\/\/www.inet.edu.ar\/index.php\/wp-json\/wp\/v2\/posts"}],"about":[{"href":"https:\/\/www.inet.edu.ar\/index.php\/wp-json\/wp\/v2\/types\/post"}],"author":[{"embeddable":true,"href":"https:\/\/www.inet.edu.ar\/index.php\/wp-json\/wp\/v2\/users\/7"}],"replies":[{"embeddable":true,"href":"https:\/\/www.inet.edu.ar\/index.php\/wp-json\/wp\/v2\/comments?post=36459"}],"version-history":[{"count":2,"href":"https:\/\/www.inet.edu.ar\/index.php\/wp-json\/wp\/v2\/posts\/36459\/revisions"}],"predecessor-version":[{"id":36463,"href":"https:\/\/www.inet.edu.ar\/index.php\/wp-json\/wp\/v2\/posts\/36459\/revisions\/36463"}],"wp:featuredmedia":[{"embeddable":true,"href":"https:\/\/www.inet.edu.ar\/index.php\/wp-json\/wp\/v2\/media\/36461"}],"wp:attachment":[{"href":"https:\/\/www.inet.edu.ar\/index.php\/wp-json\/wp\/v2\/media?parent=36459"}],"wp:term":[{"taxonomy":"category","embeddable":true,"href":"https:\/\/www.inet.edu.ar\/index.php\/wp-json\/wp\/v2\/categories?post=36459"},{"taxonomy":"post_tag","embeddable":true,"href":"https:\/\/www.inet.edu.ar\/index.php\/wp-json\/wp\/v2\/tags?post=36459"}],"curies":[{"name":"wp","href":"https:\/\/api.w.org\/{rel}","templated":true}]}}