{"id":36486,"date":"2022-08-29T16:10:37","date_gmt":"2022-08-29T19:10:37","guid":{"rendered":"https:\/\/www.inet.edu.ar\/?p=36486"},"modified":"2022-08-30T12:41:08","modified_gmt":"2022-08-30T15:41:08","slug":"ii-encuentro-de-la-etp-region-centro","status":"publish","type":"post","link":"https:\/\/www.inet.edu.ar\/index.php\/ii-encuentro-de-la-etp-region-centro\/","title":{"rendered":"II Encuentro de la ETP regi\u00f3n Centro"},"content":{"rendered":"<p style=\"text-align: center;\"><em>Se realiz\u00f3 en C\u00f3rdoba con participaci\u00f3n de autoridades, t\u00e9cnicos y estudiantes de la Ciudad Aut\u00f3noma de Buenos Aires y de las provincias de Buenos Aires, Santa Fe y la provincia anfitriona<\/em><\/p>\n<p>Con el fin de continuar fortaleciendo la participaci\u00f3n e integraci\u00f3n federal de la Educaci\u00f3n T\u00e9cnico Profesional (ETP), se realiz\u00f3 el II Encuentro de la Regi\u00f3n Centro en la ciudad de C\u00f3rdoba. Cont\u00f3 con la participaci\u00f3n de referentes t\u00e9cnico-pol\u00edticos y equipos t\u00e9cnicos de la Ciudad Aut\u00f3noma de Buenos Aires, provincia de Buenos Aires, Santa Fe y C\u00f3rdoba.<\/p>\n<p>Encabezaron el encuentro el director ejecutivo del Instituto Nacional de Educaci\u00f3n Tecnol\u00f3gica (INET), Gerardo Marchesini; los directores nacionales de ETP y de Educaci\u00f3n, Trabajo y Producci\u00f3n (ETyP), Gustavo Peltzer y Nora Estrada respectivamente; la coordinadora nacional de Formaci\u00f3n Continua, Jazm\u00edn Belossi; y el secretario permanente del <a href=\"https:\/\/www.inet.edu.ar\/index.php\/conetyp\/\" target=\"_blank\" rel=\"noopener\">Consejo Nacional de ETyP (CoNETyP)<\/a>, Sergio Pianciola. El acto de cierre cont\u00f3 con la presencia del ministro de Educaci\u00f3n local, Walter Grahovac.<\/p>\n<p><em>\u201cEl INET es el organismo nacional de educaci\u00f3n m\u00e1s federalizado y genera esta oportunidad de encuentro entre las provincias, en este caso que tenemos una identidad com\u00fan por las caracter\u00edsticas de diversidad, heterogeneidad y potencial productivo que tiene la zona, porque gran parte de la poblaci\u00f3n argentina est\u00e1 concentrada en esta zona. Entonces discutir la perspectiva de la educaci\u00f3n t\u00e9cnica y la formaci\u00f3n profesional de toda esta zona es vital, por eso estas jornadas han sido de mucha importancia\u201d<\/em>, asegur\u00f3 Grahovac.<\/p>\n<p>Por su parte, Marchesini manifest\u00f3 que <em>\u201cLa Regi\u00f3n Centro concentra una cantidad muy grande de instituciones de ETP. La mayor\u00eda tiene una enorme diversidad productiva, cultural y pol\u00edtica y el encuentro result\u00f3 fue muy provechoso porque de la confrontaci\u00f3n de ideas y perspectivas surgen siempre ideas superadoras. Estamos tratando de construir el esp\u00edritu de la ley (26.058) que nos rige, la que espec\u00edficamente pide que las pol\u00edticas de ETP sean construidas federalmente con la diversidad de las 24 jurisdicciones\u201d<\/em>.<\/p>\n\n\t\t<style type=\"text\/css\">\n\t\t\t#gallery-1 {\n\t\t\t\tmargin: auto;\n\t\t\t}\n\t\t\t#gallery-1 .gallery-item {\n\t\t\t\tfloat: left;\n\t\t\t\tmargin-top: 10px;\n\t\t\t\ttext-align: center;\n\t\t\t\twidth: 100%;\n\t\t\t}\n\t\t\t#gallery-1 img {\n\t\t\t\tborder: 2px solid #cfcfcf;\n\t\t\t}\n\t\t\t#gallery-1 .gallery-caption {\n\t\t\t\tmargin-left: 0;\n\t\t\t}\n\t\t\t\/* see gallery_shortcode() in wp-includes\/media.php *\/\n\t\t<\/style>\n\t\t<div id='gallery-1' class='gallery galleryid-36486 gallery-columns-1 gallery-size-large'><dl class='gallery-item'>\n\t\t\t<dt class='gallery-icon landscape'>\n\t\t\t\t<a href='https:\/\/www.inet.edu.ar\/index.php\/ii-encuentro-de-la-etp-region-centro\/portada-etp\/#main'><img loading=\"lazy\" decoding=\"async\" width=\"468\" height=\"312\" src=\"https:\/\/www.inet.edu.ar\/wp-content\/uploads\/2022\/08\/PORTADA-ETP-468x312.jpg\" class=\"attachment-large size-large\" alt=\"\" srcset=\"https:\/\/www.inet.edu.ar\/wp-content\/uploads\/2022\/08\/PORTADA-ETP-468x312.jpg 468w, https:\/\/www.inet.edu.ar\/wp-content\/uploads\/2022\/08\/PORTADA-ETP-150x100.jpg 150w, https:\/\/www.inet.edu.ar\/wp-content\/uploads\/2022\/08\/PORTADA-ETP-240x160.jpg 240w, https:\/\/www.inet.edu.ar\/wp-content\/uploads\/2022\/08\/PORTADA-ETP-768x512.jpg 768w, https:\/\/www.inet.edu.ar\/wp-content\/uploads\/2022\/08\/PORTADA-ETP.jpg 990w\" sizes=\"auto, (max-width: 468px) 100vw, 468px\" \/><\/a>\n\t\t\t<\/dt><\/dl><br style=\"clear: both\" \/>\n\t\t<\/div>\n\n<p>Durante dos jornadas, se llevaron adelante mesas de trabajo.\u00a0En cada una, equipo t\u00e9cnico del INET y los equipos de las diferentes jurisdicciones trabajaron tem\u00e1ticas propias de la L\u00ednea de j\u00f3venes en la modalidad, con participaci\u00f3n de estudiantes y referentes jurisdiccionales; CoNETyP, Consejos provinciales y locales de ETyP; Econom\u00eda Social; <a href=\"https:\/\/www.inet.edu.ar\/index.php\/niveles-educativos\/formacion-profesional\/programa-federal-de-aulas-tecnicas-moviles\/\" target=\"_blank\" rel=\"noopener\">Aulas Talleres M\u00f3viles<\/a>; Formaci\u00f3n de instructore\/as; <a href=\"https:\/\/www.inet.edu.ar\/index.php\/cenet\/\" target=\"_blank\" rel=\"noopener\">capacitaci\u00f3n y formaci\u00f3n continua<\/a>; el nuevo Sistema Nacional de Evaluaci\u00f3n, Certificaci\u00f3n y Acreditaci\u00f3n integral de la ETP; <a href=\"https:\/\/www.inet.edu.ar\/index.php\/asuntos-federales\/planes-de-mejora-de-la-etp\/\" target=\"_blank\" rel=\"noopener\">planes de Mejora<\/a>; <a href=\"https:\/\/www.inet.edu.ar\/index.php\/niveles-educativos\/educacion-secundaria-tecnica\/finestec\/\" target=\"_blank\" rel=\"noopener\">Finalizaci\u00f3n de Estudios T\u00e9cnicos (FINESTEC)<\/a>. Asimismo, en una de las mesas se llev\u00f3 adelante una capacitaci\u00f3n a directivos de instituciones que est\u00e1n llevando adelante la nueva oferta de ETP, Educaci\u00f3n Profesional Secundaria (EPS).<\/p>\n<p>Adem\u00e1s, las autoridades del INET y lo\/as referentes jurisdiccionales visitaron instituciones, donde dialogaron con directivos, docentes y estudiantes.<\/p>\n\n\t\t<style type=\"text\/css\">\n\t\t\t#gallery-2 {\n\t\t\t\tmargin: auto;\n\t\t\t}\n\t\t\t#gallery-2 .gallery-item {\n\t\t\t\tfloat: left;\n\t\t\t\tmargin-top: 10px;\n\t\t\t\ttext-align: center;\n\t\t\t\twidth: 100%;\n\t\t\t}\n\t\t\t#gallery-2 img {\n\t\t\t\tborder: 2px solid #cfcfcf;\n\t\t\t}\n\t\t\t#gallery-2 .gallery-caption {\n\t\t\t\tmargin-left: 0;\n\t\t\t}\n\t\t\t\/* see gallery_shortcode() in wp-includes\/media.php *\/\n\t\t<\/style>\n\t\t<div id='gallery-2' class='gallery galleryid-36486 gallery-columns-1 gallery-size-large'><dl class='gallery-item'>\n\t\t\t<dt class='gallery-icon landscape'>\n\t\t\t\t<a href='https:\/\/www.inet.edu.ar\/index.php\/ii-encuentro-de-la-etp-region-centro\/whatsapp-image-2022-08-25-at-11-52-27-am\/#main'><img loading=\"lazy\" decoding=\"async\" width=\"468\" height=\"351\" src=\"https:\/\/www.inet.edu.ar\/wp-content\/uploads\/2022\/08\/WhatsApp-Image-2022-08-25-at-11.52.27-AM-468x351.jpeg\" class=\"attachment-large size-large\" alt=\"\" srcset=\"https:\/\/www.inet.edu.ar\/wp-content\/uploads\/2022\/08\/WhatsApp-Image-2022-08-25-at-11.52.27-AM-468x351.jpeg 468w, https:\/\/www.inet.edu.ar\/wp-content\/uploads\/2022\/08\/WhatsApp-Image-2022-08-25-at-11.52.27-AM-240x180.jpeg 240w, https:\/\/www.inet.edu.ar\/wp-content\/uploads\/2022\/08\/WhatsApp-Image-2022-08-25-at-11.52.27-AM-768x576.jpeg 768w, https:\/\/www.inet.edu.ar\/wp-content\/uploads\/2022\/08\/WhatsApp-Image-2022-08-25-at-11.52.27-AM.jpeg 1600w\" sizes=\"auto, (max-width: 468px) 100vw, 468px\" \/><\/a>\n\t\t\t<\/dt><\/dl><br style=\"clear: both\" \/>\n\t\t<\/div>\n\n<p><strong>Acerca de los Encuentros Regionales de la Educaci\u00f3n T\u00e9cnico Profesional<\/strong><\/p>\n<p>A lo largo de este a\u00f1o, se est\u00e1n realizando encuentros en las distintas regiones del pa\u00eds, organizados por el INET y los Ministerios de Educaci\u00f3n provinciales. Lo que se trabaja en ellos constituye la base de las agendas de la <a href=\"https:\/\/www.inet.edu.ar\/index.php\/asuntos-federales\/comision-federal\/\" target=\"_blank\" rel=\"noopener\">Comisi\u00f3n Federal de la ETP<\/a> \u2013 en la que se discuten y acuerdan las propuestas de pol\u00edtica educativa propia de la modalidad.<\/p>\n<p>En estas jornadas se pretende abordar temas espec\u00edficos de cada regi\u00f3n o comunes a toda la naci\u00f3n, posibilitando el hecho de dar una discusi\u00f3n m\u00e1s amplia, profunda y concreta; tambi\u00e9n, recuperar la capacidad t\u00e9cnica en las provincias; establecer una agenda propia de la regi\u00f3n; y avanzar en definiciones. El objetivo es contemplar la pluralidad de las 24 jurisdicciones como forma federal de construir -de acuerdo con el mandato determinado por la <a href=\"https:\/\/www.inet.edu.ar\/index.php\/institucional\/normativa\/ley-de-educacion-tecnico-profesional\/\" target=\"_blank\" rel=\"noopener\">Ley 26.058 de la ETP<\/a>.<\/p>\n","protected":false},"excerpt":{"rendered":"<p>Se realiz\u00f3 en C\u00f3rdoba con participaci\u00f3n de autoridades, t\u00e9cnicos y estudiantes de la Ciudad Aut\u00f3noma de Buenos Aires y de las provincias de Buenos Aires, Santa Fe y la provincia anfitriona Con el fin de continuar fortaleciendo la participaci\u00f3n e integraci\u00f3n federal de la Educaci\u00f3n T\u00e9cnico Profesional (ETP), se realiz\u00f3 el II Encuentro de la [&hellip;]<\/p>\n","protected":false},"author":7,"featured_media":36491,"comment_status":"closed","ping_status":"open","sticky":false,"template":"","format":"standard","meta":{"footnotes":""},"categories":[1,14],"tags":[],"class_list":["post-36486","post","type-post","status-publish","format-standard","has-post-thumbnail","hentry","category-noticias","category-noticias-fijas"],"_links":{"self":[{"href":"https:\/\/www.inet.edu.ar\/index.php\/wp-json\/wp\/v2\/posts\/36486","targetHints":{"allow":["GET"]}}],"collection":[{"href":"https:\/\/www.inet.edu.ar\/index.php\/wp-json\/wp\/v2\/posts"}],"about":[{"href":"https:\/\/www.inet.edu.ar\/index.php\/wp-json\/wp\/v2\/types\/post"}],"author":[{"embeddable":true,"href":"https:\/\/www.inet.edu.ar\/index.php\/wp-json\/wp\/v2\/users\/7"}],"replies":[{"embeddable":true,"href":"https:\/\/www.inet.edu.ar\/index.php\/wp-json\/wp\/v2\/comments?post=36486"}],"version-history":[{"count":7,"href":"https:\/\/www.inet.edu.ar\/index.php\/wp-json\/wp\/v2\/posts\/36486\/revisions"}],"predecessor-version":[{"id":36515,"href":"https:\/\/www.inet.edu.ar\/index.php\/wp-json\/wp\/v2\/posts\/36486\/revisions\/36515"}],"wp:featuredmedia":[{"embeddable":true,"href":"https:\/\/www.inet.edu.ar\/index.php\/wp-json\/wp\/v2\/media\/36491"}],"wp:attachment":[{"href":"https:\/\/www.inet.edu.ar\/index.php\/wp-json\/wp\/v2\/media?parent=36486"}],"wp:term":[{"taxonomy":"category","embeddable":true,"href":"https:\/\/www.inet.edu.ar\/index.php\/wp-json\/wp\/v2\/categories?post=36486"},{"taxonomy":"post_tag","embeddable":true,"href":"https:\/\/www.inet.edu.ar\/index.php\/wp-json\/wp\/v2\/tags?post=36486"}],"curies":[{"name":"wp","href":"https:\/\/api.w.org\/{rel}","templated":true}]}}