{"id":36545,"date":"2022-09-08T15:16:15","date_gmt":"2022-09-08T18:16:15","guid":{"rendered":"https:\/\/www.inet.edu.ar\/?p=36545"},"modified":"2023-02-22T14:43:40","modified_gmt":"2023-02-22T17:43:40","slug":"estudiantes-de-la-etp-realizaran-practicas-profesionalizantes-para-comedores-de-sus-escuelas","status":"publish","type":"post","link":"https:\/\/www.inet.edu.ar\/index.php\/estudiantes-de-la-etp-realizaran-practicas-profesionalizantes-para-comedores-de-sus-escuelas\/","title":{"rendered":"Estudiantes de la ETP realizar\u00e1n pr\u00e1cticas profesionalizantes para comedores de sus escuelas"},"content":{"rendered":"<p style=\"text-align: center;\"><em>Esta l\u00ednea de acci\u00f3n del Ministerio de Educaci\u00f3n de la Naci\u00f3n promueve oportunidades de aprendizaje en \u00e1mbitos laborales<\/em><\/p>\n<p>El ministro de Educaci\u00f3n de la Naci\u00f3n, Jaime Perczyk, anunci\u00f3 la construcci\u00f3n o refacci\u00f3n de espacios en escuelas secundarias de Educaci\u00f3n T\u00e9cnico Profesional (ETP), para ser utilizados como comedores.<\/p>\n<p>En el marco de dichas obras, estudiantes del \u00faltimo a\u00f1o de escuelas t\u00e9cnicas con especialidad en Construcciones realizar\u00e1n sus pr\u00e1cticas profesionalizantes.<\/p>\n<p>Su implementaci\u00f3n se har\u00e1 en vinculaci\u00f3n con el \u00e1rea de infraestructura de las carteras educativas provinciales y el Instituto Nacional de Educaci\u00f3n Tecnol\u00f3gica (INET).<\/p>\n<p><em>\u201cLa escuela secundaria t\u00e9cnica es muy importante porque forma a chicas y chicos para un pa\u00eds que necesita desarrollarse e industrializarse. Es la educaci\u00f3n t\u00e9cnica la que les permite tener su primer trabajo a quienes reci\u00e9n salen de la escuela\u201d<\/em>, sostuvo Perczyk.<\/p>\n<p>La iniciativa tiene un doble objetivo: por un lado, garantizar un espacio seguro en horas libres y entre tiempos, facilitar la permanencia en la escuela fuera del horario escolar y contar con un lugar para actividades extracurriculares, vianda y\/o comedor.<\/p>\n<p>Por otro lado, garantizar pr\u00e1cticas formativas, obligatorias para obtener el t\u00edtulo de Maestro Mayor de Obras (Ley de ETP 26.058\/05), y generar oportunidades de aprendizaje vinculadas con la realidad profesional.<\/p>\n<p>De esta manera, los y las estudiantes podr\u00e1n aplicar incumbencias profesionales de su perfil en relaci\u00f3n con el proyecto, direcci\u00f3n y seguimiento de una obra. Esto implica tanto la construcci\u00f3n a nuevo como la refacci\u00f3n y\/o refuncionalizaci\u00f3n de un espacio existente que se destinar\u00e1 a los usos mencionados.<\/p>\n<p>Las obras ser\u00e1n financiadas a trav\u00e9s del Fondo Nacional de ETP, que es administrado por el INET, con un presupuesto de $20 millones por obra. Se estima que la inversi\u00f3n anual ser\u00e1 de mil quinientos millones de pesos ($1.500.000.000).<\/p>\n<p>Las y los estudiantes tendr\u00e1n el desaf\u00edo de elaborar el proyecto y realizar la documentaci\u00f3n t\u00e9cnica correspondiente, acompa\u00f1ados por las y los docentes de pr\u00e1cticas profesionalizantes.<\/p>\n<p>Las instituciones entregar\u00e1n el mismo al \u00e1rea de Infraestructura jurisdiccional, quien estar\u00e1 a cargo de evaluar las propuestas y de presentarlas al INET para tramitar el Apto T\u00e9cnico habilitante.<\/p>\n<p>Tambi\u00e9n se dar\u00e1 participaci\u00f3n a los centros de estudiantes a fin de evaluar la practicidad y\/o utilidad del proyecto de intervenci\u00f3n o creaci\u00f3n del espacio.<\/p>\n\n\t\t<style type=\"text\/css\">\n\t\t\t#gallery-1 {\n\t\t\t\tmargin: auto;\n\t\t\t}\n\t\t\t#gallery-1 .gallery-item {\n\t\t\t\tfloat: left;\n\t\t\t\tmargin-top: 10px;\n\t\t\t\ttext-align: center;\n\t\t\t\twidth: 50%;\n\t\t\t}\n\t\t\t#gallery-1 img {\n\t\t\t\tborder: 2px solid #cfcfcf;\n\t\t\t}\n\t\t\t#gallery-1 .gallery-caption {\n\t\t\t\tmargin-left: 0;\n\t\t\t}\n\t\t\t\/* see gallery_shortcode() in wp-includes\/media.php *\/\n\t\t<\/style>\n\t\t<div id='gallery-1' class='gallery galleryid-36545 gallery-columns-2 gallery-size-medium'><dl class='gallery-item'>\n\t\t\t<dt class='gallery-icon landscape'>\n\t\t\t\t<a href='https:\/\/www.inet.edu.ar\/index.php\/estudiantes-de-la-etp-realizaran-practicas-profesionalizantes-para-comedores-de-sus-escuelas\/plano-en-construcciones-2018\/#main'><img loading=\"lazy\" decoding=\"async\" width=\"240\" height=\"160\" src=\"https:\/\/www.inet.edu.ar\/wp-content\/uploads\/2022\/09\/plano-en-construcciones-2018-240x160.jpg\" class=\"attachment-medium size-medium\" alt=\"\" srcset=\"https:\/\/www.inet.edu.ar\/wp-content\/uploads\/2022\/09\/plano-en-construcciones-2018-240x160.jpg 240w, https:\/\/www.inet.edu.ar\/wp-content\/uploads\/2022\/09\/plano-en-construcciones-2018-150x100.jpg 150w, https:\/\/www.inet.edu.ar\/wp-content\/uploads\/2022\/09\/plano-en-construcciones-2018-768x512.jpg 768w, https:\/\/www.inet.edu.ar\/wp-content\/uploads\/2022\/09\/plano-en-construcciones-2018-468x312.jpg 468w, https:\/\/www.inet.edu.ar\/wp-content\/uploads\/2022\/09\/plano-en-construcciones-2018.jpg 2000w\" sizes=\"auto, (max-width: 240px) 100vw, 240px\" \/><\/a>\n\t\t\t<\/dt><\/dl><dl class='gallery-item'>\n\t\t\t<dt class='gallery-icon landscape'>\n\t\t\t\t<a href='https:\/\/www.inet.edu.ar\/index.php\/estudiantes-de-la-etp-realizaran-practicas-profesionalizantes-para-comedores-de-sus-escuelas\/construcciones-salta-2015\/#main'><img loading=\"lazy\" decoding=\"async\" width=\"240\" height=\"160\" src=\"https:\/\/www.inet.edu.ar\/wp-content\/uploads\/2022\/09\/construcciones-salta-2015-240x160.jpg\" class=\"attachment-medium size-medium\" alt=\"\" srcset=\"https:\/\/www.inet.edu.ar\/wp-content\/uploads\/2022\/09\/construcciones-salta-2015-240x160.jpg 240w, https:\/\/www.inet.edu.ar\/wp-content\/uploads\/2022\/09\/construcciones-salta-2015-150x100.jpg 150w, https:\/\/www.inet.edu.ar\/wp-content\/uploads\/2022\/09\/construcciones-salta-2015-768x512.jpg 768w, https:\/\/www.inet.edu.ar\/wp-content\/uploads\/2022\/09\/construcciones-salta-2015-468x312.jpg 468w, https:\/\/www.inet.edu.ar\/wp-content\/uploads\/2022\/09\/construcciones-salta-2015.jpg 1296w\" sizes=\"auto, (max-width: 240px) 100vw, 240px\" \/><\/a>\n\t\t\t<\/dt><\/dl><br style=\"clear: both\" \/>\n\t\t<\/div>\n\n<p>OBRA MENOR EN ARTICULACI\u00d3N\u00a0CON PR\u00c1CTICAS PROFESIONALIZANTES:\u00a0Mejora de Entornos Formativos (<a href=\"https:\/\/www.inet.edu.ar\/wp-content\/uploads\/2012\/10\/283-16.pdf\" target=\"_blank\" rel=\"noopener\">Res. CFE N\u00b0 283\/16<\/a> \/ <a href=\"https:\/\/www.inet.edu.ar\/wp-content\/uploads\/2012\/10\/279-16.pdf\" target=\"_blank\" rel=\"noopener\">Res. CFE N\u00b0 279\/16<\/a>).\u00a0Obra menor: <a href=\"https:\/\/www.inet.edu.ar\/wp-content\/uploads\/2022\/06\/RM-958-22.pdf\" target=\"_blank\" rel=\"noopener\">RM N\u00b0 958\/2022<\/a><\/p>\n","protected":false},"excerpt":{"rendered":"<p>Esta l\u00ednea de acci\u00f3n del Ministerio de Educaci\u00f3n de la Naci\u00f3n promueve oportunidades de aprendizaje en \u00e1mbitos laborales El ministro de Educaci\u00f3n de la Naci\u00f3n, Jaime Perczyk, anunci\u00f3 la construcci\u00f3n o refacci\u00f3n de espacios en escuelas secundarias de Educaci\u00f3n T\u00e9cnico Profesional (ETP), para ser utilizados como comedores. En el marco de dichas obras, estudiantes del [&hellip;]<\/p>\n","protected":false},"author":7,"featured_media":36550,"comment_status":"closed","ping_status":"open","sticky":false,"template":"","format":"standard","meta":{"footnotes":""},"categories":[1,14],"tags":[],"class_list":["post-36545","post","type-post","status-publish","format-standard","has-post-thumbnail","hentry","category-noticias","category-noticias-fijas"],"_links":{"self":[{"href":"https:\/\/www.inet.edu.ar\/index.php\/wp-json\/wp\/v2\/posts\/36545","targetHints":{"allow":["GET"]}}],"collection":[{"href":"https:\/\/www.inet.edu.ar\/index.php\/wp-json\/wp\/v2\/posts"}],"about":[{"href":"https:\/\/www.inet.edu.ar\/index.php\/wp-json\/wp\/v2\/types\/post"}],"author":[{"embeddable":true,"href":"https:\/\/www.inet.edu.ar\/index.php\/wp-json\/wp\/v2\/users\/7"}],"replies":[{"embeddable":true,"href":"https:\/\/www.inet.edu.ar\/index.php\/wp-json\/wp\/v2\/comments?post=36545"}],"version-history":[{"count":7,"href":"https:\/\/www.inet.edu.ar\/index.php\/wp-json\/wp\/v2\/posts\/36545\/revisions"}],"predecessor-version":[{"id":36590,"href":"https:\/\/www.inet.edu.ar\/index.php\/wp-json\/wp\/v2\/posts\/36545\/revisions\/36590"}],"wp:featuredmedia":[{"embeddable":true,"href":"https:\/\/www.inet.edu.ar\/index.php\/wp-json\/wp\/v2\/media\/36550"}],"wp:attachment":[{"href":"https:\/\/www.inet.edu.ar\/index.php\/wp-json\/wp\/v2\/media?parent=36545"}],"wp:term":[{"taxonomy":"category","embeddable":true,"href":"https:\/\/www.inet.edu.ar\/index.php\/wp-json\/wp\/v2\/categories?post=36545"},{"taxonomy":"post_tag","embeddable":true,"href":"https:\/\/www.inet.edu.ar\/index.php\/wp-json\/wp\/v2\/tags?post=36545"}],"curies":[{"name":"wp","href":"https:\/\/api.w.org\/{rel}","templated":true}]}}