{"id":36574,"date":"2022-09-08T11:24:27","date_gmt":"2022-09-08T14:24:27","guid":{"rendered":"https:\/\/www.inet.edu.ar\/?p=36574"},"modified":"2022-09-08T11:24:27","modified_gmt":"2022-09-08T14:24:27","slug":"el-inet-presente-en-la-reunion-del-consejo-provincial-de-educacion-trabajo-y-produccion-de-corrientes","status":"publish","type":"post","link":"https:\/\/www.inet.edu.ar\/index.php\/el-inet-presente-en-la-reunion-del-consejo-provincial-de-educacion-trabajo-y-produccion-de-corrientes\/","title":{"rendered":"El INET presente en la reuni\u00f3n del Consejo Provincial de Educaci\u00f3n, Trabajo y Producci\u00f3n de Corrientes"},"content":{"rendered":"<p style=\"text-align: center;\"><em>Con presencia de autoridades nacionales, provinciales, municipales, y representantes de distintas entidades, gremios y organismos<\/em><\/p>\n<p>Se realiz\u00f3 en Corrientes capital la XVIII reuni\u00f3n del Consejo Provincial de Educaci\u00f3n, Trabajo y Producci\u00f3n (CoPETyP), en la que\u00a0se trabaj\u00f3 sobre perfiles profesionales necesarios en la jurisdicci\u00f3n, al mismo tiempo que se intercambiaron propuestas y estados de situaci\u00f3n con el fin de direccionar acciones futuras.<\/p>\n<p>Participaron del encuentro la ministra de Educaci\u00f3n de la provincia, Pr\u00e1xedes L\u00f3pez; el director ejecutivo del Instituto Nacional de Educaci\u00f3n Tecnol\u00f3gica (INET), Gerardo Marchesini; el secretario permanente del Consejo Nacional (CoNETyP), Sergio Pianciola; junto al director de ETP local, Horacio Mart\u00ednez.<\/p>\n<p>En la apertura, la ministra L\u00f3pez destac\u00f3 la importancia de la reuni\u00f3n <em>\u201cpara seguir construyendo la provincia que queremos, el pa\u00eds que queremos y el sector productivo que necesitamos\u201d.<\/em><\/p>\n<p>En el mismo sentido, Marchesini indic\u00f3: <em>\u201cTenemos la obligaci\u00f3n en estas mesas, de apuntar a la cualificaci\u00f3n, y para eso debemos escuchar al otro, comprometernos y responder a la demanda laboral. Hoy el mundo nos desaf\u00eda a pensar otras alternativas y nos desaf\u00eda a un v\u00ednculo mucho m\u00e1s estrecho con las pr\u00e1cticas profesionalizantes para tener un ida y vuelta entre los dise\u00f1os curriculares y la flexibilidad que permite cada perfil en su formaci\u00f3n, y eso se construye ac\u00e1, en esta mesa de discusi\u00f3n\u201d<\/em>.<\/p>\n<p>Por su parte, Pianciola asegur\u00f3 que <em>\u201c\u00e9ste es un lugar de encuentro y nos necesitamos todos para generar una mejor Educaci\u00f3n T\u00e9cnico Profesional con perfiles formados para el trabajo.\u201d<\/em><\/p>\n<p>La jornada incluy\u00f3 recorridos a las obras de la Escuela T\u00e9cnica de Construcci\u00f3n Portuaria y V\u00edas Navegables y a la Escuela T\u00e9cnica Bernardino Rivadavia. Las autoridades tambi\u00e9n visitaron la Escuela T\u00e9cnica \u201cFray Luis Beltr\u00e1n\u201d, donde se est\u00e1 implementando la Educaci\u00f3n Profesional Secundaria (EPS) con orientaci\u00f3n en el sector Automotor -la nueva trayectoria de nivel Secundario de ETP, destinada a j\u00f3venes de 15 a 18 a\u00f1os desvinculados del sistema educativo y que integra la Formaci\u00f3n Profesional y la Formaci\u00f3n General-.<\/p>\n<p>Por la tarde, el director del INET brind\u00f3 una conferencia (\u201cPr\u00e1cticas y proyecciones en la Educaci\u00f3n T\u00e9cnico Profesional\u201d) para docentes y directivos de instituciones, y equipos t\u00e9cnicos.<\/p>\n<p>Desde el INET y el <a href=\"https:\/\/www.inet.edu.ar\/index.php\/conetyp\/\" target=\"_blank\" rel=\"noopener\">CoNETyP,<\/a> se est\u00e1 trabajando para constituir y fortalecer los <a href=\"https:\/\/www.inet.edu.ar\/index.php\/conetyp\/consejos-provinciales\/\">CoPETyPs<\/a> en todas las jurisdicciones. Tambi\u00e9n, se prev\u00e9 la constituci\u00f3n de Consejos Locales. De esta manera, se busca establecer un di\u00e1logo permanente entre los distintos actores sociales de educaci\u00f3n, trabajo y producci\u00f3n. Cabe se\u00f1alar que, a trav\u00e9s de sus foros sectoriales, se est\u00e1 discutiendo, dise\u00f1ando y aprobando distintos perfiles profesionales que luego conformar\u00e1n el <a href=\"http:\/\/catalogo.inet.edu.ar\/\">Cat\u00e1logo Nacional de T\u00edtulos y Certificaciones<\/a>.<\/p>\n","protected":false},"excerpt":{"rendered":"<p>Con presencia de autoridades nacionales, provinciales, municipales, y representantes de distintas entidades, gremios y organismos Se realiz\u00f3 en Corrientes capital la XVIII reuni\u00f3n del Consejo Provincial de Educaci\u00f3n, Trabajo y Producci\u00f3n (CoPETyP), en la que\u00a0se trabaj\u00f3 sobre perfiles profesionales necesarios en la jurisdicci\u00f3n, al mismo tiempo que se intercambiaron propuestas y estados de situaci\u00f3n con [&hellip;]<\/p>\n","protected":false},"author":7,"featured_media":36578,"comment_status":"closed","ping_status":"open","sticky":false,"template":"","format":"standard","meta":{"footnotes":""},"categories":[1,14],"tags":[],"class_list":["post-36574","post","type-post","status-publish","format-standard","has-post-thumbnail","hentry","category-noticias","category-noticias-fijas"],"_links":{"self":[{"href":"https:\/\/www.inet.edu.ar\/index.php\/wp-json\/wp\/v2\/posts\/36574","targetHints":{"allow":["GET"]}}],"collection":[{"href":"https:\/\/www.inet.edu.ar\/index.php\/wp-json\/wp\/v2\/posts"}],"about":[{"href":"https:\/\/www.inet.edu.ar\/index.php\/wp-json\/wp\/v2\/types\/post"}],"author":[{"embeddable":true,"href":"https:\/\/www.inet.edu.ar\/index.php\/wp-json\/wp\/v2\/users\/7"}],"replies":[{"embeddable":true,"href":"https:\/\/www.inet.edu.ar\/index.php\/wp-json\/wp\/v2\/comments?post=36574"}],"version-history":[{"count":3,"href":"https:\/\/www.inet.edu.ar\/index.php\/wp-json\/wp\/v2\/posts\/36574\/revisions"}],"predecessor-version":[{"id":36577,"href":"https:\/\/www.inet.edu.ar\/index.php\/wp-json\/wp\/v2\/posts\/36574\/revisions\/36577"}],"wp:featuredmedia":[{"embeddable":true,"href":"https:\/\/www.inet.edu.ar\/index.php\/wp-json\/wp\/v2\/media\/36578"}],"wp:attachment":[{"href":"https:\/\/www.inet.edu.ar\/index.php\/wp-json\/wp\/v2\/media?parent=36574"}],"wp:term":[{"taxonomy":"category","embeddable":true,"href":"https:\/\/www.inet.edu.ar\/index.php\/wp-json\/wp\/v2\/categories?post=36574"},{"taxonomy":"post_tag","embeddable":true,"href":"https:\/\/www.inet.edu.ar\/index.php\/wp-json\/wp\/v2\/tags?post=36574"}],"curies":[{"name":"wp","href":"https:\/\/api.w.org\/{rel}","templated":true}]}}