{"id":36580,"date":"2022-09-09T11:37:28","date_gmt":"2022-09-09T14:37:28","guid":{"rendered":"https:\/\/www.inet.edu.ar\/?p=36580"},"modified":"2022-09-09T11:37:28","modified_gmt":"2022-09-09T14:37:28","slug":"perczyk-es-central-invertir-en-educacion-para-un-pais-de-produccion-y-trabajo","status":"publish","type":"post","link":"https:\/\/www.inet.edu.ar\/index.php\/perczyk-es-central-invertir-en-educacion-para-un-pais-de-produccion-y-trabajo\/","title":{"rendered":"Perczyk \u201cEs central invertir en educaci\u00f3n para un pa\u00eds de producci\u00f3n y trabajo\u201d"},"content":{"rendered":"<p style=\"text-align: center;\"><em>El Ministro de Educaci\u00f3n de la Naci\u00f3n, Jaime Perczyk, asegur\u00f3 que \u201cacercar el trabajo a la escuela es fundamental para un pa\u00eds que quiere industrializarse y producir\u201d y sostuvo que \u201ces central invertir en la educaci\u00f3n argentina y en la ense\u00f1anza t\u00e9cnico profesional\u201d.<\/em><\/p>\n<p>En el marco del <strong>17\u00b0 aniversario de la sanci\u00f3n de la Ley de Educaci\u00f3n T\u00e9cnico Profesional (ETP) 26.058\/05<\/strong>, Perczyk firm\u00f3 convenios en La Plata con el director General de Cultura y Educaci\u00f3n, Alberto Sileoni, y entreg\u00f3 certificados Forjar a instituciones de la provincia de Buenos Aires..<\/p>\n<p><em>\u201cHace 17 a\u00f1os el Congreso de la Naci\u00f3n sancionaba una ley que le dio vida a la Educaci\u00f3n T\u00e9cnico Profesional en la Argentina. Para las escuelas y los institutos t\u00e9cnicos fue un antes y un despu\u00e9s. Estamos financiando, refaccionando y construyendo escuelas t\u00e9cnicas nuevas\u201d<\/em>, subray\u00f3.<\/p>\n<p>Resalt\u00f3 tambi\u00e9n que el programa Formaci\u00f3n de J\u00f3venes Argentinos para el Trabajo (FORJAR)\u00a0<em>\u201cimplica 7 mil millones de pesos de transferencia directa a las escuela, institutos superiores y centros de formaci\u00f3n profesional t\u00e9cnica para su equipamiento\u201d<\/em>.\u00a0<em>\u201cCreemos que un pa\u00eds que tiene que ser de trabajo y producci\u00f3n tiene que tener un sistema educativo que ense\u00f1e a producir y trabajar. Acercar el trabajo a la escuela es central. Este es el camino para mejorar la educaci\u00f3n argentina y la t\u00e9cnico profesional, el otro es el desierto, es que en la escuela no haya nada\u201d<\/em>, precis\u00f3.<\/p>\n<p>Durante el acto, Perczyk y Sileoni firmaron adem\u00e1s un convenio para la implementaci\u00f3n del programa CLAN (Capacitaci\u00f3n Laboral de Alcance Nacional) en la provincia, para que escuelas secundarias orientadas brinden capacitaci\u00f3n laboral a sus estudiantes.\u00a0La cartera educativa nacional financiar\u00e1, durante los pr\u00f3ximos ciclos lectivos 2022-2023, 500 propuestas formativas de 300 horas reloj para estudiantes de quinto y sexto a\u00f1o.<\/p>\n<p>Participaron del acto tambi\u00e9n el director Ejecutivo del Instituto Nacional de Educaci\u00f3n Tecnol\u00f3gica (INET), Gerardo Marchesini; y los intendentes de Ensenada, Mario Secco y de Berisso, Fabi\u00e1n Cagliardi; entre otros funcionarios nacionales y provinciales; equipos directivos y estudiantes de escuelas.<\/p>\n\n\t\t<style type=\"text\/css\">\n\t\t\t#gallery-1 {\n\t\t\t\tmargin: auto;\n\t\t\t}\n\t\t\t#gallery-1 .gallery-item {\n\t\t\t\tfloat: left;\n\t\t\t\tmargin-top: 10px;\n\t\t\t\ttext-align: center;\n\t\t\t\twidth: 100%;\n\t\t\t}\n\t\t\t#gallery-1 img {\n\t\t\t\tborder: 2px solid #cfcfcf;\n\t\t\t}\n\t\t\t#gallery-1 .gallery-caption {\n\t\t\t\tmargin-left: 0;\n\t\t\t}\n\t\t\t\/* see gallery_shortcode() in wp-includes\/media.php *\/\n\t\t<\/style>\n\t\t<div id='gallery-1' class='gallery galleryid-36580 gallery-columns-1 gallery-size-large'><dl class='gallery-item'>\n\t\t\t<dt class='gallery-icon landscape'>\n\t\t\t\t<a href='https:\/\/www.inet.edu.ar\/index.php\/perczyk-es-central-invertir-en-educacion-para-un-pais-de-produccion-y-trabajo\/dsc_8598\/#main'><img loading=\"lazy\" decoding=\"async\" width=\"468\" height=\"312\" src=\"https:\/\/www.inet.edu.ar\/wp-content\/uploads\/2022\/09\/DSC_8598-468x312.jpg\" class=\"attachment-large size-large\" alt=\"\" srcset=\"https:\/\/www.inet.edu.ar\/wp-content\/uploads\/2022\/09\/DSC_8598-468x312.jpg 468w, https:\/\/www.inet.edu.ar\/wp-content\/uploads\/2022\/09\/DSC_8598-150x100.jpg 150w, https:\/\/www.inet.edu.ar\/wp-content\/uploads\/2022\/09\/DSC_8598-240x160.jpg 240w, https:\/\/www.inet.edu.ar\/wp-content\/uploads\/2022\/09\/DSC_8598-768x512.jpg 768w\" sizes=\"auto, (max-width: 468px) 100vw, 468px\" \/><\/a>\n\t\t\t<\/dt><\/dl><br style=\"clear: both\" \/>\n\t\t<\/div>\n\n","protected":false},"excerpt":{"rendered":"<p>El Ministro de Educaci\u00f3n de la Naci\u00f3n, Jaime Perczyk, asegur\u00f3 que \u201cacercar el trabajo a la escuela es fundamental para un pa\u00eds que quiere industrializarse y producir\u201d y sostuvo que \u201ces central invertir en la educaci\u00f3n argentina y en la ense\u00f1anza t\u00e9cnico profesional\u201d. En el marco del 17\u00b0 aniversario de la sanci\u00f3n de la Ley [&hellip;]<\/p>\n","protected":false},"author":7,"featured_media":36585,"comment_status":"closed","ping_status":"open","sticky":false,"template":"","format":"standard","meta":{"footnotes":""},"categories":[1,14],"tags":[],"class_list":["post-36580","post","type-post","status-publish","format-standard","has-post-thumbnail","hentry","category-noticias","category-noticias-fijas"],"_links":{"self":[{"href":"https:\/\/www.inet.edu.ar\/index.php\/wp-json\/wp\/v2\/posts\/36580","targetHints":{"allow":["GET"]}}],"collection":[{"href":"https:\/\/www.inet.edu.ar\/index.php\/wp-json\/wp\/v2\/posts"}],"about":[{"href":"https:\/\/www.inet.edu.ar\/index.php\/wp-json\/wp\/v2\/types\/post"}],"author":[{"embeddable":true,"href":"https:\/\/www.inet.edu.ar\/index.php\/wp-json\/wp\/v2\/users\/7"}],"replies":[{"embeddable":true,"href":"https:\/\/www.inet.edu.ar\/index.php\/wp-json\/wp\/v2\/comments?post=36580"}],"version-history":[{"count":5,"href":"https:\/\/www.inet.edu.ar\/index.php\/wp-json\/wp\/v2\/posts\/36580\/revisions"}],"predecessor-version":[{"id":36587,"href":"https:\/\/www.inet.edu.ar\/index.php\/wp-json\/wp\/v2\/posts\/36580\/revisions\/36587"}],"wp:featuredmedia":[{"embeddable":true,"href":"https:\/\/www.inet.edu.ar\/index.php\/wp-json\/wp\/v2\/media\/36585"}],"wp:attachment":[{"href":"https:\/\/www.inet.edu.ar\/index.php\/wp-json\/wp\/v2\/media?parent=36580"}],"wp:term":[{"taxonomy":"category","embeddable":true,"href":"https:\/\/www.inet.edu.ar\/index.php\/wp-json\/wp\/v2\/categories?post=36580"},{"taxonomy":"post_tag","embeddable":true,"href":"https:\/\/www.inet.edu.ar\/index.php\/wp-json\/wp\/v2\/tags?post=36580"}],"curies":[{"name":"wp","href":"https:\/\/api.w.org\/{rel}","templated":true}]}}