{"id":36726,"date":"2022-10-17T22:05:30","date_gmt":"2022-10-18T01:05:30","guid":{"rendered":"https:\/\/www.inet.edu.ar\/?p=36726"},"modified":"2022-10-24T13:29:47","modified_gmt":"2022-10-24T16:29:47","slug":"el-inet-y-el-inta-se-unen-para-capacitar-a-docentes-de-escuelas-agrotecnicas","status":"publish","type":"post","link":"https:\/\/www.inet.edu.ar\/index.php\/el-inet-y-el-inta-se-unen-para-capacitar-a-docentes-de-escuelas-agrotecnicas\/","title":{"rendered":"El INET y el INTA se unen para capacitar a docentes de escuelas agrot\u00e9cnicas"},"content":{"rendered":"<h3 style=\"text-align: center;\">CUPO COMPLETO<\/h3>\n<p style=\"text-align: center;\"><em>El pr\u00f3ximo 19 de octubre inicia el ciclo de seminarios virtuales <strong>\u201cNuevas tecnolog\u00edas para la producci\u00f3n de alimentos\u201d<\/strong>, a trav\u00e9s del Centro Nacional de Educaci\u00f3n Tecnol\u00f3gica (CeNET) del INET, y de la plataforma PROCADIS del INTA<\/em><\/p>\n<p>Con el objetivo de acercar conocimientos sobre las innovaciones tecnol\u00f3gicas agropecuarias en el \u00e1mbito de la alimentaci\u00f3n, se realizar\u00e1 un ciclo de seminarios virtuales destinados a equipos directivos y docentes de escuelas secundarias agrot\u00e9cnicas.<\/p>\n<p>Es organizado por el Instituto Nacional de Educaci\u00f3n Tecnol\u00f3gica (INET), dependiente del Ministerio de Educaci\u00f3n, y el Instituto Nacional de Tecnolog\u00eda Agropecuaria (INTA), de la Secretar\u00eda de Agricultura, Ganader\u00eda y Pesca (Ministerio de Econom\u00eda).<\/p>\n<p>El ciclo est\u00e1 diagramado en 3 seminarios: <em>\u00abIntroducci\u00f3n a las nuevas tecnolog\u00edas para la producci\u00f3n de alimentos. Desaf\u00edos productivos y demandas de contexto\u201d<\/em>; <em>\u201cInnovaciones tecnol\u00f3gicas para la producci\u00f3n de alimentos, atendiendo nuevas demandas de consumo\u201d<\/em>; e <em>\u201cInnovaciones tecnol\u00f3gicas para la producci\u00f3n de alimentos y la clave del desarrollo sostenible\u201d<\/em>.<\/p>\n<p>La inscripci\u00f3n se encuentra abierta. Se realizar\u00e1 a trav\u00e9s de la plataforma <a href=\"https:\/\/campus.inta.gob.ar\/\" target=\"_blank\" rel=\"noopener\">https:\/\/campus.inta.gob.ar\/<\/a> del INTA, de manera sincr\u00f3nica y asincr\u00f3nica. Se entregar\u00e1n certificados de asistencia.<\/p>\n<p>La capacitaci\u00f3n pretende dar cuenta de los avances y las innovaciones tecnol\u00f3gicas que la producci\u00f3n agropecuaria en Argentina viene incorporando a sus procesos de gesti\u00f3n, y las tendencias que impulsan su creciente desarrollo, tanto a nivel local como global.<\/p>\n<p>M\u00e1s informaci\u00f3n:<br \/>\n<a href=\"https:\/\/www.inet.edu.ar\/index.php\/cenet\/ciclo-de-seminarios-web-cenet-inta\/\" target=\"_blank\" rel=\"noopener\">https:\/\/www.inet.edu.ar\/index.php\/cenet\/ciclo-de-seminarios-web-cenet-inta\/<\/a><\/p>\n\n\t\t<style type=\"text\/css\">\n\t\t\t#gallery-1 {\n\t\t\t\tmargin: auto;\n\t\t\t}\n\t\t\t#gallery-1 .gallery-item {\n\t\t\t\tfloat: left;\n\t\t\t\tmargin-top: 10px;\n\t\t\t\ttext-align: center;\n\t\t\t\twidth: 100%;\n\t\t\t}\n\t\t\t#gallery-1 img {\n\t\t\t\tborder: 2px solid #cfcfcf;\n\t\t\t}\n\t\t\t#gallery-1 .gallery-caption {\n\t\t\t\tmargin-left: 0;\n\t\t\t}\n\t\t\t\/* see gallery_shortcode() in wp-includes\/media.php *\/\n\t\t<\/style>\n\t\t<div id='gallery-1' class='gallery galleryid-36726 gallery-columns-1 gallery-size-large'><dl class='gallery-item'>\n\t\t\t<dt class='gallery-icon portrait'>\n\t\t\t\t<a href='https:\/\/www.inet.edu.ar\/index.php\/el-inet-y-el-inta-se-unen-para-capacitar-a-docentes-de-escuelas-agrotecnicas\/curso_cenet-inta01\/#main'><img loading=\"lazy\" decoding=\"async\" width=\"468\" height=\"468\" src=\"https:\/\/www.inet.edu.ar\/wp-content\/uploads\/2022\/10\/CURSO_CENET-INTA01-468x468.png\" class=\"attachment-large size-large\" alt=\"\" srcset=\"https:\/\/www.inet.edu.ar\/wp-content\/uploads\/2022\/10\/CURSO_CENET-INTA01-468x468.png 468w, https:\/\/www.inet.edu.ar\/wp-content\/uploads\/2022\/10\/CURSO_CENET-INTA01-240x240.png 240w, https:\/\/www.inet.edu.ar\/wp-content\/uploads\/2022\/10\/CURSO_CENET-INTA01-768x768.png 768w\" sizes=\"auto, (max-width: 468px) 100vw, 468px\" \/><\/a>\n\t\t\t<\/dt><\/dl><br style=\"clear: both\" \/><dl class='gallery-item'>\n\t\t\t<dt class='gallery-icon portrait'>\n\t\t\t\t<a href='https:\/\/www.inet.edu.ar\/index.php\/el-inet-y-el-inta-se-unen-para-capacitar-a-docentes-de-escuelas-agrotecnicas\/curso_cenet-inta02\/#main'><img loading=\"lazy\" decoding=\"async\" width=\"468\" height=\"468\" src=\"https:\/\/www.inet.edu.ar\/wp-content\/uploads\/2022\/10\/CURSO_CENET-INTA02-468x468.png\" class=\"attachment-large size-large\" alt=\"\" srcset=\"https:\/\/www.inet.edu.ar\/wp-content\/uploads\/2022\/10\/CURSO_CENET-INTA02-468x468.png 468w, https:\/\/www.inet.edu.ar\/wp-content\/uploads\/2022\/10\/CURSO_CENET-INTA02-240x240.png 240w, https:\/\/www.inet.edu.ar\/wp-content\/uploads\/2022\/10\/CURSO_CENET-INTA02-768x768.png 768w\" sizes=\"auto, (max-width: 468px) 100vw, 468px\" \/><\/a>\n\t\t\t<\/dt><\/dl><br style=\"clear: both\" \/><dl class='gallery-item'>\n\t\t\t<dt class='gallery-icon portrait'>\n\t\t\t\t<a href='https:\/\/www.inet.edu.ar\/index.php\/el-inet-y-el-inta-se-unen-para-capacitar-a-docentes-de-escuelas-agrotecnicas\/curso_cenet-inta03\/#main'><img loading=\"lazy\" decoding=\"async\" width=\"468\" height=\"468\" src=\"https:\/\/www.inet.edu.ar\/wp-content\/uploads\/2022\/10\/CURSO_CENET-INTA03-468x468.png\" class=\"attachment-large size-large\" alt=\"\" srcset=\"https:\/\/www.inet.edu.ar\/wp-content\/uploads\/2022\/10\/CURSO_CENET-INTA03-468x468.png 468w, https:\/\/www.inet.edu.ar\/wp-content\/uploads\/2022\/10\/CURSO_CENET-INTA03-240x240.png 240w, https:\/\/www.inet.edu.ar\/wp-content\/uploads\/2022\/10\/CURSO_CENET-INTA03-768x768.png 768w\" sizes=\"auto, (max-width: 468px) 100vw, 468px\" \/><\/a>\n\t\t\t<\/dt><\/dl><br style=\"clear: both\" \/>\n\t\t<\/div>\n\n","protected":false},"excerpt":{"rendered":"<p>CUPO COMPLETO El pr\u00f3ximo 19 de octubre inicia el ciclo de seminarios virtuales \u201cNuevas tecnolog\u00edas para la producci\u00f3n de alimentos\u201d, a trav\u00e9s del Centro Nacional de Educaci\u00f3n Tecnol\u00f3gica (CeNET) del INET, y de la plataforma PROCADIS del INTA Con el objetivo de acercar conocimientos sobre las innovaciones tecnol\u00f3gicas agropecuarias en el \u00e1mbito de la alimentaci\u00f3n, [&hellip;]<\/p>\n","protected":false},"author":7,"featured_media":36739,"comment_status":"closed","ping_status":"open","sticky":false,"template":"","format":"standard","meta":{"footnotes":""},"categories":[1,14],"tags":[],"class_list":["post-36726","post","type-post","status-publish","format-standard","has-post-thumbnail","hentry","category-noticias","category-noticias-fijas"],"_links":{"self":[{"href":"https:\/\/www.inet.edu.ar\/index.php\/wp-json\/wp\/v2\/posts\/36726","targetHints":{"allow":["GET"]}}],"collection":[{"href":"https:\/\/www.inet.edu.ar\/index.php\/wp-json\/wp\/v2\/posts"}],"about":[{"href":"https:\/\/www.inet.edu.ar\/index.php\/wp-json\/wp\/v2\/types\/post"}],"author":[{"embeddable":true,"href":"https:\/\/www.inet.edu.ar\/index.php\/wp-json\/wp\/v2\/users\/7"}],"replies":[{"embeddable":true,"href":"https:\/\/www.inet.edu.ar\/index.php\/wp-json\/wp\/v2\/comments?post=36726"}],"version-history":[{"count":11,"href":"https:\/\/www.inet.edu.ar\/index.php\/wp-json\/wp\/v2\/posts\/36726\/revisions"}],"predecessor-version":[{"id":36744,"href":"https:\/\/www.inet.edu.ar\/index.php\/wp-json\/wp\/v2\/posts\/36726\/revisions\/36744"}],"wp:featuredmedia":[{"embeddable":true,"href":"https:\/\/www.inet.edu.ar\/index.php\/wp-json\/wp\/v2\/media\/36739"}],"wp:attachment":[{"href":"https:\/\/www.inet.edu.ar\/index.php\/wp-json\/wp\/v2\/media?parent=36726"}],"wp:term":[{"taxonomy":"category","embeddable":true,"href":"https:\/\/www.inet.edu.ar\/index.php\/wp-json\/wp\/v2\/categories?post=36726"},{"taxonomy":"post_tag","embeddable":true,"href":"https:\/\/www.inet.edu.ar\/index.php\/wp-json\/wp\/v2\/tags?post=36726"}],"curies":[{"name":"wp","href":"https:\/\/api.w.org\/{rel}","templated":true}]}}