{"id":37032,"date":"2023-02-08T16:55:22","date_gmt":"2023-02-08T19:55:22","guid":{"rendered":"https:\/\/www.inet.edu.ar\/?p=37032"},"modified":"2023-05-05T15:33:58","modified_gmt":"2023-05-05T18:33:58","slug":"perczyk-reabrio-el-centro-nacional-de-educacion-tecnologica-del-inet-para-formacion-docente-continua-y-practicas-profesionalizantes","status":"publish","type":"post","link":"https:\/\/www.inet.edu.ar\/index.php\/perczyk-reabrio-el-centro-nacional-de-educacion-tecnologica-del-inet-para-formacion-docente-continua-y-practicas-profesionalizantes\/","title":{"rendered":"Perczyk reabri\u00f3 el Centro Nacional de Educaci\u00f3n Tecnol\u00f3gica del INET, para formaci\u00f3n docente continua y pr\u00e1cticas profesionalizantes"},"content":{"rendered":"<p style=\"text-align: center;\"><em>Se trata del CeNET, hist\u00f3rico centro de formaci\u00f3n por donde pasaron miles de docentes , estudiantes y trabajadores\/as de todo el pa\u00eds<\/em><\/p>\n<p>El ministro de Educaci\u00f3n de la Naci\u00f3n, Jaime Perczyk, reabri\u00f3 hoy un centro de formaci\u00f3n docente continua y pr\u00e1cticas profesionalizantes en el Instituto Nacional de Educaci\u00f3n Tecnol\u00f3gica (INET) y asegur\u00f3 que la Argentina<em> \u201cnecesita que sus j\u00f3venes se formen para ser t\u00e9cnicas y t\u00e9cnicos y que tambi\u00e9n lo hagan las y los trabajadores que no pudieron acceder a la capacitaci\u00f3n\u201d<\/em>.<\/p>\n<p>Perczyk recorri\u00f3 hoy los laboratorios del CeNET que fue inaugurado en 1998, con laboratorios de diversas disciplinas industriales, para capacitar a docentes y trabajadores en nuevas tecnolog\u00edas. Estas capacitaciones fueron luego extendidas a estudiantes y abiertas a la comunidad, para personal de empresas y de gremios y funcion\u00f3 hasta 2015.<\/p>\n<p>Este a\u00f1o inicia un nuevo ciclo de actividades luego de la puesta en valor de su equipamiento y de la reorganizaci\u00f3n de sus entornos. Se ofrecer\u00e1 formaci\u00f3n docente continua, pr\u00e1cticas profesionalizantes, y capacitaci\u00f3n a trabajadoras y trabajadores.<\/p>\n<p><em>\u201cPara que nuestros j\u00f3venes se formen necesitamos pr\u00e1cticas y equipamiento y eso requiere de financiamiento. Estamos haciendo una inversi\u00f3n muy grande en la educaci\u00f3n t\u00e9cnica\u201d<\/em>, sostuvo.<\/p>\n<p>Perczyk recorri\u00f3 los laboratorios de Neum\u00e1tica y PLC; Hidr\u00e1ulica; Industria 4.0; Energ\u00edas Renovables y Eficiencia Energ\u00e9tica; y Proyectos Tecnol\u00f3gicos. Todos ellos est\u00e1n equipados para abordar las capacidades que hacen a los diferentes perfiles profesionales de la ETP.<\/p>\n<p>El recorrido tuvo lugar en el marco del primer encuentro de la Comisi\u00f3n Federal de la ETP del a\u00f1o, con las y los referentes t\u00e9cnico-pol\u00edticos de todas las jurisdicciones. Adem\u00e1s les entreg\u00f3 libros de especialidad t\u00e9cnica para sus instituciones.<\/p>\n<p>La Comisi\u00f3n Federal de la ETP tiene por objetivo discutir pol\u00edticas a implementar en las instituciones de la modalidad para luego presentarlas al Consejo Federal de Educaci\u00f3n.<\/p>\n<p>En esta gesti\u00f3n, la Comisi\u00f3n retoma el prop\u00f3sito de construcci\u00f3n federal de los acuerdos pol\u00edtico-t\u00e9cnicos entre las jurisdicciones nacional, provinciales y de la Ciudad Aut\u00f3noma de Buenos Aires \u2013seg\u00fan lo establece la Ley de ETP 26.058\/05, en el marco de las actuales definiciones del Ministerio de Educaci\u00f3n de la Naci\u00f3n.<\/p>\n<p>La reapertura del CeNET se suma a las pol\u00edticas que est\u00e1 implementando el Gobierno Nacional de fortalecimiento de la Educaci\u00f3n T\u00e9cnico Profesional.<\/p>\n<p>En el acto, estuvieron presentes tambi\u00e9n el director ejecutivo del INET, Gerardo Marchesini; el jefe de Gabinete del Ministerio de Educaci\u00f3n, Daniel Pico; los directores nacionales de ETP, y de Educaci\u00f3n, Trabajo y Producci\u00f3n (ETyP), Gustavo Peltzer y Nora Estrada respectivamente, y la coordinadora nacional de Formaci\u00f3n Continua, Jazm\u00edn Belossi, entre otros.<\/p>\n","protected":false},"excerpt":{"rendered":"<p>Se trata del CeNET, hist\u00f3rico centro de formaci\u00f3n por donde pasaron miles de docentes , estudiantes y trabajadores\/as de todo el pa\u00eds El ministro de Educaci\u00f3n de la Naci\u00f3n, Jaime Perczyk, reabri\u00f3 hoy un centro de formaci\u00f3n docente continua y pr\u00e1cticas profesionalizantes en el Instituto Nacional de Educaci\u00f3n Tecnol\u00f3gica (INET) y asegur\u00f3 que la Argentina [&hellip;]<\/p>\n","protected":false},"author":7,"featured_media":37056,"comment_status":"closed","ping_status":"open","sticky":false,"template":"","format":"standard","meta":{"footnotes":""},"categories":[1,14],"tags":[],"class_list":["post-37032","post","type-post","status-publish","format-standard","has-post-thumbnail","hentry","category-noticias","category-noticias-fijas"],"_links":{"self":[{"href":"https:\/\/www.inet.edu.ar\/index.php\/wp-json\/wp\/v2\/posts\/37032","targetHints":{"allow":["GET"]}}],"collection":[{"href":"https:\/\/www.inet.edu.ar\/index.php\/wp-json\/wp\/v2\/posts"}],"about":[{"href":"https:\/\/www.inet.edu.ar\/index.php\/wp-json\/wp\/v2\/types\/post"}],"author":[{"embeddable":true,"href":"https:\/\/www.inet.edu.ar\/index.php\/wp-json\/wp\/v2\/users\/7"}],"replies":[{"embeddable":true,"href":"https:\/\/www.inet.edu.ar\/index.php\/wp-json\/wp\/v2\/comments?post=37032"}],"version-history":[{"count":3,"href":"https:\/\/www.inet.edu.ar\/index.php\/wp-json\/wp\/v2\/posts\/37032\/revisions"}],"predecessor-version":[{"id":37048,"href":"https:\/\/www.inet.edu.ar\/index.php\/wp-json\/wp\/v2\/posts\/37032\/revisions\/37048"}],"wp:featuredmedia":[{"embeddable":true,"href":"https:\/\/www.inet.edu.ar\/index.php\/wp-json\/wp\/v2\/media\/37056"}],"wp:attachment":[{"href":"https:\/\/www.inet.edu.ar\/index.php\/wp-json\/wp\/v2\/media?parent=37032"}],"wp:term":[{"taxonomy":"category","embeddable":true,"href":"https:\/\/www.inet.edu.ar\/index.php\/wp-json\/wp\/v2\/categories?post=37032"},{"taxonomy":"post_tag","embeddable":true,"href":"https:\/\/www.inet.edu.ar\/index.php\/wp-json\/wp\/v2\/tags?post=37032"}],"curies":[{"name":"wp","href":"https:\/\/api.w.org\/{rel}","templated":true}]}}