{"id":37175,"date":"2023-03-07T14:51:21","date_gmt":"2023-03-07T17:51:21","guid":{"rendered":"https:\/\/www.inet.edu.ar\/?p=37175"},"modified":"2023-03-07T14:51:21","modified_gmt":"2023-03-07T17:51:21","slug":"perczyk-inauguro-un-nuevo-centro-de-educacion-tecnica-y-anuncio-obras-para-escuelas-de-rio-negro","status":"publish","type":"post","link":"https:\/\/www.inet.edu.ar\/index.php\/perczyk-inauguro-un-nuevo-centro-de-educacion-tecnica-y-anuncio-obras-para-escuelas-de-rio-negro\/","title":{"rendered":"Perczyk inaugur\u00f3 un nuevo Centro de Educaci\u00f3n T\u00e9cnica y anunci\u00f3 obras para escuelas de R\u00edo Negro"},"content":{"rendered":"<p style=\"text-align: center;\"><em>El ministro de Educaci\u00f3n de la Naci\u00f3n, Jaime Perczyk, inaugur\u00f3 hoy el edificio del Centro de Educaci\u00f3n T\u00e9cnica N\u00b0 32 de la ciudad de San Antonio Oeste, en la provincia de R\u00edo Negro donde asegur\u00f3 que la Argentina \u201cnecesita m\u00e1s escuelas t\u00e9cnicas para mejorar la producci\u00f3n y el trabajo\u201d<\/em><\/p>\n<p><em>\u201cHacer obras en las universidades, en las escuelas, construir jardines y m\u00e1s de cien nuevas escuelas t\u00e9cnicas es una decisi\u00f3n pol\u00edtica de este gobierno. Si queremos ser una sociedad m\u00e1s justa y federal de verdad en la que haya trabajo y producci\u00f3n hay que fortalecer la inversi\u00f3n en educaci\u00f3n\u201d<\/em>, resalt\u00f3.<\/p>\n<p>Plante\u00f3 que<em> \u201cnecesitamos duplicar la cantidad de estudiantes de escuelas t\u00e9cnicas y eso requiere m\u00e1s edificios, m\u00e1s entornos formativos y una decisi\u00f3n pol\u00edtica de invertir y no deberle nada a la educaci\u00f3n y ese es el camino que inici\u00f3 este gobierno\u201d<\/em>.<\/p>\n<p>Acompa\u00f1ado por el ministro de Educaci\u00f3n y Derechos Humanos de R\u00edo Negro, Pablo Nu\u00f1ez, Perczyk inaugur\u00f3 el nuevo edificio destinado a la especialidad de Gastronom\u00eda y Hoteler\u00eda.<\/p>\n<p>Con una inversi\u00f3n de m\u00e1s de 290 millones de pesos, la obra fue financiada por el Gobierno nacional a trav\u00e9s del Instituto Nacional de Educaci\u00f3n Tecnol\u00f3gica (INET). El centro cuenta con 8 aulas, un sector para realizar talleres y un SUM.<\/p>\n<p>Nu\u00f1ez sostuvo que<em> \u201chay un \u00fanico sentimiento que es el de alegr\u00eda y el cumplir un objetivo que nos propusimos como comunidad, como ciudad, como ministerio y gesti\u00f3n provincial hace muchos a\u00f1os\u00bb<\/em>.<\/p>\n<p>\u00abEn 2012 la educaci\u00f3n t\u00e9cnica profesional contaba con 25 establecimientos en la provincia y nosotros tomamos la decisi\u00f3n de duplicar la matr\u00edcula, y en ese sentido destacamos el acompa\u00f1amiento que tenemos del Gobierno nacional\u00bb, subray\u00f3.<\/p>\n<p>Durante la jornada se rubric\u00f3 adem\u00e1s un convenio de Cooperaci\u00f3n Educativa entre el Ministerio de Educaci\u00f3n de la Naci\u00f3n y el Ministerio de Educaci\u00f3n y Derechos Humanos de R\u00edo Negro, con el objetivo de finalizar distintas obras como talleres, sanitarios, SUM, cocina, comedor y otras dependencias en los centros de educaci\u00f3n t\u00e9cnica N\u00b0 28 de Bariloche, N\u00b0 18 de Villa Regina y N\u00b0 6 de Viedma.<\/p>\n<p>La inversi\u00f3n para estos tres establecimientos ser\u00e1 de m\u00e1s de $423 millones de pesos. Adem\u00e1s se realiz\u00f3 la firma de un contrato de obra para la ampliaci\u00f3n del sal\u00f3n de usos m\u00faltiples (SUM) de la Escuela Primaria N\u00b0 15 de Valcheta.<\/p>\n<p>Perczyk tambi\u00e9n anunci\u00f3 que pr\u00f3ximamente se firmar\u00e1n los contratos para la ejecuci\u00f3n de cuatro obras en la provincia de R\u00edo Negro para la creaci\u00f3n de tres nuevas escuelas primarias en las ciudades de Allen, General Fern\u00e1ndez Oro y General Roca y la ampliaci\u00f3n del jard\u00edn de infantes N\u00b0 103 del barrio Chacra Monte en General Roca, con una inversi\u00f3n de m\u00e1s de mil millones de pesos.<\/p>\n<p>El acto cont\u00f3 con la presencia del secretario del Consejo Federal de Educaci\u00f3n, Marcelo Mango; el director ejecutivo del INET, Gerardo Marchesini; el intendente de San Antonio Oeste, Jorge Adrian Casadei; el rector de la Universidad Nacional de R\u00edo Negro, Anselmo Torres; el asesor Ejecutivo del Ministerio de Educaci\u00f3n nacional, Mario Caputo; y la directora del establecimiento, Y\u00e9sica Ochoa.<\/p>\n\n\t\t<style type=\"text\/css\">\n\t\t\t#gallery-1 {\n\t\t\t\tmargin: auto;\n\t\t\t}\n\t\t\t#gallery-1 .gallery-item {\n\t\t\t\tfloat: left;\n\t\t\t\tmargin-top: 10px;\n\t\t\t\ttext-align: center;\n\t\t\t\twidth: 50%;\n\t\t\t}\n\t\t\t#gallery-1 img {\n\t\t\t\tborder: 2px solid #cfcfcf;\n\t\t\t}\n\t\t\t#gallery-1 .gallery-caption {\n\t\t\t\tmargin-left: 0;\n\t\t\t}\n\t\t\t\/* see gallery_shortcode() in wp-includes\/media.php *\/\n\t\t<\/style>\n\t\t<div id='gallery-1' class='gallery galleryid-37175 gallery-columns-2 gallery-size-medium'><dl class='gallery-item'>\n\t\t\t<dt class='gallery-icon landscape'>\n\t\t\t\t<a href='https:\/\/www.inet.edu.ar\/index.php\/perczyk-inauguro-un-nuevo-centro-de-educacion-tecnica-y-anuncio-obras-para-escuelas-de-rio-negro\/whatsapp-image-2023-03-07-at-14-43-20-1\/#main'><img loading=\"lazy\" decoding=\"async\" width=\"240\" height=\"160\" src=\"https:\/\/www.inet.edu.ar\/wp-content\/uploads\/2023\/03\/WhatsApp-Image-2023-03-07-at-14.43.20-1-240x160.jpeg\" class=\"attachment-medium size-medium\" alt=\"\" srcset=\"https:\/\/www.inet.edu.ar\/wp-content\/uploads\/2023\/03\/WhatsApp-Image-2023-03-07-at-14.43.20-1-240x160.jpeg 240w, https:\/\/www.inet.edu.ar\/wp-content\/uploads\/2023\/03\/WhatsApp-Image-2023-03-07-at-14.43.20-1-150x100.jpeg 150w, https:\/\/www.inet.edu.ar\/wp-content\/uploads\/2023\/03\/WhatsApp-Image-2023-03-07-at-14.43.20-1-768x512.jpeg 768w, https:\/\/www.inet.edu.ar\/wp-content\/uploads\/2023\/03\/WhatsApp-Image-2023-03-07-at-14.43.20-1-468x312.jpeg 468w, https:\/\/www.inet.edu.ar\/wp-content\/uploads\/2023\/03\/WhatsApp-Image-2023-03-07-at-14.43.20-1.jpeg 1600w\" sizes=\"auto, (max-width: 240px) 100vw, 240px\" \/><\/a>\n\t\t\t<\/dt><\/dl><dl class='gallery-item'>\n\t\t\t<dt class='gallery-icon landscape'>\n\t\t\t\t<a href='https:\/\/www.inet.edu.ar\/index.php\/perczyk-inauguro-un-nuevo-centro-de-educacion-tecnica-y-anuncio-obras-para-escuelas-de-rio-negro\/whatsapp-image-2023-03-07-at-14-43-19\/#main'><img loading=\"lazy\" decoding=\"async\" width=\"240\" height=\"160\" src=\"https:\/\/www.inet.edu.ar\/wp-content\/uploads\/2023\/03\/WhatsApp-Image-2023-03-07-at-14.43.19-240x160.jpeg\" class=\"attachment-medium size-medium\" alt=\"\" srcset=\"https:\/\/www.inet.edu.ar\/wp-content\/uploads\/2023\/03\/WhatsApp-Image-2023-03-07-at-14.43.19-240x160.jpeg 240w, https:\/\/www.inet.edu.ar\/wp-content\/uploads\/2023\/03\/WhatsApp-Image-2023-03-07-at-14.43.19-150x100.jpeg 150w, https:\/\/www.inet.edu.ar\/wp-content\/uploads\/2023\/03\/WhatsApp-Image-2023-03-07-at-14.43.19-768x512.jpeg 768w, https:\/\/www.inet.edu.ar\/wp-content\/uploads\/2023\/03\/WhatsApp-Image-2023-03-07-at-14.43.19-468x312.jpeg 468w, https:\/\/www.inet.edu.ar\/wp-content\/uploads\/2023\/03\/WhatsApp-Image-2023-03-07-at-14.43.19.jpeg 1600w\" sizes=\"auto, (max-width: 240px) 100vw, 240px\" \/><\/a>\n\t\t\t<\/dt><\/dl><br style=\"clear: both\" \/>\n\t\t<\/div>\n\n","protected":false},"excerpt":{"rendered":"<p>El ministro de Educaci\u00f3n de la Naci\u00f3n, Jaime Perczyk, inaugur\u00f3 hoy el edificio del Centro de Educaci\u00f3n T\u00e9cnica N\u00b0 32 de la ciudad de San Antonio Oeste, en la provincia de R\u00edo Negro donde asegur\u00f3 que la Argentina \u201cnecesita m\u00e1s escuelas t\u00e9cnicas para mejorar la producci\u00f3n y el trabajo\u201d \u201cHacer obras en las universidades, en [&hellip;]<\/p>\n","protected":false},"author":7,"featured_media":37178,"comment_status":"closed","ping_status":"open","sticky":false,"template":"","format":"standard","meta":{"footnotes":""},"categories":[1,14],"tags":[],"class_list":["post-37175","post","type-post","status-publish","format-standard","has-post-thumbnail","hentry","category-noticias","category-noticias-fijas"],"_links":{"self":[{"href":"https:\/\/www.inet.edu.ar\/index.php\/wp-json\/wp\/v2\/posts\/37175","targetHints":{"allow":["GET"]}}],"collection":[{"href":"https:\/\/www.inet.edu.ar\/index.php\/wp-json\/wp\/v2\/posts"}],"about":[{"href":"https:\/\/www.inet.edu.ar\/index.php\/wp-json\/wp\/v2\/types\/post"}],"author":[{"embeddable":true,"href":"https:\/\/www.inet.edu.ar\/index.php\/wp-json\/wp\/v2\/users\/7"}],"replies":[{"embeddable":true,"href":"https:\/\/www.inet.edu.ar\/index.php\/wp-json\/wp\/v2\/comments?post=37175"}],"version-history":[{"count":5,"href":"https:\/\/www.inet.edu.ar\/index.php\/wp-json\/wp\/v2\/posts\/37175\/revisions"}],"predecessor-version":[{"id":37183,"href":"https:\/\/www.inet.edu.ar\/index.php\/wp-json\/wp\/v2\/posts\/37175\/revisions\/37183"}],"wp:featuredmedia":[{"embeddable":true,"href":"https:\/\/www.inet.edu.ar\/index.php\/wp-json\/wp\/v2\/media\/37178"}],"wp:attachment":[{"href":"https:\/\/www.inet.edu.ar\/index.php\/wp-json\/wp\/v2\/media?parent=37175"}],"wp:term":[{"taxonomy":"category","embeddable":true,"href":"https:\/\/www.inet.edu.ar\/index.php\/wp-json\/wp\/v2\/categories?post=37175"},{"taxonomy":"post_tag","embeddable":true,"href":"https:\/\/www.inet.edu.ar\/index.php\/wp-json\/wp\/v2\/tags?post=37175"}],"curies":[{"name":"wp","href":"https:\/\/api.w.org\/{rel}","templated":true}]}}