{"id":37456,"date":"2023-04-19T15:15:50","date_gmt":"2023-04-19T18:15:50","guid":{"rendered":"https:\/\/www.inet.edu.ar\/?p=37456"},"modified":"2023-08-11T16:05:27","modified_gmt":"2023-08-11T19:05:27","slug":"perczyk-presento-plan-para-intensificar-practicas-profesionalizantes-en-la-educacion-tecnico-profesional","status":"publish","type":"post","link":"https:\/\/www.inet.edu.ar\/index.php\/perczyk-presento-plan-para-intensificar-practicas-profesionalizantes-en-la-educacion-tecnico-profesional\/","title":{"rendered":"Perczyk present\u00f3 plan para intensificar pr\u00e1cticas profesionalizantes en la Educaci\u00f3n T\u00e9cnico Profesional"},"content":{"rendered":"<p style=\"text-align: center;\"><em>Se firm\u00f3 un acta que prev\u00e9 que estudiantes de escuelas secundarias t\u00e9cnicas realicen pr\u00e1cticas profesionalizantes en talleres ferroviarios a trav\u00e9s del Programa Federal de Pr\u00e1cticas Profesionalizantes de Trenes Argentinos Capital Humano.<\/em><\/p>\n<p>El ministro de Educaci\u00f3n de la Naci\u00f3n, Jaime Perczyk, present\u00f3 hoy un plan federal de <strong>Pr\u00e1cticas Profesionalizantes en la Educaci\u00f3n T\u00e9cnico Profesional (ETP)<\/strong> para que alumnas y alumnos de esas escuelas se vinculen con los entornos laborales y productivos de acuerdo al perfil de la carrera que cursan.<\/p>\n<p><em>\u201cLo que estamos haciendo hoy es intentar que nuestros estudiantes aprendan m\u00e1s. El sistema educativo y la sociedad tiene que darle a las chicas y los chicos la posibilidad de que vean lo que les gusta y desarrollen su vocaci\u00f3n, pero para eso hay que creer en los j\u00f3venes\u201d<\/em>, sostuvo Perczyk.<\/p>\n<p>El titular de la cartera educativa consign\u00f3 que <em>\u201cla escuela es el lugar de las oportunidades, pero las posibilidades para que todas y todos accedan las tenemos que generar nosotros\u201d<\/em> y resalt\u00f3 que<em> \u201cpara eso hacemos una enorme inversi\u00f3n en la educaci\u00f3n t\u00e9cnica\u201d<\/em>.<\/p>\n<p>Perczyk encabez\u00f3 un acto en el Instituto Nacional de Educaci\u00f3n Tecnol\u00f3gica (INET) donde adem\u00e1s firm\u00f3 un acta con el titular de Ferrocarriles Argentinos Sociedad del Estado (FASE), Dami\u00e1n Contreras, para que estudiantes hagan pr\u00e1cticas en talleres ferroviarios ubicados en 16 provincias.<\/p>\n<p><em>\u201cEs emocionante y motivador escuchar c\u00f3mo las y los j\u00f3venes traen en sus mochilas muchas ilusiones; y que nosotros desde la funci\u00f3n p\u00fablica podamos, con el Ministerio de Educaci\u00f3n y cada uno de los actores, ser parte de su formaci\u00f3n, emparentando la educaci\u00f3n, la producci\u00f3n y el mundo del trabajo\u201d<\/em>, asegur\u00f3 Contreras.<\/p>\n<p>El acta rubricada hoy prev\u00e9 que estudiantes de escuelas secundarias t\u00e9cnicas realicen pr\u00e1cticas profesionalizantes en talleres ferroviarios a trav\u00e9s del Programa Federal de Pr\u00e1cticas Profesionalizantes de Trenes Argentinos Capital Humano.\u00a0Este a\u00f1o, el programa -que incluye clases presenciales y virtuales- y se est\u00e1 implementado en 16 provincias con m\u00e1s de 3.000 estudiantes inscriptos\/as.<\/p>\n<p>Las pr\u00e1cticas profesionalizantes componen el campo de formaci\u00f3n de la Educaci\u00f3n T\u00e9cnico Profesional que vincula a los y las estudiantes con entornos productivos y laborales afines a su inserci\u00f3n futura como t\u00e9cnicos, t\u00e9cnicas y profesionales.\u00a0Mediante las pr\u00e1cticas, ponen en juego todas las capacidades profesionales que caracterizan a su perfil, las integran y las fortalecen.<\/p>\n<p>Tambi\u00e9n se present\u00f3 la <em>l\u00ednea de acci\u00f3n de Pr\u00e1cticas Profesionalizantes de INET como organismo oferente<\/em>. En este marco, equipos de estudiantes y docentes de escuelas secundarias t\u00e9cnicas, centros de formaci\u00f3n profesional e institutos superiores t\u00e9cnicos, son invitados a realizar pr\u00e1cticas presenciales en reparaci\u00f3n de impresoras 3D, reconfiguraci\u00f3n de circuitos neum\u00e1ticos y desarrollo de aplicaciones m\u00f3viles que respondan a diversas funcionalidades requeridas desde la pol\u00edtica educativa nacional de ETP: Aulas Talleres M\u00f3viles, inversi\u00f3n en la ETP, Cat\u00e1logo de instituciones educativas, albergues y residencias estudiantiles, vinculaci\u00f3n laboral local para egresadas\/os, centros de estudiantes, entre otras l\u00edneas. Todas ellas acreditar\u00e1n como Pr\u00e1cticas Profesionalizantes y los mejores desarrollos formar\u00e1n parte de la APP oficial de INET.<\/p>\n<p>Por \u00faltimo, el Ministerio de Educaci\u00f3n, a trav\u00e9s del INET, firm\u00f3 un <em>convenio con la Federaci\u00f3n Gremial del Personal de la Industria de la Carne y sus Derivados<\/em> para que personal de frigor\u00edficos pueda realizar trayectos de Formaci\u00f3n Profesional para su mayor y mejor calificaci\u00f3n, en virtud del importante desarrollo de la industria frigor\u00edfica argentina de los \u00faltimos a\u00f1os.<\/p>\n<p>Del acto, participaron el director ejecutivo del INET, Gerardo Marchesini; el director nacional de ETP, Gustavo Peltzer; la directora nacional de Educaci\u00f3n, Trabajo y Producci\u00f3n, Nora Estrada; el vicepresidente de Ferrocarriles Argentinos Sociedad del Estado, Pablo Mirlo; el coordinador de Vinculaci\u00f3n Educativa de Trenes Argentinos Capital Humano, Ezequiel Wajner y el Secretario de Asuntos Laborales de la Federaci\u00f3n Gremial del Personal de la Industria de la Carne y sus Derivados, Miguel \u00c1ngel Tapia.<\/p>\n<p>Estuvieron tambi\u00e9n autoridades de distintas jurisdicciones y docentes y estudiantes de escuelas t\u00e9cnicas de la provincia de Buenos Aires.<\/p>\n\n\t\t<style type=\"text\/css\">\n\t\t\t#gallery-1 {\n\t\t\t\tmargin: auto;\n\t\t\t}\n\t\t\t#gallery-1 .gallery-item {\n\t\t\t\tfloat: left;\n\t\t\t\tmargin-top: 10px;\n\t\t\t\ttext-align: center;\n\t\t\t\twidth: 100%;\n\t\t\t}\n\t\t\t#gallery-1 img {\n\t\t\t\tborder: 2px solid #cfcfcf;\n\t\t\t}\n\t\t\t#gallery-1 .gallery-caption {\n\t\t\t\tmargin-left: 0;\n\t\t\t}\n\t\t\t\/* see gallery_shortcode() in wp-includes\/media.php *\/\n\t\t<\/style>\n\t\t<div id='gallery-1' class='gallery galleryid-37456 gallery-columns-1 gallery-size-large'><dl class='gallery-item'>\n\t\t\t<dt class='gallery-icon landscape'>\n\t\t\t\t<a href='https:\/\/www.inet.edu.ar\/index.php\/perczyk-presento-plan-para-intensificar-practicas-profesionalizantes-en-la-educacion-tecnico-profesional\/_dsc5662\/#main'><img loading=\"lazy\" decoding=\"async\" width=\"468\" height=\"312\" src=\"https:\/\/www.inet.edu.ar\/wp-content\/uploads\/2023\/04\/DSC5662-468x312.jpg\" class=\"attachment-large size-large\" alt=\"\" srcset=\"https:\/\/www.inet.edu.ar\/wp-content\/uploads\/2023\/04\/DSC5662-468x312.jpg 468w, https:\/\/www.inet.edu.ar\/wp-content\/uploads\/2023\/04\/DSC5662-150x100.jpg 150w, https:\/\/www.inet.edu.ar\/wp-content\/uploads\/2023\/04\/DSC5662-240x160.jpg 240w, https:\/\/www.inet.edu.ar\/wp-content\/uploads\/2023\/04\/DSC5662-768x512.jpg 768w\" sizes=\"auto, (max-width: 468px) 100vw, 468px\" \/><\/a>\n\t\t\t<\/dt><\/dl><br style=\"clear: both\" \/>\n\t\t<\/div>\n\n","protected":false},"excerpt":{"rendered":"<p>Se firm\u00f3 un acta que prev\u00e9 que estudiantes de escuelas secundarias t\u00e9cnicas realicen pr\u00e1cticas profesionalizantes en talleres ferroviarios a trav\u00e9s del Programa Federal de Pr\u00e1cticas Profesionalizantes de Trenes Argentinos Capital Humano. El ministro de Educaci\u00f3n de la Naci\u00f3n, Jaime Perczyk, present\u00f3 hoy un plan federal de Pr\u00e1cticas Profesionalizantes en la Educaci\u00f3n T\u00e9cnico Profesional (ETP) para [&hellip;]<\/p>\n","protected":false},"author":7,"featured_media":37459,"comment_status":"closed","ping_status":"open","sticky":false,"template":"","format":"standard","meta":{"footnotes":""},"categories":[1,14],"tags":[],"class_list":["post-37456","post","type-post","status-publish","format-standard","has-post-thumbnail","hentry","category-noticias","category-noticias-fijas"],"_links":{"self":[{"href":"https:\/\/www.inet.edu.ar\/index.php\/wp-json\/wp\/v2\/posts\/37456","targetHints":{"allow":["GET"]}}],"collection":[{"href":"https:\/\/www.inet.edu.ar\/index.php\/wp-json\/wp\/v2\/posts"}],"about":[{"href":"https:\/\/www.inet.edu.ar\/index.php\/wp-json\/wp\/v2\/types\/post"}],"author":[{"embeddable":true,"href":"https:\/\/www.inet.edu.ar\/index.php\/wp-json\/wp\/v2\/users\/7"}],"replies":[{"embeddable":true,"href":"https:\/\/www.inet.edu.ar\/index.php\/wp-json\/wp\/v2\/comments?post=37456"}],"version-history":[{"count":4,"href":"https:\/\/www.inet.edu.ar\/index.php\/wp-json\/wp\/v2\/posts\/37456\/revisions"}],"predecessor-version":[{"id":37493,"href":"https:\/\/www.inet.edu.ar\/index.php\/wp-json\/wp\/v2\/posts\/37456\/revisions\/37493"}],"wp:featuredmedia":[{"embeddable":true,"href":"https:\/\/www.inet.edu.ar\/index.php\/wp-json\/wp\/v2\/media\/37459"}],"wp:attachment":[{"href":"https:\/\/www.inet.edu.ar\/index.php\/wp-json\/wp\/v2\/media?parent=37456"}],"wp:term":[{"taxonomy":"category","embeddable":true,"href":"https:\/\/www.inet.edu.ar\/index.php\/wp-json\/wp\/v2\/categories?post=37456"},{"taxonomy":"post_tag","embeddable":true,"href":"https:\/\/www.inet.edu.ar\/index.php\/wp-json\/wp\/v2\/tags?post=37456"}],"curies":[{"name":"wp","href":"https:\/\/api.w.org\/{rel}","templated":true}]}}