{"id":39271,"date":"2024-06-04T09:32:02","date_gmt":"2024-06-04T12:32:02","guid":{"rendered":"https:\/\/www.inet.edu.ar\/?p=39271"},"modified":"2024-06-04T09:32:02","modified_gmt":"2024-06-04T12:32:02","slug":"seguridad-e-higiene-brindo-una-capacitacion-para-empleados-del-inet","status":"publish","type":"post","link":"https:\/\/www.inet.edu.ar\/index.php\/seguridad-e-higiene-brindo-una-capacitacion-para-empleados-del-inet\/","title":{"rendered":"Seguridad e Higiene brind\u00f3 una capacitaci\u00f3n para empleados del INET"},"content":{"rendered":"\n<p>El primer encuentro de esta rueda de capacitaciones se realiz\u00f3 el lunes 3 de junio y estuvo a cargo del equipo de\u00a0Seguridad\u00a0e Higiene\u00a0de la\u00a0Secretar\u00eda de\u00a0Educaci\u00f3n, quienes, en conjunto con el\u00a0director ejecutivo\u00a0del INET, Ludovico Grillo, resaltaron\u00a0la importancia de\u00a0capacitarse\u00a0en\u00a0esta tem\u00e1tica,\u00a0pidieron\u00a0la colaboraci\u00f3n de todos\u00a0y el respeto de las se\u00f1ales\u00a0en caso de emergencia.<\/p>\n\n\n\n<p>Tal como indica el cumplimiento de las exigencias\u00a0de la\u00a0ley\u00a0N\u00b0\u00a05920\u00a0de <em>Sistema de Autoprotecci\u00f3n<\/em>\u00a0de\u00a0la\u00a0Ciudad Aut\u00f3noma de Buenos Aires\u00a0y\u00a0la ley\u00a0nacional\u00a0N\u00b0\u00a019587 de <em>Higiene y Seguridad en el Trabajo<\/em>,\u00a0se desarrollaron en\u00a0el\u00a0INET, las capacitaciones correspondientes a la correcta manipulaci\u00f3n de residuos y su segregaci\u00f3n para facilitar el reciclaje,\u00a0la\u00a0revisi\u00f3n del plan de evacuaci\u00f3n definido y responsabilidades de\u00a0la\u00a0persona asignada\u00a0en\u00a0cada piso;\u00a0y para finalizar\u00a0una\u00a0explicaci\u00f3n te\u00f3rico-pr\u00e1ctica del uso de extintores\u00a0en el play\u00f3n del estacionamiento, en la que los trabajadores pudieron practicar\u00a0su\u00a0uso y manipulaci\u00f3n.\u00a0<\/p>\n\n\n\n<p>Es importante recordar que nuestra jurisprudencia asume esta tem\u00e1tica con la antes mencionada ley nacional\u00a0N\u00b019587\u00a0que establece las caracter\u00edsticas que debe reunir todo establecimiento con el fin de contar con un adecuado funcionamiento en la distribuci\u00f3n y caracter\u00edsticas de sus locales de trabajo previendo condiciones de higiene y seguridad; y la jurisdiccional de CABA\u00a0N\u00b0 5920\u00a0que dispone un conjunto de acciones y medidas destinadas a prevenir y controlar riesgos sobre personas y bienes.<\/p>\n\n\n\n<p>Para cerrar Ludovico Grillo enfatiz\u00f3 la importancia de trabajar en equipo y coordinados frente a un posible accidente.&nbsp;<\/p>\n\n\n\n<figure class=\"wp-block-gallery has-nested-images columns-default is-cropped wp-block-gallery-1 is-layout-flex wp-block-gallery-is-layout-flex\">\n<figure class=\"wp-block-image size-large\"><img loading=\"lazy\" decoding=\"async\" width=\"1772\" height=\"996\" data-id=\"39273\" src=\"https:\/\/www.inet.edu.ar\/wp-content\/uploads\/2024\/06\/Foto02.jpg\" alt=\"\" class=\"wp-image-39273\"\/><\/figure>\n\n\n\n<figure class=\"wp-block-image size-large\"><img loading=\"lazy\" decoding=\"async\" width=\"1772\" height=\"996\" data-id=\"39278\" src=\"https:\/\/www.inet.edu.ar\/wp-content\/uploads\/2024\/06\/Foto11.jpg\" alt=\"\" class=\"wp-image-39278\"\/><\/figure>\n\n\n\n<figure class=\"wp-block-image size-large\"><img loading=\"lazy\" decoding=\"async\" width=\"1772\" height=\"996\" data-id=\"39276\" src=\"https:\/\/www.inet.edu.ar\/wp-content\/uploads\/2024\/06\/Foto12.jpg\" alt=\"\" class=\"wp-image-39276\"\/><\/figure>\n\n\n\n<figure class=\"wp-block-image size-large\"><img loading=\"lazy\" decoding=\"async\" width=\"1772\" height=\"996\" data-id=\"39274\" src=\"https:\/\/www.inet.edu.ar\/wp-content\/uploads\/2024\/06\/Foto13.jpg\" alt=\"\" class=\"wp-image-39274\"\/><\/figure>\n\n\n\n<figure class=\"wp-block-image size-large\"><img loading=\"lazy\" decoding=\"async\" width=\"1772\" height=\"996\" data-id=\"39275\" src=\"https:\/\/www.inet.edu.ar\/wp-content\/uploads\/2024\/06\/Foto20.jpg\" alt=\"\" class=\"wp-image-39275\"\/><\/figure>\n\n\n\n<figure class=\"wp-block-image size-large\"><img loading=\"lazy\" decoding=\"async\" width=\"1772\" height=\"996\" data-id=\"39277\" src=\"https:\/\/www.inet.edu.ar\/wp-content\/uploads\/2024\/06\/Foto23.jpg\" alt=\"\" class=\"wp-image-39277\"\/><\/figure>\n\n\n\n<figure class=\"wp-block-image size-large\"><img loading=\"lazy\" decoding=\"async\" width=\"1772\" height=\"996\" data-id=\"39279\" src=\"https:\/\/www.inet.edu.ar\/wp-content\/uploads\/2024\/06\/Foto24.jpg\" alt=\"\" class=\"wp-image-39279\"\/><\/figure>\n\n\n\n<figure class=\"wp-block-image size-large\"><img loading=\"lazy\" decoding=\"async\" width=\"1772\" height=\"996\" data-id=\"39280\" src=\"https:\/\/www.inet.edu.ar\/wp-content\/uploads\/2024\/06\/Foto27.jpg\" alt=\"\" class=\"wp-image-39280\"\/><\/figure>\n<\/figure>\n","protected":false},"excerpt":{"rendered":"<p>El primer encuentro de esta rueda de capacitaciones se realiz\u00f3 el lunes 3 de junio y estuvo a cargo del equipo de\u00a0Seguridad\u00a0e Higiene\u00a0de la\u00a0Secretar\u00eda de\u00a0Educaci\u00f3n, quienes, en conjunto con el\u00a0director ejecutivo\u00a0del INET, Ludovico Grillo, resaltaron\u00a0la importancia de\u00a0capacitarse\u00a0en\u00a0esta tem\u00e1tica,\u00a0pidieron\u00a0la colaboraci\u00f3n de todos\u00a0y el respeto de las se\u00f1ales\u00a0en caso de emergencia. Tal como indica el cumplimiento de [&hellip;]<\/p>\n","protected":false},"author":3,"featured_media":39272,"comment_status":"closed","ping_status":"open","sticky":false,"template":"","format":"standard","meta":{"footnotes":""},"categories":[1,14,13],"tags":[],"class_list":["post-39271","post","type-post","status-publish","format-standard","has-post-thumbnail","hentry","category-noticias","category-noticias-fijas","category-noticias-slider"],"_links":{"self":[{"href":"https:\/\/www.inet.edu.ar\/index.php\/wp-json\/wp\/v2\/posts\/39271","targetHints":{"allow":["GET"]}}],"collection":[{"href":"https:\/\/www.inet.edu.ar\/index.php\/wp-json\/wp\/v2\/posts"}],"about":[{"href":"https:\/\/www.inet.edu.ar\/index.php\/wp-json\/wp\/v2\/types\/post"}],"author":[{"embeddable":true,"href":"https:\/\/www.inet.edu.ar\/index.php\/wp-json\/wp\/v2\/users\/3"}],"replies":[{"embeddable":true,"href":"https:\/\/www.inet.edu.ar\/index.php\/wp-json\/wp\/v2\/comments?post=39271"}],"version-history":[{"count":1,"href":"https:\/\/www.inet.edu.ar\/index.php\/wp-json\/wp\/v2\/posts\/39271\/revisions"}],"predecessor-version":[{"id":39281,"href":"https:\/\/www.inet.edu.ar\/index.php\/wp-json\/wp\/v2\/posts\/39271\/revisions\/39281"}],"wp:featuredmedia":[{"embeddable":true,"href":"https:\/\/www.inet.edu.ar\/index.php\/wp-json\/wp\/v2\/media\/39272"}],"wp:attachment":[{"href":"https:\/\/www.inet.edu.ar\/index.php\/wp-json\/wp\/v2\/media?parent=39271"}],"wp:term":[{"taxonomy":"category","embeddable":true,"href":"https:\/\/www.inet.edu.ar\/index.php\/wp-json\/wp\/v2\/categories?post=39271"},{"taxonomy":"post_tag","embeddable":true,"href":"https:\/\/www.inet.edu.ar\/index.php\/wp-json\/wp\/v2\/tags?post=39271"}],"curies":[{"name":"wp","href":"https:\/\/api.w.org\/{rel}","templated":true}]}}