{"id":39290,"date":"2024-06-13T09:04:53","date_gmt":"2024-06-13T12:04:53","guid":{"rendered":"https:\/\/www.inet.edu.ar\/?p=39290"},"modified":"2024-06-13T09:04:53","modified_gmt":"2024-06-13T12:04:53","slug":"siete-mil-millones-en-proyectos-educativos","status":"publish","type":"post","link":"https:\/\/www.inet.edu.ar\/index.php\/siete-mil-millones-en-proyectos-educativos\/","title":{"rendered":"Siete mil millones en Proyectos Educativos"},"content":{"rendered":"\n<p>Siete mil millones de pesos se comprometieron a aportar 85 empresas en Proyectos Educativos de alcance federal, que ser\u00e1n invertidos en integrar los entornos formativos de las 24 jurisdicciones con la optimizaci\u00f3n de habilidades laborales para los desaf\u00edos que implica el desarrollo de las nuevas tecnolog\u00edas.<\/p>\n\n\n\n<p>La Secretar\u00eda de Educaci\u00f3n, perteneciente al Ministerio de Capital Humano, cerr\u00f3 la convocatoria al programa Cr\u00e9dito Fiscal y en esta oportunidad las 24 jurisdicciones presentaron proyectos, incluidas aquellas que llevaban varios a\u00f1os sin hacerlo, como Formosa y Santiago del Estero.<\/p>\n\n\n\n<p>La iniciativa, coordinada por el Instituto Nacional de Educaci\u00f3n Tecnol\u00f3gica (INET), busca promover el v\u00ednculo entre las instituciones de educaci\u00f3n t\u00e9cnico profesional y los sectores productivos provinciales.<\/p>\n\n\n\n<p>El secretario de Educaci\u00f3n, Carlos Torrendell, se\u00f1al\u00f3: <em>\u00abesta acci\u00f3n tiene una particularidad que es clave, ya que genera un c\u00edrculo virtuoso al integrar teor\u00eda y pr\u00e1ctica para promover la cultura del trabajo. Es importante articular, cada vez con mayor eficiencia, las pol\u00edticas educativas a partir de la participaci\u00f3n; y no solo de estos niveles del Estado, sino tambi\u00e9n de la sociedad. En el sistema educativo debe haber una verdadera integraci\u00f3n de los distintos agentes que lo conforman, por eso valoramos la participaci\u00f3n del sector productivo privado\u201d<\/em>.<\/p>\n\n\n\n<h2 class=\"wp-block-heading\">Detalles<\/h2>\n\n\n\n<p>Esta pol\u00edtica p\u00fablica de alcance federal financia proyectos que tienen como prop\u00f3sito la actualizaci\u00f3n de los entornos formativos y la capacitaci\u00f3n en nuevas habilidades para el mundo laboral. Los proyectos incluyen acciones destinadas a: fortalecer la Educaci\u00f3n Tecnol\u00f3gica de nivel medio y superior no universitario, junto con la formaci\u00f3n profesional; promover la participaci\u00f3n de organizaciones del \u00e1mbito productivo y su articulaci\u00f3n con establecimientos educativos; promover la capacitaci\u00f3n para trabajadores y vincular la capacitaci\u00f3n con las principales actividades productivas de la provincia. Los bonos que se emiten en relaci\u00f3n a los proyectos aprobados por Cr\u00e9dito Fiscal son imputables en los conceptos que se encuentran en el reglamento de <a href=\"https:\/\/www.inet.edu.ar\/index.php\/credito-fiscal\/convocatoria-2024\/\">Cr\u00e9dito Fiscal del INET<\/a><\/p>\n\n\n\n<p>Las empresas patrocinadoras generan un financiamiento para: equipamiento, capacitaci\u00f3n y formaci\u00f3n destinado a la educaci\u00f3n t\u00e9cnica.<\/p>\n\n\n\n<p>Durante 2024 se ha registrado un aumento significativo en el monto total solicitado de Cr\u00e9dito Fiscal de la Secretar\u00eda de Educaci\u00f3n. Seg\u00fan datos recopilados, en comparaci\u00f3n con el a\u00f1o anterior, se observa que el monto total solicitado ha aumentado a $6.911.026.671,29, superando los $3.490.144.525,48 registrados en 2023. En cuanto a la cantidad de proyectos presentados, en esta oportunidad se presentaron un total de 467, en comparaci\u00f3n con los 434 presentados en 2023. Adem\u00e1s, para este a\u00f1o se registraron 23 empresas patrocinantes m\u00e1s que las del a\u00f1o pasado.<\/p>\n\n\n\n<p>Estos datos muestran un crecimiento y una mayor participaci\u00f3n de las distintas jurisdicciones y empresas en el acceso al cr\u00e9dito fiscal.<\/p>\n\n\n\n<h2 class=\"wp-block-heading\">Testimonios<\/h2>\n\n\n\n<p><em>\u00abDesde Loma Negra participamos desde 2016 en las convocatorias de mejora educativa de INET, complementando nuestro trabajo con instituciones educativas de las comunidades donde estamos. Este a\u00f1o nos entusiasma el abordaje y la agilidad del programa. Es una herramienta que permite incorporar tecnolog\u00eda y formaci\u00f3n, y estimula el v\u00ednculo empresa-escuela, proyectando la oferta educativa seg\u00fan las necesidades del entorno productivo y la demanda de mercado\u201d<\/em>, expres\u00f3 Agust\u00edn Escofet, l\u00edder de Fundaci\u00f3n Loma Negra.<\/p>\n\n\n\n<p>En tanto, Mar\u00eda Cecilia Hancevic, coordinadora general de Fundaciones Grupo Petersen, coment\u00f3: <em>\u201cParticipamos desde hace 14 a\u00f1os en el programa de Cr\u00e9dito Fiscal del INET y creemos que es fundamental acompa\u00f1ar a las escuelas t\u00e9cnicas en la realizaci\u00f3n de proyectos que mejoren sus entornos formativos, las habilidades de los estudiantes y les brinden mejores herramientas para vincularse con sus entornos productivos. Nos entusiasma y enorgullece la creatividad que hay en las escuelas para pensar proyectos que generen soluciones para sus comunidades\u201d<\/em>.<\/p>\n\n\n\n<p>La vicepresidenta ejecutiva de Asuntos Corporativos de YPF, Ana Valente, afirm\u00f3 que <em>\u201cYPF ha participado activamente en el r\u00e9gimen de Cr\u00e9dito Fiscal del INET, comprendiendo la importancia de su rol como patrocinante\u201d<\/em>. Y agrega que: <em>\u201cEste compromiso ha permitido dar un notable salto de calidad en la formaci\u00f3n de los futuros t\u00e9cnicos de las distintas regiones. Gracias a este r\u00e9gimen se generaron a lo largo de este tiempo mejores oportunidades para la inserci\u00f3n laboral de los estudiantes y se ha logrado fortalecer el desarrollo profesional de los j\u00f3venes de todo el pa\u00eds\u201d<\/em>.<\/p>\n\n\n\n<p>Finalmente, el director de la Escuela Agrot\u00e9cnica \u201cEj\u00e9rcito Argentino\u201d, de San Juan, ponder\u00f3 la iniciativa porque \u201c<em>gracias a su apoyo, nuestras escuelas se han convertido en lugares m\u00e1s vibrantes y din\u00e1micos, donde el aprendizaje es una experiencia enriquecedora y transformadora; y donde nuestros alumnos son los protagonistas principales\u201d<\/em>.<\/p>\n","protected":false},"excerpt":{"rendered":"<p>Siete mil millones de pesos se comprometieron a aportar 85 empresas en Proyectos Educativos de alcance federal, que ser\u00e1n invertidos en integrar los entornos formativos de las 24 jurisdicciones con la optimizaci\u00f3n de habilidades laborales para los desaf\u00edos que implica el desarrollo de las nuevas tecnolog\u00edas. La Secretar\u00eda de Educaci\u00f3n, perteneciente al Ministerio de Capital [&hellip;]<\/p>\n","protected":false},"author":3,"featured_media":39291,"comment_status":"closed","ping_status":"open","sticky":false,"template":"","format":"standard","meta":{"footnotes":""},"categories":[1,13],"tags":[],"class_list":["post-39290","post","type-post","status-publish","format-standard","has-post-thumbnail","hentry","category-noticias","category-noticias-slider"],"_links":{"self":[{"href":"https:\/\/www.inet.edu.ar\/index.php\/wp-json\/wp\/v2\/posts\/39290","targetHints":{"allow":["GET"]}}],"collection":[{"href":"https:\/\/www.inet.edu.ar\/index.php\/wp-json\/wp\/v2\/posts"}],"about":[{"href":"https:\/\/www.inet.edu.ar\/index.php\/wp-json\/wp\/v2\/types\/post"}],"author":[{"embeddable":true,"href":"https:\/\/www.inet.edu.ar\/index.php\/wp-json\/wp\/v2\/users\/3"}],"replies":[{"embeddable":true,"href":"https:\/\/www.inet.edu.ar\/index.php\/wp-json\/wp\/v2\/comments?post=39290"}],"version-history":[{"count":1,"href":"https:\/\/www.inet.edu.ar\/index.php\/wp-json\/wp\/v2\/posts\/39290\/revisions"}],"predecessor-version":[{"id":39292,"href":"https:\/\/www.inet.edu.ar\/index.php\/wp-json\/wp\/v2\/posts\/39290\/revisions\/39292"}],"wp:featuredmedia":[{"embeddable":true,"href":"https:\/\/www.inet.edu.ar\/index.php\/wp-json\/wp\/v2\/media\/39291"}],"wp:attachment":[{"href":"https:\/\/www.inet.edu.ar\/index.php\/wp-json\/wp\/v2\/media?parent=39290"}],"wp:term":[{"taxonomy":"category","embeddable":true,"href":"https:\/\/www.inet.edu.ar\/index.php\/wp-json\/wp\/v2\/categories?post=39290"},{"taxonomy":"post_tag","embeddable":true,"href":"https:\/\/www.inet.edu.ar\/index.php\/wp-json\/wp\/v2\/tags?post=39290"}],"curies":[{"name":"wp","href":"https:\/\/api.w.org\/{rel}","templated":true}]}}