{"id":39557,"date":"2024-08-20T12:41:50","date_gmt":"2024-08-20T15:41:50","guid":{"rendered":"https:\/\/www.inet.edu.ar\/?p=39557"},"modified":"2024-10-17T14:17:14","modified_gmt":"2024-10-17T17:17:14","slug":"ultimos-dias-de-inscripcion-para-el-desafio-america","status":"publish","type":"post","link":"https:\/\/www.inet.edu.ar\/index.php\/ultimos-dias-de-inscripcion-para-el-desafio-america\/","title":{"rendered":"\u00daltimos d\u00edas de inscripci\u00f3n para el \u201cDesaf\u00edo Am\u00e9rica\u201d"},"content":{"rendered":"\n<p><em>La inscripci\u00f3n al certamen, que impulsa la Secretar\u00eda de Educaci\u00f3n de la Naci\u00f3n a trav\u00e9s del Instituto Nacional de Educaci\u00f3n Tecnol\u00f3gica (INET), contin\u00faa hasta el 30 de agosto.<\/em><\/p>\n\n\n\n<p>El concurso \u201cDesaf\u00edo Am\u00e9rica, la matem\u00e1tica de los goles\u201d est\u00e1 orientado a motivar el aprendizaje de la matem\u00e1tica en estudiantes del nivel secundario de la Educaci\u00f3n T\u00e9cnico Profesional (ETP), mediante la integraci\u00f3n de saberes de diferentes disciplinas.<\/p>\n\n\n\n<p>Desde el INET se trabaja para la integraci\u00f3n de la matem\u00e1tica con otros campos del conocimiento (Ciencias Sociales y Naturales, F\u00edsica, Ingenier\u00eda, Tecnolog\u00eda, Arte) para aplicar sus conceptos en contextos reales. Por ese motivo, se lanz\u00f3 este concurso basado para el aprendizaje en uno de los eventos deportivos de mayor inter\u00e9s: el f\u00fatbol.<\/p>\n\n\n\n<p>El certamen se centra en la promoci\u00f3n de la alfabetizaci\u00f3n en matem\u00e1tica, desde un enfoque integrador de saberes y a partir de las capacidades b\u00e1sicas (del primer ciclo) y las profesionales (del segundo ciclo) de los estudiantes de educaci\u00f3n t\u00e9cnica. A su vez, permite obtener informaci\u00f3n significativa sobre la formaci\u00f3n en matem\u00e1ticas de los estudiantes de la ETP. Las consignas han sido elaboradas por especialistas del INET, en consonancia con el conjunto de capacidades b\u00e1sicas y profesionales. Con la participaci\u00f3n de las 24 jurisdicciones educativas, comenz\u00f3 el 19 de junio y contin\u00faa abierta la inscripci\u00f3n hasta el 30 de agosto. Se organiza en dos categor\u00edas: estudiantes del \u00faltimo a\u00f1o del primer ciclo de nivel secundario y estudiantes de los dos \u00faltimos a\u00f1os del segundo ciclo de nivel secundario<\/p>\n\n\n\n<p>Los participantes son alumnos regulares, de instituciones educativas de gesti\u00f3n estatal y privada inscriptas en el Registro Federal de Instituciones de la Educaci\u00f3n T\u00e9cnico Profesional (RFIETP), de la Rep\u00fablica Argentina.<\/p>\n\n\n\n<p>Para cada categor\u00eda del concurso, los premios son:<\/p>\n\n\n\n<p>1\u00b0 puesto categor\u00eda estudiantes del primer ciclo: 2 Kits de Rob\u00f3tica<\/p>\n\n\n\n<p>1\u00b0 puesto categor\u00eda estudiantes del segundo ciclo: 1 Impresora 3D (Impresora Creality 3D Ender-3 color black 100V\/265V con tecnolog\u00eda de impresi\u00f3n FDM)<\/p>\n\n\n\n<p>2\u00b0 puesto categor\u00eda estudiantes del primer y segundo ciclo: 4 E-books para cada grupo<\/p>\n\n\n\n<p>3\u00b0 puesto categor\u00eda estudiantes del primer y segundo ciclo: 15 becas Ticmas + una m\u00e1quina de caf\u00e9.<\/p>\n\n\n\n<p>Los siguientes en puntaje recibir\u00e1n una menci\u00f3n de distinci\u00f3n. Y para todos los inscriptos se extender\u00e1 un certificado de participaci\u00f3n.<\/p>\n\n\n\n<p><a href=\"https:\/\/www.inet.edu.ar\/index.php\/comienza-el-concurso-desafio-america-la-matematica-de-los-goles\/\">Datos de inscripci\u00f3n<\/a><\/p>\n\n\n\n<p>Empresas privadas que colaboran con la educaci\u00f3n argentina como Jala University, la Organizaci\u00f3n de Estados Interamericanos, el Grupo Petersen, Ticmas y Nestl\u00e9 garantizaron los premios.<\/p>\n","protected":false},"excerpt":{"rendered":"<p>La inscripci\u00f3n al certamen, que impulsa la Secretar\u00eda de Educaci\u00f3n de la Naci\u00f3n a trav\u00e9s del Instituto Nacional de Educaci\u00f3n Tecnol\u00f3gica (INET), contin\u00faa hasta el 30 de agosto. El concurso \u201cDesaf\u00edo Am\u00e9rica, la matem\u00e1tica de los goles\u201d est\u00e1 orientado a motivar el aprendizaje de la matem\u00e1tica en estudiantes del nivel secundario de la Educaci\u00f3n T\u00e9cnico [&hellip;]<\/p>\n","protected":false},"author":3,"featured_media":39420,"comment_status":"closed","ping_status":"open","sticky":false,"template":"","format":"standard","meta":{"footnotes":""},"categories":[1,13],"tags":[],"class_list":["post-39557","post","type-post","status-publish","format-standard","has-post-thumbnail","hentry","category-noticias","category-noticias-slider"],"_links":{"self":[{"href":"https:\/\/www.inet.edu.ar\/index.php\/wp-json\/wp\/v2\/posts\/39557","targetHints":{"allow":["GET"]}}],"collection":[{"href":"https:\/\/www.inet.edu.ar\/index.php\/wp-json\/wp\/v2\/posts"}],"about":[{"href":"https:\/\/www.inet.edu.ar\/index.php\/wp-json\/wp\/v2\/types\/post"}],"author":[{"embeddable":true,"href":"https:\/\/www.inet.edu.ar\/index.php\/wp-json\/wp\/v2\/users\/3"}],"replies":[{"embeddable":true,"href":"https:\/\/www.inet.edu.ar\/index.php\/wp-json\/wp\/v2\/comments?post=39557"}],"version-history":[{"count":2,"href":"https:\/\/www.inet.edu.ar\/index.php\/wp-json\/wp\/v2\/posts\/39557\/revisions"}],"predecessor-version":[{"id":39843,"href":"https:\/\/www.inet.edu.ar\/index.php\/wp-json\/wp\/v2\/posts\/39557\/revisions\/39843"}],"wp:featuredmedia":[{"embeddable":true,"href":"https:\/\/www.inet.edu.ar\/index.php\/wp-json\/wp\/v2\/media\/39420"}],"wp:attachment":[{"href":"https:\/\/www.inet.edu.ar\/index.php\/wp-json\/wp\/v2\/media?parent=39557"}],"wp:term":[{"taxonomy":"category","embeddable":true,"href":"https:\/\/www.inet.edu.ar\/index.php\/wp-json\/wp\/v2\/categories?post=39557"},{"taxonomy":"post_tag","embeddable":true,"href":"https:\/\/www.inet.edu.ar\/index.php\/wp-json\/wp\/v2\/tags?post=39557"}],"curies":[{"name":"wp","href":"https:\/\/api.w.org\/{rel}","templated":true}]}}