{"id":39673,"date":"2024-09-05T11:46:01","date_gmt":"2024-09-05T14:46:01","guid":{"rendered":"https:\/\/www.inet.edu.ar\/?p=39673"},"modified":"2024-09-27T11:53:14","modified_gmt":"2024-09-27T14:53:14","slug":"el-ministerio-de-capital-humano-y-la-utn-acuerdan-acciones-conjuntas-para-la-etp","status":"publish","type":"post","link":"https:\/\/www.inet.edu.ar\/index.php\/el-ministerio-de-capital-humano-y-la-utn-acuerdan-acciones-conjuntas-para-la-etp\/","title":{"rendered":"El Ministerio de Capital Humano y la UTN acuerdan acciones conjuntas para la ETP"},"content":{"rendered":"\n<p><em>La firma, que se celebr\u00f3 en la sede de la UTN, representa un importante reconocimiento para estudiantes de la Educaci\u00f3n T\u00e9cnico Profesional (ETP).<\/em><\/p>\n\n\n\n<p>El secretario de Educaci\u00f3n de la Naci\u00f3n, <strong>Carlos Torrendell<\/strong>, en representaci\u00f3n del Ministerio de Capital Humano, junto con el director ejecutivo del Instituto Nacional de Educaci\u00f3n Tecnol\u00f3gica (INET), <strong>Ludovico Grillo<\/strong>, firmaron con la <a href=\"https:\/\/utn.edu.ar\/es\/\" data-type=\"link\" data-id=\"https:\/\/utn.edu.ar\/es\/\">Universidad Tecnol\u00f3gica Nacional (UTN)<\/a> un convenio marco que establece la implementaci\u00f3n de acciones colaborativas entre ambas instituciones para el desarrollo de proyectos de car\u00e1cter acad\u00e9mico y cient\u00edfico.<\/p>\n\n\n\n<p>\u201cNosotros tratamos de ser una Secretar\u00eda de Educaci\u00f3n lo m\u00e1s abierta posible, entramada con las instituciones, con las universidades y con la sociedad en su conjunto. Por eso, todo lo que hagamos por poder generar puentes, para reconocer estudios, para articular y para trabajar en conjunto, ayuda al cambio cultural que tenemos que lograr\u201d, manifest\u00f3 el titular del Palacio Sarmiento.<\/p>\n\n\n\n<p>Y al finalizar sus palabras, expres\u00f3: \u201cQuiero agradecerles a la UTN y al INET por haberse podido encontrar. Valoro doblemente que en un momento de dificultades podamos seguir tejiendo redes, porque todo lo que se pueda trabajar en conjunto es clave y es un beneficio para los chicos, para los docentes, para los profesores y para el mundo del trabajo\u201d.<\/p>\n\n\n\n<p>A su turno, el rector de la Universidad Tecnol\u00f3gica Nacional (UTN), <strong>Rub\u00e9n Soro<\/strong>, expres\u00f3: \u201cQuiero reconocer el valor de este convenio que fortalece la Educaci\u00f3n para estudiantes de la educaci\u00f3n t\u00e9cnico profesional. Con este acuerdo tratamos de incentivar y alentar a quienes estudian en las escuelas t\u00e9cnicas a que sigan form\u00e1ndose en todo lo referido a las carreras tecnol\u00f3gicas, fundamentalmente en nuestras ingenier\u00edas y de toda la oferta acad\u00e9mica de la UTN\u201d.<\/p>\n\n\n\n<p>\u201cEn esta colaboraci\u00f3n entre el INET y la UTN, vamos a trabajar, entre otras iniciativas, para que los trayectos formativos de las escuelas t\u00e9cnicas sean reconocidos en la oferta acad\u00e9mica, favoreciendo la continuidad de la formaci\u00f3n en nuestra universidad\u201d, finaliz\u00f3 el rector de la UTN tras concretar la firma del convenio.<\/p>\n\n\n\n<p>El flamante convenio tiene como principales objetivos desarrollar la cooperaci\u00f3n permanente en todo el pa\u00eds y la promoci\u00f3n de estrategias situadas y contextualizadas que favorezcan la vinculaci\u00f3n entre Instituciones de nivel secundario, Superior y Formaci\u00f3n Profesional de la ETP con la UTN en todas las jurisdicciones donde se ubican las distintas facultades regionales y extensiones \u00e1ulicas del pa\u00eds.<\/p>\n\n\n\n<figure class=\"wp-block-image\"><img decoding=\"async\" src=\"https:\/\/www.argentina.gob.ar\/sites\/default\/files\/whatsapp_image_2024-09-04_at_16.54.20.jpeg\" alt=\"\"\/><\/figure>\n\n\n\n<p>Adem\u00e1s, establece la creaci\u00f3n de programas de intercambio, campa\u00f1as de difusi\u00f3n, clases abiertas y aulas virtuales, visitas did\u00e1cticas, jornadas STEAM, y charlas TED entre facultades regionales e instituciones de Educaci\u00f3n T\u00e9cnico Profesional (ETP) para despertar vocaciones mediante la experiencia universitaria y la perseveraci\u00f3n en la continuidad de estudios superiores.<\/p>\n\n\n\n<p>Otro de los puntos clave del convenio es la apertura de un cronograma de trabajo en las jurisdicciones con la participaci\u00f3n de los ministerios de Educaci\u00f3n, las autoridades jurisdiccionales de la ETP y las facultades regionales de la UTN para impulsar el reconocimiento de los trayectos formativos para los egresados de Institutos Superiores de ETP. De esta manera, se podr\u00e1 valorar el sistema de cr\u00e9ditos u alternativas de evaluaci\u00f3n secuenciadas para favorecer el ingreso, avance y egreso de los estudiantes en las diferentes carreras de grado.<\/p>\n\n\n\n<p>Por \u00faltimo, se crear\u00e1 un observatorio de \u00e1reas vacantes y cadenas de valor local para generar informaci\u00f3n clave que oriente la oferta de trayectos y carreras.<\/p>\n\n\n\n<p>Estuvieron presentes en la firma: la directora nacional de Educaci\u00f3n, Trabajo y Producci\u00f3n, <strong>Claudia Brain<\/strong>, y el Consejo Superior de la UTN, autoridades y gabinete de Rectorado.<\/p>\n","protected":false},"excerpt":{"rendered":"<p>La firma, que se celebr\u00f3 en la sede de la UTN, representa un importante reconocimiento para estudiantes de la Educaci\u00f3n T\u00e9cnico Profesional (ETP). El secretario de Educaci\u00f3n de la Naci\u00f3n, Carlos Torrendell, en representaci\u00f3n del Ministerio de Capital Humano, junto con el director ejecutivo del Instituto Nacional de Educaci\u00f3n Tecnol\u00f3gica (INET), Ludovico Grillo, firmaron con [&hellip;]<\/p>\n","protected":false},"author":15,"featured_media":39675,"comment_status":"closed","ping_status":"open","sticky":false,"template":"","format":"standard","meta":{"footnotes":""},"categories":[1,14,13],"tags":[145,81],"class_list":["post-39673","post","type-post","status-publish","format-standard","has-post-thumbnail","hentry","category-noticias","category-noticias-fijas","category-noticias-slider","tag-capacitacion-docente","tag-practicas-profesionalizantes"],"_links":{"self":[{"href":"https:\/\/www.inet.edu.ar\/index.php\/wp-json\/wp\/v2\/posts\/39673","targetHints":{"allow":["GET"]}}],"collection":[{"href":"https:\/\/www.inet.edu.ar\/index.php\/wp-json\/wp\/v2\/posts"}],"about":[{"href":"https:\/\/www.inet.edu.ar\/index.php\/wp-json\/wp\/v2\/types\/post"}],"author":[{"embeddable":true,"href":"https:\/\/www.inet.edu.ar\/index.php\/wp-json\/wp\/v2\/users\/15"}],"replies":[{"embeddable":true,"href":"https:\/\/www.inet.edu.ar\/index.php\/wp-json\/wp\/v2\/comments?post=39673"}],"version-history":[{"count":2,"href":"https:\/\/www.inet.edu.ar\/index.php\/wp-json\/wp\/v2\/posts\/39673\/revisions"}],"predecessor-version":[{"id":39678,"href":"https:\/\/www.inet.edu.ar\/index.php\/wp-json\/wp\/v2\/posts\/39673\/revisions\/39678"}],"wp:featuredmedia":[{"embeddable":true,"href":"https:\/\/www.inet.edu.ar\/index.php\/wp-json\/wp\/v2\/media\/39675"}],"wp:attachment":[{"href":"https:\/\/www.inet.edu.ar\/index.php\/wp-json\/wp\/v2\/media?parent=39673"}],"wp:term":[{"taxonomy":"category","embeddable":true,"href":"https:\/\/www.inet.edu.ar\/index.php\/wp-json\/wp\/v2\/categories?post=39673"},{"taxonomy":"post_tag","embeddable":true,"href":"https:\/\/www.inet.edu.ar\/index.php\/wp-json\/wp\/v2\/tags?post=39673"}],"curies":[{"name":"wp","href":"https:\/\/api.w.org\/{rel}","templated":true}]}}