{"id":3987,"date":"2014-06-18T15:54:58","date_gmt":"2014-06-18T18:54:58","guid":{"rendered":"https:\/\/www.inet.edu.ar\/?p=3987"},"modified":"2017-01-25T16:50:30","modified_gmt":"2017-01-25T19:50:30","slug":"se-realizo-el-primer-foro-regional-program-ar","status":"publish","type":"post","link":"https:\/\/www.inet.edu.ar\/index.php\/se-realizo-el-primer-foro-regional-program-ar\/","title":{"rendered":"Se realiz\u00f3 el primer Foro regional Program.AR"},"content":{"rendered":"<p>&nbsp;<\/p>\n<p>Durante los d\u00edas 5 y 6 de junio de 2014 se realiz\u00f3 el primer Foro regional de <strong><a href=\"http:\/\/program.ar\/foro.html\">Program.AR<\/a>,\u00a0<\/strong>en la Universidad Nacional de Quilmes, provincia de Buenos Aires.<\/p>\n<p><span style=\"line-height: 1.21em;\">Se trata de una iniciativa del Estado Nacional impulsada en forma conjunta por la Jefatura de Gabinete de Ministros, el portal <\/span><strong style=\"line-height: 1.21em;\"><a href=\"http:\/\/www.educ.ar\/\">Educ.ar<\/a> <\/strong><span style=\"line-height: 1.21em;\">del Ministerio de Educaci\u00f3n, junto con la <\/span><a style=\"line-height: 1.21em;\" href=\"http:\/\/www.fundacionsadosky.org.ar\/\"><strong>Fundaci\u00f3n Sadosky<\/strong><\/a><span style=\"line-height: 1.21em;\"> del Ministerio de Ciencia, Tecnolog\u00eda e Innovaci\u00f3n Productiva de la Naci\u00f3n y el <\/span><a style=\"line-height: 1.21em;\" href=\"http:\/\/www.conectarigualdad.gob.ar\/\"><strong>Programa Conectar Igualdad<\/strong><\/a><span style=\"line-height: 1.21em;\">.<\/span><\/p>\n<p><span style=\"line-height: 1.21em;\">Este Foro promueve debatir sobre la estrategia que debe adoptar el pa\u00eds para acercar a los j\u00f3venes a las Ciencias de la Computaci\u00f3n. <\/span><\/p>\n<p><span style=\"line-height: 1.21em;\">El objetivo de estos encuentros es profundizar el conocimiento y la ense\u00f1anza de las Ciencias de la Computaci\u00f3n a fin de que est\u00e9n presentes en la formaci\u00f3n de nuestra cultura general. \u00a0A su vez b<\/span><span style=\"line-height: 1.21em;\">usca despertar conciencia en la sociedad acerca de la importancia de la incorporaci\u00f3n del lenguaje de programaci\u00f3n como posibilidad de crecimiento y desarrollo.<\/span><\/p>\n<p><span style=\"line-height: 1.21em;\">La jornada comenz\u00f3 el jueves con una disertaci\u00f3n a cargo del divulgador cient\u00edfico<strong> Diego Golombek<\/strong> y la participaci\u00f3n de m\u00e1s de 200 personas entre programadores, dise\u00f1adores, docentes y p\u00fablico en general.<\/span><\/p>\n<p><span style=\"line-height: 1.21em;\">Finalizada la conferencia de <strong>Golombek<\/strong> empez\u00f3 un foro de discusi\u00f3n abierto sobre el acercamiento de los j\u00f3venes al pensamiento computacional, las estrategias did\u00e1cticas adecuadas y los momentos y contextos para hacerlo. En el debate se abordaron los siguientes\u00a0<\/span><span style=\"line-height: 1.21em;\">temas:<\/span><\/p>\n<p><span style=\"line-height: 1.21em;\">-la incidencia de la computaci\u00f3n en el mundo actual,-el desarrollo de nuevas habilidades y conocimientos,-la importancia de la necesidad de formar futuros profesionales en el \u00e1rea,<\/span><\/p>\n<p><span style=\"line-height: 1.21em;\">-el aprendizaje de la computaci\u00f3n en las escuelas y en otros entornos sociales y educativos,<\/span><\/p>\n<p><span style=\"line-height: 1.21em;\">-el valor del aprendizaje colectivo, la potencia de las redes y las posibilidades del trabajo colaborativo, entre otros.<\/span><\/p>\n<p><span style=\"line-height: 1.21em;\">El Foro cont\u00f3 con un encuentro <strong>Hackat\u00f3n*<\/strong> y talleres organizados por el portal<strong> Educ.ar<\/strong><\/span><\/p>\n<p><span style=\"line-height: 1.21em;\">La segunda jornada cont\u00f3 con la\u00a0<\/span>participaci\u00f3n<span style=\"line-height: 1.21em;\">\u00a0de distintas autoridades de la Universidad\u00a0Nacional de Quilmes, <strong>Fundaci\u00f3n Sadosky<\/strong>, Jefatura de Gabinete de Ministros, <strong>Conectar Igualdad<\/strong> y <strong>Educ.ar.<\/strong> <\/span><\/p>\n<p><span style=\"line-height: 1.21em;\">A partir de la apertura de la <strong>API<\/strong>\u00a0(Interfaz de Programaci\u00f3n de Aplicaciones)\u00a0de\u00a0<strong>Educ.ar<\/strong>, los participantes pudieron acceder a contenidos variados de este portal educativo\u00a0y los canales. El prop\u00f3sito del <strong>Hackat\u00f3n<\/strong> fue, a trav\u00e9s de la programaci\u00f3n, realizar desarrollos para aplicar en distintos \u00e1mbitos. Tambi\u00e9n se realizaron talleres destinados a docentes y alumnos sobre Videojuegos, Rob\u00f3tica, Programaci\u00f3n y arte, M\u00fasica y programaci\u00f3n, F\u00fatbol y programaci\u00f3n, Videojuegos con Pilas Engine, Programaci\u00f3n con Python y Huayra. <\/span><\/p>\n<p><span style=\"line-height: 1.21em;\">Estos talleres fueron desarrollados por artistas y programadores convocados por el portal educativo.<\/span><\/p>\n<p>Parte del equipo t\u00e9cnico del <strong>INET<\/strong>\u00a0asisti\u00f3 a este encuentro.<\/p>\n<p>Para mas informaci\u00f3n:\u00a0<a href=\"http:\/\/program.ar\">http:\/\/program.ar<br \/>\n<\/a><\/p>\n<p><strong style=\"line-height: 1.21em;\">Acerca de Hackaton<\/strong><\/p>\n<p>Un\u00a0<strong>hackathon<\/strong>\u00a0o\u00a0<strong>hackat\u00f3n<\/strong>, es un t\u00e9rmino usado en las comunidades\u00a0<a title=\"Hacker\" href=\"http:\/\/es.wikipedia.org\/wiki\/Hacker\">hacker<\/a>\u00a0para referirse a un encuentro de\u00a0<a title=\"Programadores\" href=\"http:\/\/es.wikipedia.org\/wiki\/Programadores\">programadores<\/a>\u00a0cuyo objetivo es el\u00a0<a title=\"Desarrollo colaborativo de software\" href=\"http:\/\/es.wikipedia.org\/wiki\/Desarrollo_colaborativo_de_software\">desarrollo colaborativo de software<\/a>, aunque en ocasiones puede haber tambi\u00e9n un componente de\u00a0<a title=\"Hardware\" href=\"http:\/\/es.wikipedia.org\/wiki\/Hardware\">hardware<\/a><\/p>\n<p><strong>Otros enlaces de inter\u00e9s<\/strong><\/p>\n<p><a href=\"http:\/\/www.educ.ar\/\"><strong>Educ.Ar<\/strong><\/a><\/p>\n<p><a href=\"http:\/\/www.fundacionsadosky.org.ar\"><strong>Fundaci\u00f3n Sadosky <\/strong><\/a><\/p>\n<p><a href=\"http:\/\/www.conectarigualdad.gob.ar\/\"><strong>Conectar Igualdad<\/strong><\/a><\/p>\n","protected":false},"excerpt":{"rendered":"<p>&nbsp; Durante los d\u00edas 5 y 6 de junio de 2014 se realiz\u00f3 el primer Foro regional de Program.AR,\u00a0en la Universidad Nacional de Quilmes, provincia de Buenos Aires. Se trata de una iniciativa del Estado Nacional impulsada en forma conjunta por la Jefatura de Gabinete de Ministros, el portal Educ.ar del Ministerio de Educaci\u00f3n, junto [&hellip;]<\/p>\n","protected":false},"author":3,"featured_media":0,"comment_status":"closed","ping_status":"open","sticky":false,"template":"","format":"standard","meta":{"footnotes":""},"categories":[1],"tags":[],"class_list":["post-3987","post","type-post","status-publish","format-standard","hentry","category-noticias"],"_links":{"self":[{"href":"https:\/\/www.inet.edu.ar\/index.php\/wp-json\/wp\/v2\/posts\/3987","targetHints":{"allow":["GET"]}}],"collection":[{"href":"https:\/\/www.inet.edu.ar\/index.php\/wp-json\/wp\/v2\/posts"}],"about":[{"href":"https:\/\/www.inet.edu.ar\/index.php\/wp-json\/wp\/v2\/types\/post"}],"author":[{"embeddable":true,"href":"https:\/\/www.inet.edu.ar\/index.php\/wp-json\/wp\/v2\/users\/3"}],"replies":[{"embeddable":true,"href":"https:\/\/www.inet.edu.ar\/index.php\/wp-json\/wp\/v2\/comments?post=3987"}],"version-history":[{"count":9,"href":"https:\/\/www.inet.edu.ar\/index.php\/wp-json\/wp\/v2\/posts\/3987\/revisions"}],"predecessor-version":[{"id":18482,"href":"https:\/\/www.inet.edu.ar\/index.php\/wp-json\/wp\/v2\/posts\/3987\/revisions\/18482"}],"wp:attachment":[{"href":"https:\/\/www.inet.edu.ar\/index.php\/wp-json\/wp\/v2\/media?parent=3987"}],"wp:term":[{"taxonomy":"category","embeddable":true,"href":"https:\/\/www.inet.edu.ar\/index.php\/wp-json\/wp\/v2\/categories?post=3987"},{"taxonomy":"post_tag","embeddable":true,"href":"https:\/\/www.inet.edu.ar\/index.php\/wp-json\/wp\/v2\/tags?post=3987"}],"curies":[{"name":"wp","href":"https:\/\/api.w.org\/{rel}","templated":true}]}}