{"id":40064,"date":"2024-11-21T14:06:48","date_gmt":"2024-11-21T17:06:48","guid":{"rendered":"https:\/\/www.inet.edu.ar\/?p=40064"},"modified":"2024-11-21T14:10:05","modified_gmt":"2024-11-21T17:10:05","slug":"el-instituto-nacional-de-educacion-tecnologica-participo-de-festividades-escolares-por-el-dia-de-la-educacion-tecnico-profesional","status":"publish","type":"post","link":"https:\/\/www.inet.edu.ar\/index.php\/el-instituto-nacional-de-educacion-tecnologica-participo-de-festividades-escolares-por-el-dia-de-la-educacion-tecnico-profesional\/","title":{"rendered":"El Instituto Nacional de Educaci\u00f3n Tecnol\u00f3gica particip\u00f3 de festividades escolares por el d\u00eda de la Educaci\u00f3n T\u00e9cnico Profesional"},"content":{"rendered":"\n<p><em>El Instituto Nacional de Educaci\u00f3n Tecnol\u00f3gica (INET) estuvo presente en dos actividades que se realizaron en la escuela t\u00e9cnica N\u00b01 de la localidad de Z\u00e1rate y en la escuela secundaria t\u00e9cnica de la Universidad Nacional de San Mart\u00edn (UNSAM), en conmemoraci\u00f3n por el D\u00eda de la Educaci\u00f3n T\u00e9cnico Profesional.<\/em><\/p>\n\n\n\n<p>Durante la primera actividad realizada en la escuela de la localidad de Z\u00e1rate, sus estudiantes presentaron proyectos productivos en contexto escolar y se premiaron a los m\u00e1s destacados en una jornada recreativa, participativa y de mancomuni\u00f3n estudiantil. <\/p>\n\n\n\n<figure class=\"wp-block-image size-full\"><img loading=\"lazy\" decoding=\"async\" width=\"1600\" height=\"1200\" src=\"https:\/\/www.inet.edu.ar\/wp-content\/uploads\/2024\/11\/WhatsApp-Image-2024-11-20-at-13.15.38-1.jpeg\" alt=\"\" class=\"wp-image-40066\"\/><\/figure>\n\n\n\n<p>En tanto, en la escuela secundaria t\u00e9cnica perteneciente a la Casa de Altos Estudios de San Mart\u00edn, se reunieron actores educativos de instituciones p\u00fablicas y privadas, en conjunto con referentes sociales y especialistas del Instituto Nacional de Tecnolog\u00eda Industrial (INTI), del Instituto Nacional de Tecnolog\u00eda Agropecuaria (INTA) y la C\u00e1mara de Comercio, Industria y Agricultura de San Mart\u00edn, en el marco de un intercambio de ideas para mejorar la propuesta educativa en la mesa intersectorial de la Educaci\u00f3n T\u00e9cnico Profesional (ETP).<\/p>\n\n\n\n<p><strong>D\u00eda de la Educaci\u00f3n T\u00e9cnico Profesional<\/strong><\/p>\n\n\n\n<p>El D\u00eda de la Educaci\u00f3n T\u00e9cnica se celebra todos los 15 de noviembre desde 1959, en virtud de la creaci\u00f3n del Consejo Nacional de Educaci\u00f3n T\u00e9cnica (CONET) como organismo regulador de la ense\u00f1anza de especialidades tecnol\u00f3gicas y cient\u00edficas. En 1995, luego del traspaso de las escuelas nacionales a las jurisdicciones (las 23 provincias y la Ciudad Aut\u00f3noma de Buenos Aires), pas\u00f3 a llamarse Instituto Nacional de Educaci\u00f3n Tecnol\u00f3gica (INET), \u00f3rgano de la Secretar\u00eda de Educaci\u00f3n del Ministerio de Capital Humano de la Naci\u00f3n, que tiene a su cargo la implementaci\u00f3n de las pol\u00edticas p\u00fablicas sobre Educaci\u00f3n T\u00e9cnico Profesional (ETP) en Argentina.<\/p>\n\n\n\n<figure class=\"wp-block-image size-full\"><img loading=\"lazy\" decoding=\"async\" width=\"1280\" height=\"960\" src=\"https:\/\/www.inet.edu.ar\/wp-content\/uploads\/2024\/11\/WhatsApp-Image-2024-11-20-at-13.15.39.jpeg\" alt=\"\" class=\"wp-image-40067\"\/><\/figure>\n\n\n\n<p>Seg\u00fan el Registro Federal de Instituciones de la Educaci\u00f3n T\u00e9cnico Profesional (RFIETP), existen 5402 instituciones de la modalidad, 3868 de gesti\u00f3n estatal y 1534 de privada, a las que asisten alrededor de 1 mill\u00f3n 400 mil estudiantes. De ellas 1735 son Escuelas Secundarias T\u00e9cnicas, 753 Institutos Superiores T\u00e9cnicos, 1380 de Formaci\u00f3n Profesional y 1534 de Otro Nivel y Modalidades.<\/p>\n","protected":false},"excerpt":{"rendered":"<p>El Instituto Nacional de Educaci\u00f3n Tecnol\u00f3gica (INET) estuvo presente en dos actividades que se realizaron en la escuela t\u00e9cnica N\u00b01 de la localidad de Z\u00e1rate y en la escuela secundaria t\u00e9cnica de la Universidad Nacional de San Mart\u00edn (UNSAM), en conmemoraci\u00f3n por el D\u00eda de la Educaci\u00f3n T\u00e9cnico Profesional. Durante la primera actividad realizada en [&hellip;]<\/p>\n","protected":false},"author":15,"featured_media":40065,"comment_status":"closed","ping_status":"open","sticky":false,"template":"","format":"standard","meta":{"footnotes":""},"categories":[1,14],"tags":[],"class_list":["post-40064","post","type-post","status-publish","format-standard","has-post-thumbnail","hentry","category-noticias","category-noticias-fijas"],"_links":{"self":[{"href":"https:\/\/www.inet.edu.ar\/index.php\/wp-json\/wp\/v2\/posts\/40064","targetHints":{"allow":["GET"]}}],"collection":[{"href":"https:\/\/www.inet.edu.ar\/index.php\/wp-json\/wp\/v2\/posts"}],"about":[{"href":"https:\/\/www.inet.edu.ar\/index.php\/wp-json\/wp\/v2\/types\/post"}],"author":[{"embeddable":true,"href":"https:\/\/www.inet.edu.ar\/index.php\/wp-json\/wp\/v2\/users\/15"}],"replies":[{"embeddable":true,"href":"https:\/\/www.inet.edu.ar\/index.php\/wp-json\/wp\/v2\/comments?post=40064"}],"version-history":[{"count":2,"href":"https:\/\/www.inet.edu.ar\/index.php\/wp-json\/wp\/v2\/posts\/40064\/revisions"}],"predecessor-version":[{"id":40069,"href":"https:\/\/www.inet.edu.ar\/index.php\/wp-json\/wp\/v2\/posts\/40064\/revisions\/40069"}],"wp:featuredmedia":[{"embeddable":true,"href":"https:\/\/www.inet.edu.ar\/index.php\/wp-json\/wp\/v2\/media\/40065"}],"wp:attachment":[{"href":"https:\/\/www.inet.edu.ar\/index.php\/wp-json\/wp\/v2\/media?parent=40064"}],"wp:term":[{"taxonomy":"category","embeddable":true,"href":"https:\/\/www.inet.edu.ar\/index.php\/wp-json\/wp\/v2\/categories?post=40064"},{"taxonomy":"post_tag","embeddable":true,"href":"https:\/\/www.inet.edu.ar\/index.php\/wp-json\/wp\/v2\/tags?post=40064"}],"curies":[{"name":"wp","href":"https:\/\/api.w.org\/{rel}","templated":true}]}}