{"id":40070,"date":"2024-11-21T16:26:51","date_gmt":"2024-11-21T19:26:51","guid":{"rendered":"https:\/\/www.inet.edu.ar\/?p=40070"},"modified":"2024-11-22T11:38:41","modified_gmt":"2024-11-22T14:38:41","slug":"el-director-ejecutivo-del-inet-visito-jujuy","status":"publish","type":"post","link":"https:\/\/www.inet.edu.ar\/index.php\/el-director-ejecutivo-del-inet-visito-jujuy\/","title":{"rendered":"El director Ejecutivo del INET visit\u00f3 Jujuy"},"content":{"rendered":"\n<p><em>El mi\u00e9rcoles 20 de noviembre el director ejecutivo del Instituto Nacional de Educaci\u00f3n Tecnol\u00f3gica (INET), Ludovico Grillo, visit\u00f3 la provincia de Jujuy y particip\u00f3 de diversas actividades: disert\u00f3 en el conversatorio \u201cPuentes de futuro: Diagn\u00f3stico y Propuestas entre la Educaci\u00f3n T\u00e9cnica y el Mundo Laboral\u201d; supervis\u00f3 el Operativo Muestral Aprender 2024 y recorri\u00f3 la Expo Educativa Provincial 2024.<\/em><\/p>\n\n\n\n<p><strong>Puentes de futuro: Diagn\u00f3stico y Propuestas entre la Educaci\u00f3n T\u00e9cnica y el Mundo Laboral<\/strong><\/p>\n\n\n\n<p>Los distintos referentes educativos provinciales debatieron durante la ma\u00f1ana del jueves en el Complejo Ministerial ubicado en el barrio Malvinas, sobre los avances tecnol\u00f3gicos en los procesos de ense\u00f1anza y de gesti\u00f3n en las instituciones educativas, y su correspondiente vinculaci\u00f3n al mundo educativo y laboral.<\/p>\n\n\n\n<p>El conversatorio fue un espacio de reflexi\u00f3n y an\u00e1lisis entre los actores del \u00e1mbito educativo, con el objetivo de diagnosticar la relaci\u00f3n entre la educaci\u00f3n t\u00e9cnica y las demandas laborales, identificando brechas en la formaci\u00f3n de los estudiantes, a fin de proponer estrategias que optimicen la ense\u00f1anza t\u00e9cnica para mejorar su pertinencia y calidad en el contexto.<\/p>\n\n\n\n<p>En ese marco, asistieron directivos de escuelas t\u00e9cnicas, agrot\u00e9cnicas, centros de formaci\u00f3n profesional, supervisores, vocales de Sala T\u00e9cnica de la Junta Provincial de Calificaci\u00f3n Docente, con el af\u00e1n de proponer incorporar las nuevas tecnolog\u00edas para mejorar la relaci\u00f3n entre el estudiante y el docente.<\/p>\n\n\n\n<p>Participaron funcionarios provinciales, entre ellos: los secretarios de Gesti\u00f3n Educativa, Federico Medrano; de Planeamiento Estrat\u00e9gico, Natalia Garc\u00eda Goyena; de Cr\u00e9dito Educativo, Eugenia Mart\u00ednez Alvarado; la directora provincial de Educaci\u00f3n T\u00e9cnico Profesional, Mar\u00eda Eugenia Torramorell y el director de la Agencia de Ciencia y Tecnolog\u00eda, Luis Bono, entre otros.<\/p>\n\n\n\n<p><strong>Supervisi\u00f3n del Operativo Muestral Aprender<\/strong><\/p>\n\n\n\n<p>En el marco de la visita a Jujuy, el director ejecutivo del INET, Ludovico Grillo, junto a la ministra de Educaci\u00f3n de Jujuy, Miriam Serrano, visitaron la escuela N\u00b0388 \u201cJuan Galo Lavalle\u201d, donde recorrieron sus instalaciones y tambi\u00e9n supervisaron las primeras pruebas en el marco del Operativo Aprender, el dispositivo nacional de evaluaci\u00f3n de los aprendizajes de los estudiantes y de sistematizaci\u00f3n de informaci\u00f3n acerca de algunas condiciones en las que ellos se desarrollan.<\/p>\n\n\n\n<p>El operativo se mont\u00f3 en el Laboratorio de la escuela y participaron alrededor de <em>30 alumnos de 3er a\u00f1o del Nivel Primario, distribuidos en dos turnos.<\/em><\/p>\n\n\n\n<p><em>\u201cHoy es un d\u00eda muy importante para la educaci\u00f3n de la Argentina, y en este caso muestral de tercer grado, que tiene que ver mucho con el Plan de Alfabetizaci\u00f3n, para saber c\u00f3mo estamos y c\u00f3mo ir creciendo en alfabetizaci\u00f3n en la Argentina\u201d<\/em>, asegur\u00f3 Grillo.<\/p>\n\n\n\n<p>La comitiva ministerial estuvo compuesta por la secretaria de Planeamiento Estrat\u00e9gico Educativo, Natalia Garc\u00eda Goyena; y las directoras de Educaci\u00f3n T\u00e9cnico Profesional, Mar\u00eda Eugenia Torramorell; y de Planeamiento, Informaci\u00f3n y Evaluaci\u00f3n, Gisela Guti\u00e9rrez.<\/p>\n\n\n\n<p><strong>Expo Educativa Provincial 2024<\/strong><\/p>\n\n\n\n<p>En la Ciudad Cultural de la provincia de Jujuy se llev\u00f3 a cabo la Expo Educativa Provincial 2024 con el objetivo de brindar informaci\u00f3n y promover las diversas oportunidades educativas disponibles, durante los d\u00edas 21 y 22 de noviembre.<\/p>\n\n\n\n<p>El espacio estuvo destinado para reunir a instituciones educativas de los niveles superior, universitario y no universitario, brindando a los estudiantes la oportunidad de conocer la amplia variedad de opciones de formaci\u00f3n disponibles en Jujuy.<\/p>\n\n\n\n<p>Este encuentro se mostr\u00f3 como una excelente oportunidad para aquellos que buscan conocer m\u00e1s sobre las carreras, programas de formaci\u00f3n t\u00e9cnica, terciaria y universitaria, y otros proyectos educativos que se desarrollan en la provincia. Los asistentes participaron en&nbsp;charlas y conferencias&nbsp;a cargo de representantes de universidades, institutos terciarios y expertos en diversas \u00e1reas, as\u00ed como tambi\u00e9n de actividades interactivas y talleres pr\u00e1cticos&nbsp;con diversas tem\u00e1ticas educativas.<\/p>\n","protected":false},"excerpt":{"rendered":"<p>El mi\u00e9rcoles 20 de noviembre el director ejecutivo del Instituto Nacional de Educaci\u00f3n Tecnol\u00f3gica (INET), Ludovico Grillo, visit\u00f3 la provincia de Jujuy y particip\u00f3 de diversas actividades: disert\u00f3 en el conversatorio \u201cPuentes de futuro: Diagn\u00f3stico y Propuestas entre la Educaci\u00f3n T\u00e9cnica y el Mundo Laboral\u201d; supervis\u00f3 el Operativo Muestral Aprender 2024 y recorri\u00f3 la Expo [&hellip;]<\/p>\n","protected":false},"author":15,"featured_media":40073,"comment_status":"closed","ping_status":"open","sticky":false,"template":"","format":"standard","meta":{"footnotes":""},"categories":[1,14],"tags":[],"class_list":["post-40070","post","type-post","status-publish","format-standard","has-post-thumbnail","hentry","category-noticias","category-noticias-fijas"],"_links":{"self":[{"href":"https:\/\/www.inet.edu.ar\/index.php\/wp-json\/wp\/v2\/posts\/40070","targetHints":{"allow":["GET"]}}],"collection":[{"href":"https:\/\/www.inet.edu.ar\/index.php\/wp-json\/wp\/v2\/posts"}],"about":[{"href":"https:\/\/www.inet.edu.ar\/index.php\/wp-json\/wp\/v2\/types\/post"}],"author":[{"embeddable":true,"href":"https:\/\/www.inet.edu.ar\/index.php\/wp-json\/wp\/v2\/users\/15"}],"replies":[{"embeddable":true,"href":"https:\/\/www.inet.edu.ar\/index.php\/wp-json\/wp\/v2\/comments?post=40070"}],"version-history":[{"count":1,"href":"https:\/\/www.inet.edu.ar\/index.php\/wp-json\/wp\/v2\/posts\/40070\/revisions"}],"predecessor-version":[{"id":40074,"href":"https:\/\/www.inet.edu.ar\/index.php\/wp-json\/wp\/v2\/posts\/40070\/revisions\/40074"}],"wp:featuredmedia":[{"embeddable":true,"href":"https:\/\/www.inet.edu.ar\/index.php\/wp-json\/wp\/v2\/media\/40073"}],"wp:attachment":[{"href":"https:\/\/www.inet.edu.ar\/index.php\/wp-json\/wp\/v2\/media?parent=40070"}],"wp:term":[{"taxonomy":"category","embeddable":true,"href":"https:\/\/www.inet.edu.ar\/index.php\/wp-json\/wp\/v2\/categories?post=40070"},{"taxonomy":"post_tag","embeddable":true,"href":"https:\/\/www.inet.edu.ar\/index.php\/wp-json\/wp\/v2\/tags?post=40070"}],"curies":[{"name":"wp","href":"https:\/\/api.w.org\/{rel}","templated":true}]}}