{"id":40079,"date":"2024-11-22T14:47:49","date_gmt":"2024-11-22T17:47:49","guid":{"rendered":"https:\/\/www.inet.edu.ar\/?p=40079"},"modified":"2024-11-28T12:00:21","modified_gmt":"2024-11-28T15:00:21","slug":"los-premios-del-desafio-america","status":"publish","type":"post","link":"https:\/\/www.inet.edu.ar\/index.php\/los-premios-del-desafio-america\/","title":{"rendered":"Los premios del Desaf\u00edo Am\u00e9rica"},"content":{"rendered":"\n<p><\/p>\n\n\n\n<p>El concurso \u201cDesaf\u00edo Am\u00e9rica, la matem\u00e1tica de los goles\u201d, se origin\u00f3 en el contexto del Plan de Alfabetizaci\u00f3n Nacional impulsado por el Ministerio de Capital Humano, en articulaci\u00f3n con el Instituto Nacional de Educaci\u00f3n Tecnol\u00f3gica, dependiente de la Secretar\u00eda de Educaci\u00f3n.<\/p>\n\n\n\n<p>El concurso estuvo orientado a motivar el aprendizaje de la matem\u00e1tica en estudiantes del nivel secundario de la Educaci\u00f3n T\u00e9cnico Profesional (ETP), mediante la integraci\u00f3n de saberes de diferentes disciplinas.<\/p>\n\n\n\n<p>Los estudiantes de todo el pa\u00eds deb\u00edan resolver situaciones problem\u00e1ticas con objetivo poner en juego las capacidades y conocimientos adquiridos en la escuela secundaria t\u00e9cnica y trabajar en equipo responsablemente.<\/p>\n\n\n\n<p>Las consignas fueron elaboradas por especialistas del INET, en consonancia con el conjunto de capacidades b\u00e1sicas y profesionales.<\/p>\n\n\n\n<p>Participaron 19 provincias: Buenos Aires, CABA, Catamarca, Chaco, Chubut, Corrientes, Entre R\u00edos, Jujuy, La Rioja, Mendoza, Misiones, R\u00edo Negro, Salta, San Juan, San Luis, Santa Cruz, Santa Fe, Santiago del Estero, Tucum\u00e1n.<\/p>\n\n\n\n<p>Fueron 68 equipos de 41 escuelas t\u00e9cnicas. Participaron un total de 274 estudiantes, de los cuales 101 pertenecen a la Categor\u00eda 1 y 173 a la Categor\u00eda 2.<\/p>\n\n\n\n<p>Hubo 29 estudiantes ganadores del concurso que se llevaron grandes premios para las instituciones y sus compa\u00f1eros.<\/p>\n\n\n\n<p>\u00a1Felicitaciones a todos!<\/p>\n\n\n\n<p><\/p>\n\n\n\n<p><strong>Escuelas ganadoras categor\u00eda 1:<\/strong><\/p>\n\n\n\n<figure class=\"wp-block-table\"><table><tbody><tr><td><strong>PODIO<\/strong><\/td><td><strong>ESCUELA<\/strong><\/td><td><strong>JURISDICCI\u00d3N Y LOCALIDAD<\/strong><\/td><td><strong>PREMIOS<\/strong><\/td><\/tr><tr><td>1\u00b0<\/td><td>Escuela Provincial de Educaci\u00f3n T\u00e9cnica N\u00b0 2<\/td><td>Bel\u00e9n, provincia de Catamarca<\/td><td>-2 Kits de Rob\u00f3tica (Grupo Petersen)<\/td><\/tr><tr><td>2\u00b0<\/td><td>Escuela Industrial N\u00b01 \u201dGeneral Enrique Mosconi\u201d<\/td><td>Caleta Olivia, provincia de Santa Cruz<\/td><td>-4 Ebooks (Organizaci\u00f3n de los Estados Iberoamericanos)<\/td><\/tr><tr><td>3\u00b0<\/td><td>Escuela T\u00e9cnica \u201cNuevo Milenio\u201d<\/td><td>Gobernador Virasoro, provincia de Corrientes<\/td><td>-1 M\u00e1quina Dolce Gosto (Nestl\u00e9) + 15 becas Ticmas (Ticmas)<\/td><\/tr><\/tbody><\/table><\/figure>\n\n\n\n<p><\/p>\n\n\n\n<p><strong>Escuelas ganadoras categor\u00eda 2:<\/strong><\/p>\n\n\n\n<figure class=\"wp-block-table\"><table><tbody><tr><td><strong>PODIO<\/strong><\/td><td><strong>ESCUELA<\/strong><\/td><td><strong>JURISDICCI\u00d3N Y LOCALIDAD<\/strong><\/td><td><strong>PREMIOS<\/strong><\/td><\/tr><tr><td>1\u00b0<\/td><td>Escuela de Educaci\u00f3n T\u00e9cnica N\u00b05 \u201cAmancio Williams\u201d<\/td><td>Mar del Plata, provincia de Buenos Aires<\/td><td>&nbsp; -Impresora 3D (Jala University)<\/td><\/tr><tr><td>2\u00b0<strong><\/strong><\/td><td>Escuela de Educaci\u00f3n T\u00e9cnica N\u00b03134<\/td><td>San Ram\u00f3n de la Nueva Or\u00e1n, provincia de Salta<\/td><td>&nbsp; -4 Ebooks (Organizaci\u00f3n de los&nbsp; Estados Iberoamericanos)<\/td><\/tr><tr><td>3\u00b0<strong><\/strong><\/td><td>Escuela de Educaci\u00f3n T\u00e9cnica N\u00b01 \u201cAna Urquiza de Victoria\u00bb<\/td><td>Concepci\u00f3n del Uruguay, provincia de Entre R\u00edos<\/td><td>-1M\u00e1quina Dolce Gusto (Nestl\u00e9) + 15 Becas Ticmas (Ticmas)<\/td><\/tr><\/tbody><\/table><\/figure>\n","protected":false},"excerpt":{"rendered":"<p>El concurso \u201cDesaf\u00edo Am\u00e9rica, la matem\u00e1tica de los goles\u201d, se origin\u00f3 en el contexto del Plan de Alfabetizaci\u00f3n Nacional impulsado por el Ministerio de Capital Humano, en articulaci\u00f3n con el Instituto Nacional de Educaci\u00f3n Tecnol\u00f3gica, dependiente de la Secretar\u00eda de Educaci\u00f3n. El concurso estuvo orientado a motivar el aprendizaje de la matem\u00e1tica en estudiantes del [&hellip;]<\/p>\n","protected":false},"author":16,"featured_media":33113,"comment_status":"closed","ping_status":"open","sticky":false,"template":"","format":"standard","meta":{"footnotes":""},"categories":[1,14,13],"tags":[],"class_list":["post-40079","post","type-post","status-publish","format-standard","has-post-thumbnail","hentry","category-noticias","category-noticias-fijas","category-noticias-slider"],"_links":{"self":[{"href":"https:\/\/www.inet.edu.ar\/index.php\/wp-json\/wp\/v2\/posts\/40079","targetHints":{"allow":["GET"]}}],"collection":[{"href":"https:\/\/www.inet.edu.ar\/index.php\/wp-json\/wp\/v2\/posts"}],"about":[{"href":"https:\/\/www.inet.edu.ar\/index.php\/wp-json\/wp\/v2\/types\/post"}],"author":[{"embeddable":true,"href":"https:\/\/www.inet.edu.ar\/index.php\/wp-json\/wp\/v2\/users\/16"}],"replies":[{"embeddable":true,"href":"https:\/\/www.inet.edu.ar\/index.php\/wp-json\/wp\/v2\/comments?post=40079"}],"version-history":[{"count":2,"href":"https:\/\/www.inet.edu.ar\/index.php\/wp-json\/wp\/v2\/posts\/40079\/revisions"}],"predecessor-version":[{"id":40152,"href":"https:\/\/www.inet.edu.ar\/index.php\/wp-json\/wp\/v2\/posts\/40079\/revisions\/40152"}],"wp:featuredmedia":[{"embeddable":true,"href":"https:\/\/www.inet.edu.ar\/index.php\/wp-json\/wp\/v2\/media\/33113"}],"wp:attachment":[{"href":"https:\/\/www.inet.edu.ar\/index.php\/wp-json\/wp\/v2\/media?parent=40079"}],"wp:term":[{"taxonomy":"category","embeddable":true,"href":"https:\/\/www.inet.edu.ar\/index.php\/wp-json\/wp\/v2\/categories?post=40079"},{"taxonomy":"post_tag","embeddable":true,"href":"https:\/\/www.inet.edu.ar\/index.php\/wp-json\/wp\/v2\/tags?post=40079"}],"curies":[{"name":"wp","href":"https:\/\/api.w.org\/{rel}","templated":true}]}}