{"id":40878,"date":"2025-05-27T12:11:32","date_gmt":"2025-05-27T15:11:32","guid":{"rendered":"https:\/\/www.inet.edu.ar\/?p=40878"},"modified":"2025-05-28T15:15:15","modified_gmt":"2025-05-28T18:15:15","slug":"culmino-la-jornada-de-formacion-para-las-escuelas-agrotecnicas-de-santa-fe","status":"publish","type":"post","link":"https:\/\/www.inet.edu.ar\/index.php\/culmino-la-jornada-de-formacion-para-las-escuelas-agrotecnicas-de-santa-fe\/","title":{"rendered":"Culmin\u00f3 la jornada de Formaci\u00f3n para las escuelas Agrot\u00e9cnicas de Santa Fe\u00a0"},"content":{"rendered":"\n<p>En el marco de una propuesta destinada a fortalecer la educaci\u00f3n t\u00e9cnica rural, se llevaron a cabo en la ciudad de Santa Fe las Jornadas Presenciales de Formaci\u00f3n dirigidas a directivos y docentes de las 32 escuelas agrot\u00e9cnicas de toda la provincia.<\/p>\n\n\n\n<p>El director ejecutivo del Instituto Nacional de Educaci\u00f3n Tecnol\u00f3gica (INET), <strong>Ludovico Grillo<\/strong>, particip\u00f3 del encuentro del que tambi\u00e9n presenciaron el ministro de Educaci\u00f3n de la provincia de Santa Fe, <strong>Jos\u00e9 Goity<\/strong>; la secretaria de Educaci\u00f3n de la provincia de Santa Fe, <strong>Carolina Piedrabuena<\/strong>; el referente t\u00e9cnico pol\u00edtico de la Educaci\u00f3n T\u00e9cnico Profesional (ETP) en Santa Fe, <strong>Mario Alliot<\/strong>; y el director provincial de Pr\u00e1cticas Educativas de la provincia de Santa Fe, <strong>Santiago Rosenzvaig<\/strong>.<\/p>\n\n\n\n<figure class=\"wp-block-image size-full\"><img loading=\"lazy\" decoding=\"async\" width=\"1600\" height=\"1200\" src=\"https:\/\/www.inet.edu.ar\/wp-content\/uploads\/2025\/05\/WhatsApp-Image-2025-05-27-at-12.24.49.jpeg\" alt=\"\" class=\"wp-image-40886\"\/><\/figure>\n\n\n\n<p>La iniciativa reuni\u00f3 a 64 directores y vicedirectores de escuelas agrot\u00e9cnicas de la provincia de Santa Fe, quienes iniciaron un recorrido formativo en Gesti\u00f3n Estrat\u00e9gica y Liderazgo Pedag\u00f3gico (GELP). A su vez, tambi\u00e9n participaron en espacios espec\u00edficos de formaci\u00f3n en Lengua y Proyecto de Vida.<\/p>\n\n\n\n<p>Estas jornadas tuvieron como ejes centrales el trabajo colaborativo, la escucha activa y la planificaci\u00f3n conjunta, con el prop\u00f3sito de acompa\u00f1ar a las escuelas agrot\u00e9cnicas en un proceso de innovaci\u00f3n pedag\u00f3gica y tecnol\u00f3gica adaptado a su modalidad. Durante los encuentros, se repens\u00f3 el perfil del estudiante agrot\u00e9cnico y las capacidades y saberes que debe desarrollar para su futuro profesional y ciudadano.<\/p>\n\n\n\n<p>La propuesta incluye contenidos clave como Lengua, Matem\u00e1tica, Rob\u00f3tica Educativa, Aprendizaje Basado en Proyectos (con foco en STEAM e Innovaci\u00f3n Agropecuaria), y la construcci\u00f3n del Proyecto de Vida. A trav\u00e9s de estas l\u00edneas de acci\u00f3n, se busca generar aprendizajes significativos y experiencias transformadoras para directivos, docentes y estudiantes.<\/p>\n\n\n\n<p>Esta actividad cuenta con el apoyo del<strong> Grupo Petersen<\/strong>, que ratifica su compromiso con la educaci\u00f3n como motor de desarrollo de las comunidades, promoviendo estrategias de mejora continua y trabajo conjunto con instituciones educativas de todo el pa\u00eds.<\/p>\n","protected":false},"excerpt":{"rendered":"<p>En el marco de una propuesta destinada a fortalecer la educaci\u00f3n t\u00e9cnica rural, se llevaron a cabo en la ciudad de Santa Fe las Jornadas Presenciales de Formaci\u00f3n dirigidas a directivos y docentes de las 32 escuelas agrot\u00e9cnicas de toda la provincia. El director ejecutivo del Instituto Nacional de Educaci\u00f3n Tecnol\u00f3gica (INET), Ludovico Grillo, particip\u00f3 [&hellip;]<\/p>\n","protected":false},"author":15,"featured_media":40883,"comment_status":"closed","ping_status":"open","sticky":false,"template":"","format":"standard","meta":{"footnotes":""},"categories":[1,14,13],"tags":[],"class_list":["post-40878","post","type-post","status-publish","format-standard","has-post-thumbnail","hentry","category-noticias","category-noticias-fijas","category-noticias-slider"],"_links":{"self":[{"href":"https:\/\/www.inet.edu.ar\/index.php\/wp-json\/wp\/v2\/posts\/40878","targetHints":{"allow":["GET"]}}],"collection":[{"href":"https:\/\/www.inet.edu.ar\/index.php\/wp-json\/wp\/v2\/posts"}],"about":[{"href":"https:\/\/www.inet.edu.ar\/index.php\/wp-json\/wp\/v2\/types\/post"}],"author":[{"embeddable":true,"href":"https:\/\/www.inet.edu.ar\/index.php\/wp-json\/wp\/v2\/users\/15"}],"replies":[{"embeddable":true,"href":"https:\/\/www.inet.edu.ar\/index.php\/wp-json\/wp\/v2\/comments?post=40878"}],"version-history":[{"count":3,"href":"https:\/\/www.inet.edu.ar\/index.php\/wp-json\/wp\/v2\/posts\/40878\/revisions"}],"predecessor-version":[{"id":40911,"href":"https:\/\/www.inet.edu.ar\/index.php\/wp-json\/wp\/v2\/posts\/40878\/revisions\/40911"}],"wp:featuredmedia":[{"embeddable":true,"href":"https:\/\/www.inet.edu.ar\/index.php\/wp-json\/wp\/v2\/media\/40883"}],"wp:attachment":[{"href":"https:\/\/www.inet.edu.ar\/index.php\/wp-json\/wp\/v2\/media?parent=40878"}],"wp:term":[{"taxonomy":"category","embeddable":true,"href":"https:\/\/www.inet.edu.ar\/index.php\/wp-json\/wp\/v2\/categories?post=40878"},{"taxonomy":"post_tag","embeddable":true,"href":"https:\/\/www.inet.edu.ar\/index.php\/wp-json\/wp\/v2\/tags?post=40878"}],"curies":[{"name":"wp","href":"https:\/\/api.w.org\/{rel}","templated":true}]}}