{"id":40917,"date":"2025-05-30T11:25:43","date_gmt":"2025-05-30T14:25:43","guid":{"rendered":"https:\/\/www.inet.edu.ar\/?p=40917"},"modified":"2025-05-30T11:25:43","modified_gmt":"2025-05-30T14:25:43","slug":"inet-y-uader-firmaron-un-convenio-marco-de-cooperacion-institucional","status":"publish","type":"post","link":"https:\/\/www.inet.edu.ar\/index.php\/inet-y-uader-firmaron-un-convenio-marco-de-cooperacion-institucional\/","title":{"rendered":"INET y UADER firmaron un convenio marco de cooperaci\u00f3n institucional"},"content":{"rendered":"\n<p>En el marco de las pol\u00edticas p\u00fablicas impulsadas por el <strong>Ministerio de Capital Humano de la Naci\u00f3n<\/strong>, el <strong>Instituto Nacional de Educaci\u00f3n Tecnol\u00f3gica (INET)<\/strong> firm\u00f3 un convenio marco de cooperaci\u00f3n con la <strong>Universidad Aut\u00f3noma de Entre R\u00edos (UADER)<\/strong>, con el objetivo de consolidar acciones conjuntas en materia educativa, cient\u00edfica, tecnol\u00f3gica, cultural y social, con el foco puesto en el fortalecimiento de la <strong>Educaci\u00f3n T\u00e9cnico Profesional<\/strong> (ETP) en la Argentina.<\/p>\n\n\n\n<p>El director Ejecutivo del INET, <strong>Ludovico Grillo<\/strong>, recibi\u00f3 en las instalaciones del instituto dependiente de la Secretar\u00eda de Educaci\u00f3n de la Naci\u00f3n al rector de la UADER, <strong>Luciano Daniel Filipuzzi<\/strong>, y al decano de la Facultad de Ciencias de la Vida y la Salud, <strong>An\u00edbal Sattler<\/strong>, donde sellaron el acuerdo de cooperaci\u00f3n entre ambos establecimientos.<\/p>\n\n\n\n<figure class=\"wp-block-image size-full\"><img loading=\"lazy\" decoding=\"async\" width=\"3984\" height=\"2240\" src=\"https:\/\/www.inet.edu.ar\/wp-content\/uploads\/2025\/05\/IMG_9325.jpg\" alt=\"\" class=\"wp-image-40925\"\/><\/figure>\n\n\n\n<p>Este convenio establece las bases para llevar adelante actividades que resulten de inter\u00e9s com\u00fan, en funci\u00f3n de las capacidades institucionales, acad\u00e9micas y t\u00e9cnicas de ambas partes. A trav\u00e9s de este instrumento, se busca consolidar una agenda de trabajo colaborativa que promueva el desarrollo y la implementaci\u00f3n de iniciativas que impacten positivamente en la formaci\u00f3n t\u00e9cnico-profesional en todo el pa\u00eds.<\/p>\n\n\n\n<p><strong>Compromisos asumidos<\/strong><\/p>\n\n\n\n<p>En el marco de esta alianza, INET y UADER se comprometen a:<\/p>\n\n\n\n<ul class=\"wp-block-list\">\n<li>Promover la cooperaci\u00f3n institucional y la asistencia t\u00e9cnica en temas de inter\u00e9s com\u00fan.<\/li>\n\n\n\n<li>Desarrollar acciones conjuntas vinculadas a la investigaci\u00f3n aplicada a la Educaci\u00f3n T\u00e9cnico Profesional.<\/li>\n\n\n\n<li>Implementar instancias de formaci\u00f3n integral y continua para estudiantes, docentes y profesionales del sector.<\/li>\n\n\n\n<li>Intercambiar informaci\u00f3n y brindar asesoramiento mutuo con el fin de optimizar las capacidades cient\u00edfico-t\u00e9cnicas de ambas instituciones.<\/li>\n\n\n\n<li>Impulsar proyectos de innovaci\u00f3n educativa y tecnol\u00f3gica que generen valor en sus respectivas jurisdicciones.<\/li>\n<\/ul>\n\n\n\n<p>Las acciones espec\u00edficas derivadas de este convenio ser\u00e1n instrumentadas mediante acuerdos particulares que establecer\u00e1n los objetivos, cronogramas, recursos humanos y materiales, as\u00ed como las unidades ejecutoras responsables de cada proyecto.<\/p>\n\n\n\n<figure class=\"wp-block-image size-full\"><img loading=\"lazy\" decoding=\"async\" width=\"3984\" height=\"2240\" src=\"https:\/\/www.inet.edu.ar\/wp-content\/uploads\/2025\/05\/IMG_9315.jpg\" alt=\"\" class=\"wp-image-40926\"\/><\/figure>\n\n\n\n<p>Asimismo, los resultados obtenidos que deriven de los trabajos conjuntos ser\u00e1n de propiedad com\u00fan, y podr\u00e1n ser difundidos de forma conjunta o individual, reconociendo la autor\u00eda y la participaci\u00f3n de cada una de las partes.<\/p>\n\n\n\n<p>Con esta firma, el <strong>INET<\/strong> contin\u00faa consolidando v\u00ednculos estrat\u00e9gicos con universidades p\u00fablicas, en el marco de una pol\u00edtica federal de fortalecimiento de la Educaci\u00f3n T\u00e9cnico Profesional como motor del desarrollo productivo y social del pa\u00eds.<\/p>\n","protected":false},"excerpt":{"rendered":"<p>En el marco de las pol\u00edticas p\u00fablicas impulsadas por el Ministerio de Capital Humano de la Naci\u00f3n, el Instituto Nacional de Educaci\u00f3n Tecnol\u00f3gica (INET) firm\u00f3 un convenio marco de cooperaci\u00f3n con la Universidad Aut\u00f3noma de Entre R\u00edos (UADER), con el objetivo de consolidar acciones conjuntas en materia educativa, cient\u00edfica, tecnol\u00f3gica, cultural y social, con el [&hellip;]<\/p>\n","protected":false},"author":15,"featured_media":40918,"comment_status":"closed","ping_status":"open","sticky":false,"template":"","format":"standard","meta":{"footnotes":""},"categories":[1,14,13],"tags":[],"class_list":["post-40917","post","type-post","status-publish","format-standard","has-post-thumbnail","hentry","category-noticias","category-noticias-fijas","category-noticias-slider"],"_links":{"self":[{"href":"https:\/\/www.inet.edu.ar\/index.php\/wp-json\/wp\/v2\/posts\/40917","targetHints":{"allow":["GET"]}}],"collection":[{"href":"https:\/\/www.inet.edu.ar\/index.php\/wp-json\/wp\/v2\/posts"}],"about":[{"href":"https:\/\/www.inet.edu.ar\/index.php\/wp-json\/wp\/v2\/types\/post"}],"author":[{"embeddable":true,"href":"https:\/\/www.inet.edu.ar\/index.php\/wp-json\/wp\/v2\/users\/15"}],"replies":[{"embeddable":true,"href":"https:\/\/www.inet.edu.ar\/index.php\/wp-json\/wp\/v2\/comments?post=40917"}],"version-history":[{"count":1,"href":"https:\/\/www.inet.edu.ar\/index.php\/wp-json\/wp\/v2\/posts\/40917\/revisions"}],"predecessor-version":[{"id":40927,"href":"https:\/\/www.inet.edu.ar\/index.php\/wp-json\/wp\/v2\/posts\/40917\/revisions\/40927"}],"wp:featuredmedia":[{"embeddable":true,"href":"https:\/\/www.inet.edu.ar\/index.php\/wp-json\/wp\/v2\/media\/40918"}],"wp:attachment":[{"href":"https:\/\/www.inet.edu.ar\/index.php\/wp-json\/wp\/v2\/media?parent=40917"}],"wp:term":[{"taxonomy":"category","embeddable":true,"href":"https:\/\/www.inet.edu.ar\/index.php\/wp-json\/wp\/v2\/categories?post=40917"},{"taxonomy":"post_tag","embeddable":true,"href":"https:\/\/www.inet.edu.ar\/index.php\/wp-json\/wp\/v2\/tags?post=40917"}],"curies":[{"name":"wp","href":"https:\/\/api.w.org\/{rel}","templated":true}]}}