{"id":40941,"date":"2025-06-03T14:04:38","date_gmt":"2025-06-03T17:04:38","guid":{"rendered":"https:\/\/www.inet.edu.ar\/?p=40941"},"modified":"2025-06-03T14:04:38","modified_gmt":"2025-06-03T17:04:38","slug":"encuentro-federal-pronafe-2025-una-jornada-de-intercambio-y-fortalecimiento-de-la-enfermeria-en-todo-el-pais","status":"publish","type":"post","link":"https:\/\/www.inet.edu.ar\/index.php\/encuentro-federal-pronafe-2025-una-jornada-de-intercambio-y-fortalecimiento-de-la-enfermeria-en-todo-el-pais\/","title":{"rendered":"Encuentro Federal PRONAFE 2025: una jornada de intercambio y fortalecimiento de la enfermer\u00eda en todo el pa\u00eds"},"content":{"rendered":"\n<p>El Ministerio de Capital Humano de la Naci\u00f3n a trav\u00e9s del Instituto Nacional de Educaci\u00f3n Tecnol\u00f3gica (INET), llev\u00f3 adelante una nueva edici\u00f3n del Encuentro Federal PRONAFE 2025, una jornada clave para el fortalecimiento de la formaci\u00f3n en enfermer\u00eda en todo el territorio nacional.<\/p>\n\n\n\n<p>El evento se desarroll\u00f3 en el Sal\u00f3n Multimedial del INET y cont\u00f3 con la participaci\u00f3n de cientos de directores y docentes de instituciones de educaci\u00f3n superior de las 24 jurisdicciones. Como cada a\u00f1o, este encuentro representa un espacio de di\u00e1logo y reflexi\u00f3n para el desarrollo de pol\u00edticas que fortalezcan la calidad educativa en el \u00e1rea de enfermer\u00eda, una de las disciplinas estrat\u00e9gicas para el sistema de salud argentino.<\/p>\n\n\n\n<p>Durante la apertura, el director ejecutivo del INET, Ludovico Grillo, dio la bienvenida a los presentes y agradeci\u00f3 a todos por el esfuerzo de haberse acercado al establecimiento a \u201cdebatir y generar nuevas ideas que motiven a los estudiantes de enfermer\u00eda a enfrentar los nuevos desaf\u00edos que se vienen\u201d.<\/p>\n\n\n\n<p>Durante su intervenci\u00f3n, Grillo comparti\u00f3 una importante convocatoria realizada desde el Ministerio de Salud de la Naci\u00f3n: \u00abEl mi\u00e9rcoles pasado tuvimos la visita del ministro de Salud al Consejo Federal de Educaci\u00f3n (CFE) y esto tiene que ver con el brote de sarampi\u00f3n. Nos vinieron a pedir especialmente que Educaci\u00f3n brinde una mano con la campa\u00f1a de vacunaci\u00f3n y la prevenci\u00f3n. Los comprometo para que empujemos con la vacunaci\u00f3n contra el sarampi\u00f3n.\u00bb, asegur\u00f3 el funcionario.<\/p>\n\n\n\n<p>Por su parte, el coordinador nacional del PRONAFE, Gabriel Muntaabski, destac\u00f3 la importancia de celebrar el encuentro por noveno a\u00f1o consecutivo: \u00abSe necesita de estos espacios para generar confianza y construir intangibles que permitan consolidar esta comunidad de aprendizaje para seguir fortaleciendo el \u00e1rea.\u00bb<\/p>\n\n\n\n<p>A lo largo de la jornada se compartieron experiencias institucionales, avances en las l\u00edneas de acci\u00f3n del programa y se debatieron los principales desaf\u00edos de la formaci\u00f3n t\u00e9cnica en enfermer\u00eda frente a las demandas actuales del sistema de salud.<\/p>\n\n\n\n<p>Durante la segunda mitad del evento, se realiz\u00f3 la entrega de distinciones y premios a los alumnos y escuelas que resultaron ganadores del concurso de la \u00abAPP PRONAFE\u00bb, una iniciativa que fomenta la innovaci\u00f3n y el uso de herramientas tecnol\u00f3gicas en el \u00e1mbito educativo de la enfermer\u00eda.<\/p>\n\n\n\n<p>En ese contexto, se otorgaron tres premios a las instituciones educativas ganadoras del concurso, que culminaron de la siguiente manera:<\/p>\n\n\n\n<p>1\u00b0 Instituto Superior N\u00b0 8034 \u201cCruz Roja Filial Salta\u201d<\/p>\n\n\n\n<p>2\u00b0 Instituto Superior Santa Luc\u00eda de Corrientes<\/p>\n\n\n\n<p>3\u00b0 Instituto Superior Monse\u00f1or Jorge Gottau de Santiago del Estero.<\/p>\n\n\n\n<p>Adem\u00e1s, se realizaron distinciones por los buenos trabajos que se entregaron a las siguientes instituciones: Instituto Privado N\u00b0 172 Instituto de Docencia Investigaci\u00f3n y Capacitaci\u00f3n Laboral de la Sanidad, Instituto Superior Santa Luc\u00eda, Instituto de Educaci\u00f3n Superior y Formaci\u00f3n Docente y T\u00e9cnica N\u00b0 59 \u201cDr. Carlos Madariaga\u201d, Escuela de Enfermer\u00eda A-895 \u201cHelena Larroque de Roffo\u201d, Instituto Superior Dr. Ram\u00f3n Carrillo, Instituto de Educaci\u00f3n Superior 9-015 \u201cValle de Uco\u201d Guaymall\u00e9n y el Instituto Superior Diamante.<\/p>\n\n\n\n<p>El Encuentro Federal PRONAFE se consolida a\u00f1o tras a\u00f1o como un hito en la agenda educativa del pa\u00eds, promoviendo el trabajo en red, el intercambio federal y el acompa\u00f1amiento constante a las instituciones formadoras.<\/p>\n","protected":false},"excerpt":{"rendered":"<p>El Ministerio de Capital Humano de la Naci\u00f3n a trav\u00e9s del Instituto Nacional de Educaci\u00f3n Tecnol\u00f3gica (INET), llev\u00f3 adelante una nueva edici\u00f3n del Encuentro Federal PRONAFE 2025, una jornada clave para el fortalecimiento de la formaci\u00f3n en enfermer\u00eda en todo el territorio nacional. El evento se desarroll\u00f3 en el Sal\u00f3n Multimedial del INET y cont\u00f3 [&hellip;]<\/p>\n","protected":false},"author":15,"featured_media":40942,"comment_status":"closed","ping_status":"open","sticky":false,"template":"","format":"standard","meta":{"footnotes":""},"categories":[1,14,13],"tags":[],"class_list":["post-40941","post","type-post","status-publish","format-standard","has-post-thumbnail","hentry","category-noticias","category-noticias-fijas","category-noticias-slider"],"_links":{"self":[{"href":"https:\/\/www.inet.edu.ar\/index.php\/wp-json\/wp\/v2\/posts\/40941","targetHints":{"allow":["GET"]}}],"collection":[{"href":"https:\/\/www.inet.edu.ar\/index.php\/wp-json\/wp\/v2\/posts"}],"about":[{"href":"https:\/\/www.inet.edu.ar\/index.php\/wp-json\/wp\/v2\/types\/post"}],"author":[{"embeddable":true,"href":"https:\/\/www.inet.edu.ar\/index.php\/wp-json\/wp\/v2\/users\/15"}],"replies":[{"embeddable":true,"href":"https:\/\/www.inet.edu.ar\/index.php\/wp-json\/wp\/v2\/comments?post=40941"}],"version-history":[{"count":1,"href":"https:\/\/www.inet.edu.ar\/index.php\/wp-json\/wp\/v2\/posts\/40941\/revisions"}],"predecessor-version":[{"id":40943,"href":"https:\/\/www.inet.edu.ar\/index.php\/wp-json\/wp\/v2\/posts\/40941\/revisions\/40943"}],"wp:featuredmedia":[{"embeddable":true,"href":"https:\/\/www.inet.edu.ar\/index.php\/wp-json\/wp\/v2\/media\/40942"}],"wp:attachment":[{"href":"https:\/\/www.inet.edu.ar\/index.php\/wp-json\/wp\/v2\/media?parent=40941"}],"wp:term":[{"taxonomy":"category","embeddable":true,"href":"https:\/\/www.inet.edu.ar\/index.php\/wp-json\/wp\/v2\/categories?post=40941"},{"taxonomy":"post_tag","embeddable":true,"href":"https:\/\/www.inet.edu.ar\/index.php\/wp-json\/wp\/v2\/tags?post=40941"}],"curies":[{"name":"wp","href":"https:\/\/api.w.org\/{rel}","templated":true}]}}