{"id":41287,"date":"2025-08-11T14:05:42","date_gmt":"2025-08-11T17:05:42","guid":{"rendered":"https:\/\/www.inet.edu.ar\/?p=41287"},"modified":"2025-08-11T14:36:42","modified_gmt":"2025-08-11T17:36:42","slug":"se-abre-la-inscripcion-para-la-quinta-cohorte-de-cursos-virtuales-del-cenet","status":"publish","type":"post","link":"https:\/\/www.inet.edu.ar\/index.php\/se-abre-la-inscripcion-para-la-quinta-cohorte-de-cursos-virtuales-del-cenet\/","title":{"rendered":"Se abre la inscripci\u00f3n para la quinta cohorte de cursos virtuales del CeNET"},"content":{"rendered":"\n<p>El Ministerio de Capital Humano de la Naci\u00f3n a trav\u00e9s del Instituto Nacional de Educaci\u00f3n Tecnol\u00f3gica (INET), anuncia la apertura de inscripciones para la quinta cohorte de cursos virtuales, que dar\u00e1 inicio el <strong>18 de agosto<\/strong>. Ser\u00e1 la quinta de las seis ediciones que se proyectan para lo que resta del a\u00f1o.<\/p>\n\n\n\n<p>Estas capacitaciones que ofrece el Centro Nacional de Educaci\u00f3n Tecnol\u00f3gica (CeNET) est\u00e1n destinadas a docentes, directivos y miembros de la comunidad educativa vinculados con la <strong>Educaci\u00f3n T\u00e9cnico Profesional (ETP)<\/strong> de todo el pa\u00eds, y tienen como objetivo fortalecer conocimientos, habilidades y competencias en \u00e1reas clave de la formaci\u00f3n t\u00e9cnica.<\/p>\n\n\n\n<p>Cada curso tiene una duraci\u00f3n estimada de 40 horas reloj y se desarrolla de manera virtual, permitiendo a los participantes organizar sus tiempos de estudio.<\/p>\n\n\n\n<p><strong>Ejes tem\u00e1ticos y cursos disponibles<\/strong><\/p>\n\n\n\n<p><strong>1. Competencias digitales y manejo de la informaci\u00f3n<\/strong><\/p>\n\n\n\n<ul class=\"wp-block-list\">\n<li>Buenas pr\u00e1cticas en el uso de la informaci\u00f3n<\/li>\n\n\n\n<li>Ciudadan\u00eda Digital<\/li>\n\n\n\n<li>Educar en tiempos de IA. Alfabetizaci\u00f3n y ciudadan\u00eda digital en la escuela (curso ofrecido por Chicos.Net)<\/li>\n\n\n\n<li>Inteligencia artificial generativa y educaci\u00f3n<\/li>\n\n\n\n<li>Aprender a comunicarse con la IA. Gu\u00eda b\u00e1sica para la escritura de prompts (curso ofrecido por Chicos.Net)<\/li>\n<\/ul>\n\n\n\n<p><strong>2. Inclusi\u00f3n, ciudadan\u00eda y desarrollo emprendedor<\/strong><\/p>\n\n\n\n<ul class=\"wp-block-list\">\n<li>Inclusi\u00f3n educativa de estudiantes con discapacidad en la ETP<\/li>\n\n\n\n<li>Formaci\u00f3n emprendedora en la ETP<\/li>\n\n\n\n<li>Modelo 5S para la gesti\u00f3n de prevenci\u00f3n, higiene y salud en la ETP<\/li>\n\n\n\n<li>Prevenci\u00f3n, higiene y salud laboral en instituciones de ETP<\/li>\n<\/ul>\n\n\n\n<p><strong>3. Proyectos educativos y tecnol\u00f3gicos<\/strong><\/p>\n\n\n\n<ul class=\"wp-block-list\">\n<li>El Proyecto Tecnol\u00f3gico<\/li>\n\n\n\n<li>Proyectos de Machine Learning en la escuela (Curso ofrecido por Chicos.NET)<\/li>\n<\/ul>\n\n\n\n<p><strong>4. Dise\u00f1o, modelado y fabricaci\u00f3n digital<\/strong><\/p>\n\n\n\n<ul class=\"wp-block-list\">\n<li>Dise\u00f1o y modelado 3D con software param\u00e9trico (Solid Edge)<\/li>\n\n\n\n<li>Herramientas digitales aplicadas al dibujo t\u00e9cnico (CAD-2D)<\/li>\n\n\n\n<li>T\u00e9cnicas sustentables en impresi\u00f3n 3D<\/li>\n\n\n\n<li>Introducci\u00f3n a la programaci\u00f3n CNC para torno en 2 ejes<\/li>\n<\/ul>\n\n\n\n<p><strong>5. Construcciones y sustentabilidad<\/strong><\/p>\n\n\n\n<ul class=\"wp-block-list\">\n<li>Construcciones sustentables<\/li>\n\n\n\n<li>Eficiencia energ\u00e9tica en el dominio industrial y domiciliario<\/li>\n<\/ul>\n\n\n\n<p><strong>6. Automatizaci\u00f3n, hidr\u00e1ulica y neum\u00e1tica<\/strong><\/p>\n\n\n\n<ul class=\"wp-block-list\">\n<li>Introducci\u00f3n a la automatizaci\u00f3n<\/li>\n\n\n\n<li>Principios de la hidr\u00e1ulica para la formaci\u00f3n t\u00e9cnica<\/li>\n\n\n\n<li>Tecnolog\u00eda neum\u00e1tica<\/li>\n\n\n\n<li>Electroneum\u00e1tica I \u2013 Estructura y componentes de circuitos electroneum\u00e1tico<\/li>\n<\/ul>\n\n\n\n<p><strong>Inscripci\u00f3n y m\u00e1s informaci\u00f3n<\/strong><\/p>\n\n\n\n<p>Las personas interesadas pueden inscribirse completando el <a href=\"https:\/\/forms.office.com\/pages\/responsepage.aspx?id=GkcF2hG7MkG5TcAjddKkGr1sbMrkRLpDi86-vgP7mX9UQ1pMSlVCN1I2ME8zQjFDSzdGSE5UM09HTC4u&amp;route=shorturl\"><strong>siguiente formulario<\/strong><\/a>.<\/p>\n\n\n\n<p>Para conocer en detalle los contenidos de cada curso, se puede acceder al siguiente<a href=\"https:\/\/www.inet.edu.ar\/index.php\/cenet\/oferta-de-capacitacion\/oferta-virtual\/\" data-type=\"link\" data-id=\"https:\/\/www.inet.edu.ar\/index.php\/cenet\/oferta-de-capacitacion\/oferta-virtual\/\"> <strong>link informativo<\/strong><\/a>.<\/p>\n","protected":false},"excerpt":{"rendered":"<p>El Ministerio de Capital Humano de la Naci\u00f3n a trav\u00e9s del Instituto Nacional de Educaci\u00f3n Tecnol\u00f3gica (INET), anuncia la apertura de inscripciones para la quinta cohorte de cursos virtuales, que dar\u00e1 inicio el 18 de agosto. Ser\u00e1 la quinta de las seis ediciones que se proyectan para lo que resta del a\u00f1o. Estas capacitaciones que [&hellip;]<\/p>\n","protected":false},"author":15,"featured_media":40909,"comment_status":"closed","ping_status":"open","sticky":false,"template":"","format":"standard","meta":{"footnotes":""},"categories":[1,14,13],"tags":[],"class_list":["post-41287","post","type-post","status-publish","format-standard","has-post-thumbnail","hentry","category-noticias","category-noticias-fijas","category-noticias-slider"],"_links":{"self":[{"href":"https:\/\/www.inet.edu.ar\/index.php\/wp-json\/wp\/v2\/posts\/41287","targetHints":{"allow":["GET"]}}],"collection":[{"href":"https:\/\/www.inet.edu.ar\/index.php\/wp-json\/wp\/v2\/posts"}],"about":[{"href":"https:\/\/www.inet.edu.ar\/index.php\/wp-json\/wp\/v2\/types\/post"}],"author":[{"embeddable":true,"href":"https:\/\/www.inet.edu.ar\/index.php\/wp-json\/wp\/v2\/users\/15"}],"replies":[{"embeddable":true,"href":"https:\/\/www.inet.edu.ar\/index.php\/wp-json\/wp\/v2\/comments?post=41287"}],"version-history":[{"count":3,"href":"https:\/\/www.inet.edu.ar\/index.php\/wp-json\/wp\/v2\/posts\/41287\/revisions"}],"predecessor-version":[{"id":41291,"href":"https:\/\/www.inet.edu.ar\/index.php\/wp-json\/wp\/v2\/posts\/41287\/revisions\/41291"}],"wp:featuredmedia":[{"embeddable":true,"href":"https:\/\/www.inet.edu.ar\/index.php\/wp-json\/wp\/v2\/media\/40909"}],"wp:attachment":[{"href":"https:\/\/www.inet.edu.ar\/index.php\/wp-json\/wp\/v2\/media?parent=41287"}],"wp:term":[{"taxonomy":"category","embeddable":true,"href":"https:\/\/www.inet.edu.ar\/index.php\/wp-json\/wp\/v2\/categories?post=41287"},{"taxonomy":"post_tag","embeddable":true,"href":"https:\/\/www.inet.edu.ar\/index.php\/wp-json\/wp\/v2\/tags?post=41287"}],"curies":[{"name":"wp","href":"https:\/\/api.w.org\/{rel}","templated":true}]}}