{"id":41293,"date":"2025-08-12T15:18:00","date_gmt":"2025-08-12T18:18:00","guid":{"rendered":"https:\/\/www.inet.edu.ar\/?p=41293"},"modified":"2025-08-12T15:19:44","modified_gmt":"2025-08-12T18:19:44","slug":"se-realizo-una-nueva-comision-federal-de-la-educacion-tecnico-profesional","status":"publish","type":"post","link":"https:\/\/www.inet.edu.ar\/index.php\/se-realizo-una-nueva-comision-federal-de-la-educacion-tecnico-profesional\/","title":{"rendered":"Se realiz\u00f3 una nueva Comisi\u00f3n Federal de la Educaci\u00f3n T\u00e9cnico Profesional"},"content":{"rendered":"\n<p>Con modalidad h\u00edbrida (presencial y virtual), se desarroll\u00f3 la 155\u00b0 Reuni\u00f3n de la Comisi\u00f3n Federal de la Educaci\u00f3n T\u00e9cnico Profesional (ETP) en el Centro Metropolitano de Dise\u00f1o de la Ciudad Aut\u00f3noma de Buenos Aires, con la participaci\u00f3n de los referentes jurisdiccionales de la Educaci\u00f3n T\u00e9cnico Profesional (ETP) de todo el pa\u00eds.<\/p>\n\n\n\n<p>Durante el encuentro particip\u00f3 el subsecretario de Pol\u00edticas e Innovaci\u00f3n Educativa, <strong>Alfredo Vota<\/strong>, quien acompa\u00f1\u00f3 al director Ejecutivo del Instituto Nacional de Educaci\u00f3n Tecnol\u00f3gica, <strong>Ludovico Grillo<\/strong>, en abordar los lineamientos vinculados a la reforma de la Escuela Secundaria B\u00e1sica, poniendo especial \u00e9nfasis en las oportunidades que permitan integrar a la Educaci\u00f3n T\u00e9cnico Profesional en dicho proceso.<\/p>\n\n\n\n<figure class=\"wp-block-image size-full\"><img loading=\"lazy\" decoding=\"async\" width=\"3984\" height=\"2240\" src=\"https:\/\/www.inet.edu.ar\/wp-content\/uploads\/2025\/08\/IMG_0510-1.jpg\" alt=\"\" class=\"wp-image-41318\"\/><\/figure>\n\n\n\n<p>Adem\u00e1s, tambi\u00e9n se presentaron los primeros resultados de las encuestas sobre estructuras jurisdiccionales de la ETP, a cargo del \u00e1rea de Unidad de Informaci\u00f3n y Estad\u00edsticas del INET, coordinada por <strong>Gustavo \u00c1lvarez<\/strong>. En tanto, el secretario del Consejo Nacional de Educaci\u00f3n, Trabajo y Producci\u00f3n (CoNETyP), <strong>Fernando Tasc\u00f3n<\/strong>, comparti\u00f3 un balance sobre los Congresos Nacionales de Educaci\u00f3n Agropecuaria ya realizados, destacando la alta participaci\u00f3n de la comunidad educativa de la ETP, as\u00ed como los pr\u00f3ximos encuentros previstos en distintas regiones del pa\u00eds.<\/p>\n\n\n\n<p>Estas acciones reflejan la decisi\u00f3n del Ministerio de Capital Humano y de la Secretar\u00eda de Educaci\u00f3n de la Naci\u00f3n de fortalecer la educaci\u00f3n agropecuaria en todo el pa\u00eds, reconociendo su papel estrat\u00e9gico para el desarrollo productivo, federal y sostenible de la Argentina. La promoci\u00f3n de estos congresos no solo permite visibilizar las experiencias y desaf\u00edos de las escuelas agrot\u00e9cnicas, sino tambi\u00e9n consolidar pol\u00edticas educativas que articulen con el mundo del trabajo, la innovaci\u00f3n tecnol\u00f3gica y las necesidades de cada territorio.<\/p>\n\n\n\n<figure class=\"wp-block-image size-full\"><img loading=\"lazy\" decoding=\"async\" width=\"3984\" height=\"2240\" src=\"https:\/\/www.inet.edu.ar\/wp-content\/uploads\/2025\/08\/IMG_0473-1.jpg\" alt=\"\" class=\"wp-image-41319\"\/><\/figure>\n\n\n\n<p>Cabe destacar que ya se llevaron a cabo los encuentros regionales del NOA (en Catamarca), NEA (en Misiones) y Cuyo (en Mendoza). Asimismo, entre el 26 y 27 de agosto se estar\u00e1 desarrollando el regional correspondiente a Centro I (Buenos Aires y C\u00f3rdoba) en la sede de la Universidad Provincial de C\u00f3rdoba, mientras que durante los meses de septiembre y noviembre se prev\u00e9 la realizaci\u00f3n de los encuentros de las regiones Patagonia y Centro II, respectivamente.<\/p>\n\n\n\n<p>Durante el segundo bloque, se pusieron en com\u00fan diversas iniciativas orientadas a fomentar la cultura emprendedora entre los estudiantes de la ETP. Desde el \u00e1mbito institucional se promover\u00e1n las condiciones necesarias para interactuar en el ecosistema emprendedor en b\u00fasqueda de acompa\u00f1amiento profesional, formaci\u00f3n, intercambio, apoyo estrat\u00e9gico y financiamiento por parte de los diversos actores que intervienen en el proceso.<\/p>\n\n\n\n<p>Por \u00faltimo, desde el \u00e1rea de econom\u00eda social del INET se expusieron los avances del trabajo mancomunado con el Instituto Nacional de Asociativismo y Econom\u00eda Social (INAES), que promueve instancias de capacitaci\u00f3n para docentes en tem\u00e1ticas vinculadas a la econom\u00eda social, el cooperativismo y el asociativismo.<\/p>\n\n\n\n<p>Una vez m\u00e1s, la Comisi\u00f3n Federal se consolid\u00f3 como un espacio de di\u00e1logo e intercambio de ideas, reafirmando el compromiso federal por una ETP innovadora y de calidad en todo el territorio argentino.<\/p>\n\n\n\n<figure class=\"wp-block-gallery has-nested-images columns-default is-cropped wp-block-gallery-1 is-layout-flex wp-block-gallery-is-layout-flex\">\n<figure class=\"wp-block-image size-full\"><img loading=\"lazy\" decoding=\"async\" width=\"3984\" height=\"2240\" data-id=\"41321\" src=\"https:\/\/www.inet.edu.ar\/wp-content\/uploads\/2025\/08\/IMG_0414-1.jpg\" alt=\"\" class=\"wp-image-41321\"\/><\/figure>\n\n\n\n<figure class=\"wp-block-image size-full\"><img loading=\"lazy\" decoding=\"async\" width=\"3984\" height=\"2240\" data-id=\"41320\" src=\"https:\/\/www.inet.edu.ar\/wp-content\/uploads\/2025\/08\/IMG_0420-1.jpg\" alt=\"\" class=\"wp-image-41320\"\/><\/figure>\n\n\n\n<figure class=\"wp-block-image size-full\"><img loading=\"lazy\" decoding=\"async\" width=\"3984\" height=\"2240\" data-id=\"41322\" src=\"https:\/\/www.inet.edu.ar\/wp-content\/uploads\/2025\/08\/IMG_0423-1.jpg\" alt=\"\" class=\"wp-image-41322\"\/><\/figure>\n\n\n\n<figure class=\"wp-block-image size-full\"><img loading=\"lazy\" decoding=\"async\" width=\"3984\" height=\"2240\" data-id=\"41324\" src=\"https:\/\/www.inet.edu.ar\/wp-content\/uploads\/2025\/08\/IMG_0425-1.jpg\" alt=\"\" class=\"wp-image-41324\"\/><\/figure>\n\n\n\n<figure class=\"wp-block-image size-full\"><img loading=\"lazy\" decoding=\"async\" width=\"3984\" height=\"2240\" data-id=\"41323\" src=\"https:\/\/www.inet.edu.ar\/wp-content\/uploads\/2025\/08\/IMG_0430-1.jpg\" alt=\"\" class=\"wp-image-41323\"\/><\/figure>\n\n\n\n<figure class=\"wp-block-image size-full\"><img loading=\"lazy\" decoding=\"async\" width=\"3984\" height=\"2240\" data-id=\"41325\" src=\"https:\/\/www.inet.edu.ar\/wp-content\/uploads\/2025\/08\/IMG_0431-1.jpg\" alt=\"\" class=\"wp-image-41325\"\/><\/figure>\n\n\n\n<figure class=\"wp-block-image size-full\"><img loading=\"lazy\" decoding=\"async\" width=\"3984\" height=\"2240\" data-id=\"41327\" src=\"https:\/\/www.inet.edu.ar\/wp-content\/uploads\/2025\/08\/IMG_0439-1.jpg\" alt=\"\" class=\"wp-image-41327\"\/><\/figure>\n\n\n\n<figure class=\"wp-block-image size-full\"><img loading=\"lazy\" decoding=\"async\" width=\"3984\" height=\"2240\" data-id=\"41326\" src=\"https:\/\/www.inet.edu.ar\/wp-content\/uploads\/2025\/08\/IMG_0455-1.jpg\" alt=\"\" class=\"wp-image-41326\"\/><\/figure>\n\n\n\n<figure class=\"wp-block-image size-full\"><img loading=\"lazy\" decoding=\"async\" width=\"3984\" height=\"2240\" data-id=\"41328\" src=\"https:\/\/www.inet.edu.ar\/wp-content\/uploads\/2025\/08\/IMG_0460-1.jpg\" alt=\"\" class=\"wp-image-41328\"\/><\/figure>\n\n\n\n<figure class=\"wp-block-image size-full\"><img loading=\"lazy\" decoding=\"async\" width=\"3984\" height=\"2240\" data-id=\"41331\" src=\"https:\/\/www.inet.edu.ar\/wp-content\/uploads\/2025\/08\/IMG_0486-1.jpg\" alt=\"\" class=\"wp-image-41331\"\/><\/figure>\n\n\n\n<figure class=\"wp-block-image size-full\"><img loading=\"lazy\" decoding=\"async\" width=\"3984\" height=\"2240\" data-id=\"41330\" src=\"https:\/\/www.inet.edu.ar\/wp-content\/uploads\/2025\/08\/IMG_0493-1.jpg\" alt=\"\" class=\"wp-image-41330\"\/><\/figure>\n\n\n\n<figure class=\"wp-block-image size-full\"><img loading=\"lazy\" decoding=\"async\" width=\"3984\" height=\"2240\" data-id=\"41329\" src=\"https:\/\/www.inet.edu.ar\/wp-content\/uploads\/2025\/08\/IMG_0500-1.jpg\" alt=\"\" class=\"wp-image-41329\"\/><\/figure>\n\n\n\n<figure class=\"wp-block-image size-full\"><img loading=\"lazy\" decoding=\"async\" width=\"3984\" height=\"2240\" data-id=\"41333\" src=\"https:\/\/www.inet.edu.ar\/wp-content\/uploads\/2025\/08\/IMG_0514-1.jpg\" alt=\"\" class=\"wp-image-41333\"\/><\/figure>\n\n\n\n<figure class=\"wp-block-image size-full\"><img loading=\"lazy\" decoding=\"async\" width=\"3984\" height=\"2240\" data-id=\"41332\" src=\"https:\/\/www.inet.edu.ar\/wp-content\/uploads\/2025\/08\/IMG_0515-1.jpg\" alt=\"\" class=\"wp-image-41332\"\/><\/figure>\n\n\n\n<figure class=\"wp-block-image size-full\"><img loading=\"lazy\" decoding=\"async\" width=\"3984\" height=\"2240\" data-id=\"41334\" src=\"https:\/\/www.inet.edu.ar\/wp-content\/uploads\/2025\/08\/IMG_0521-1.jpg\" alt=\"\" class=\"wp-image-41334\"\/><\/figure>\n\n\n\n<figure class=\"wp-block-image size-full\"><img loading=\"lazy\" decoding=\"async\" width=\"3984\" height=\"2240\" data-id=\"41336\" src=\"https:\/\/www.inet.edu.ar\/wp-content\/uploads\/2025\/08\/IMG_0522-1.jpg\" alt=\"\" class=\"wp-image-41336\"\/><\/figure>\n\n\n\n<figure class=\"wp-block-image size-full\"><img loading=\"lazy\" decoding=\"async\" width=\"3984\" height=\"2240\" data-id=\"41337\" src=\"https:\/\/www.inet.edu.ar\/wp-content\/uploads\/2025\/08\/IMG_0531-1.jpg\" alt=\"\" class=\"wp-image-41337\"\/><\/figure>\n\n\n\n<figure class=\"wp-block-image size-full\"><img loading=\"lazy\" decoding=\"async\" width=\"3984\" height=\"2240\" data-id=\"41335\" src=\"https:\/\/www.inet.edu.ar\/wp-content\/uploads\/2025\/08\/IMG_0546-1.jpg\" alt=\"\" class=\"wp-image-41335\"\/><\/figure>\n\n\n\n<figure class=\"wp-block-image size-full\"><img loading=\"lazy\" decoding=\"async\" width=\"3984\" height=\"2240\" data-id=\"41338\" src=\"https:\/\/www.inet.edu.ar\/wp-content\/uploads\/2025\/08\/IMG_0552-1.jpg\" alt=\"\" class=\"wp-image-41338\"\/><\/figure>\n\n\n\n<figure class=\"wp-block-image size-full\"><img loading=\"lazy\" decoding=\"async\" width=\"3984\" height=\"2240\" data-id=\"41339\" src=\"https:\/\/www.inet.edu.ar\/wp-content\/uploads\/2025\/08\/IMG_0560-1.jpg\" alt=\"\" class=\"wp-image-41339\"\/><\/figure>\n\n\n\n<figure class=\"wp-block-image size-full\"><img loading=\"lazy\" decoding=\"async\" width=\"3984\" height=\"2240\" data-id=\"41340\" src=\"https:\/\/www.inet.edu.ar\/wp-content\/uploads\/2025\/08\/IMG_0568-1.jpg\" alt=\"\" class=\"wp-image-41340\"\/><\/figure>\n<\/figure>\n","protected":false},"excerpt":{"rendered":"<p>Con modalidad h\u00edbrida (presencial y virtual), se desarroll\u00f3 la 155\u00b0 Reuni\u00f3n de la Comisi\u00f3n Federal de la Educaci\u00f3n T\u00e9cnico Profesional (ETP) en el Centro Metropolitano de Dise\u00f1o de la Ciudad Aut\u00f3noma de Buenos Aires, con la participaci\u00f3n de los referentes jurisdiccionales de la Educaci\u00f3n T\u00e9cnico Profesional (ETP) de todo el pa\u00eds. Durante el encuentro particip\u00f3 [&hellip;]<\/p>\n","protected":false},"author":15,"featured_media":41314,"comment_status":"closed","ping_status":"open","sticky":false,"template":"","format":"standard","meta":{"footnotes":""},"categories":[1,14,13],"tags":[],"class_list":["post-41293","post","type-post","status-publish","format-standard","has-post-thumbnail","hentry","category-noticias","category-noticias-fijas","category-noticias-slider"],"_links":{"self":[{"href":"https:\/\/www.inet.edu.ar\/index.php\/wp-json\/wp\/v2\/posts\/41293","targetHints":{"allow":["GET"]}}],"collection":[{"href":"https:\/\/www.inet.edu.ar\/index.php\/wp-json\/wp\/v2\/posts"}],"about":[{"href":"https:\/\/www.inet.edu.ar\/index.php\/wp-json\/wp\/v2\/types\/post"}],"author":[{"embeddable":true,"href":"https:\/\/www.inet.edu.ar\/index.php\/wp-json\/wp\/v2\/users\/15"}],"replies":[{"embeddable":true,"href":"https:\/\/www.inet.edu.ar\/index.php\/wp-json\/wp\/v2\/comments?post=41293"}],"version-history":[{"count":2,"href":"https:\/\/www.inet.edu.ar\/index.php\/wp-json\/wp\/v2\/posts\/41293\/revisions"}],"predecessor-version":[{"id":41342,"href":"https:\/\/www.inet.edu.ar\/index.php\/wp-json\/wp\/v2\/posts\/41293\/revisions\/41342"}],"wp:featuredmedia":[{"embeddable":true,"href":"https:\/\/www.inet.edu.ar\/index.php\/wp-json\/wp\/v2\/media\/41314"}],"wp:attachment":[{"href":"https:\/\/www.inet.edu.ar\/index.php\/wp-json\/wp\/v2\/media?parent=41293"}],"wp:term":[{"taxonomy":"category","embeddable":true,"href":"https:\/\/www.inet.edu.ar\/index.php\/wp-json\/wp\/v2\/categories?post=41293"},{"taxonomy":"post_tag","embeddable":true,"href":"https:\/\/www.inet.edu.ar\/index.php\/wp-json\/wp\/v2\/tags?post=41293"}],"curies":[{"name":"wp","href":"https:\/\/api.w.org\/{rel}","templated":true}]}}