{"id":41349,"date":"2025-08-18T17:10:12","date_gmt":"2025-08-18T20:10:12","guid":{"rendered":"https:\/\/www.inet.edu.ar\/?p=41349"},"modified":"2025-08-18T17:10:12","modified_gmt":"2025-08-18T20:10:12","slug":"el-consejo-federal-de-educacion-avanzo-en-nuevos-marcos-de-referencia-para-la-educacion-tecnico-profesional","status":"publish","type":"post","link":"https:\/\/www.inet.edu.ar\/index.php\/el-consejo-federal-de-educacion-avanzo-en-nuevos-marcos-de-referencia-para-la-educacion-tecnico-profesional\/","title":{"rendered":"El Consejo Federal de Educaci\u00f3n avanz\u00f3 en nuevos marcos de referencia para la Educaci\u00f3n T\u00e9cnico Profesional"},"content":{"rendered":"\n<p>Adem\u00e1s, durante la asamblea los ministros de todo el pa\u00eds intercambiaron opiniones sobre los avances del Plan Nacional de Alfabetizaci\u00f3n.<\/p>\n\n\n\n<p>El secretario de Educaci\u00f3n del Ministerio de Capital Humano, Carlos Torrendell, encabez\u00f3 la apertura de la asamblea N\u00b0 144 del Consejo Federal de Educaci\u00f3n (CFE). Con la participaci\u00f3n de las m\u00e1ximas autoridades de las 24 jurisdicciones educativas, en esta reuni\u00f3n se presentaron las \u00faltimas resoluciones vinculadas al Plan Nacional de Alfabetizaci\u00f3n y los avances en la Educaci\u00f3n T\u00e9cnico Profesional (ETP).<\/p>\n\n\n\n<p>En esta asamblea \u2013coordinada por el secretario general del CFE, Jos\u00e9 Thomas \u2013 desde la Unidad de Alfabetizaci\u00f3n, se comparti\u00f3 la actualizaci\u00f3n de las l\u00edneas de la Red Federal de Alfabetizaci\u00f3n, enmarcadas por dos resoluciones del secretario de Educaci\u00f3n.<\/p>\n\n\n\n<p>Desde el Instituto Nacional de Educaci\u00f3n Tecnol\u00f3gica (INET) se presentaron nuevos marcos de referencia que actualizan y fortalecen la formaci\u00f3n t\u00e9cnico-profesional en sectores estrat\u00e9gicos para el desarrollo productivo y social del pa\u00eds. Estos marcos fueron aprobados por los miembros de la asamblea y se centran en distintas \u00e1reas. En el sector agropecuario, se incorporan perfiles para Productor de Flores de Corte y Follaje y Productor de Plantas en Vivero.<\/p>\n\n\n\n<p>Asimismo, el sector inform\u00e1tico suma el perfil de Asistente de Soporte Inform\u00e1tico, en la actividad minera, se incorporan competencias para Perforista Minero, Asistente del Perforista Minero, Operador de Plantas de Tratamiento de Gas y Operador de Tratamiento de Crudo y Agua.<\/p>\n\n\n\n<p>En tanto, tambi\u00e9n se trat\u00f3 un dise\u00f1o curricular recomendado correspondiente al \u00e1rea metalmec\u00e1nica, mec\u00e1nica, electricidad y electr\u00f3nica, relacionado con la Conservaci\u00f3n de Ascensores y otros equipos fijos de transporte vertical.<\/p>\n\n\n\n<p>La Resoluci\u00f3n 935 es la que garantiza los fondos para que se lleven adelante los tres encuentros presenciales de la formaci\u00f3n de equipos t\u00e9cnicos, el encuentro presencial (encuentro regional) de la formaci\u00f3n de supervisores y el encuentro provincial correspondiente a la formaci\u00f3n de directores. A su vez, la Resoluci\u00f3n 1041 es la que, por un lado, crea el Programa Escuelas Alfa en Red y, por el otro, valida la lista de escuelas por jurisdicci\u00f3n y permite la transferencia de fondos para la compra e impresi\u00f3n de materiales espec\u00edficos para el trabajo de la alfabetizaci\u00f3n en las aulas.<\/p>\n\n\n\n<p>Adem\u00e1s, se dio a conocer el desarrollo y estado actual del programa Hacia la universalizaci\u00f3n de la jornada completa o extendida 1 Hora +, parte del Plan Nacional de Alfabetizaci\u00f3n. En acuerdo con las jurisdicciones, el objetivo del proyecto es extender la jornada escolar en las escuelas primarias de gesti\u00f3n estatal de todo el pa\u00eds. El alcance total del programa es de 11.141 escuelas en 22 jurisdicciones que participan en el programa, es decir, el 59% de las escuelas estatales en el territorio nacional.<\/p>\n\n\n\n<p>Por otra parte, la subsecretar\u00eda de Informaci\u00f3n y Evaluaci\u00f3n Educativa, a cargo de Mar\u00eda Cortelezzi, junto con el Director Nacional de Informaci\u00f3n y Estad\u00edstica Educativa, Hern\u00e1n Rivas, llevaron adelante una presentaci\u00f3n sobre el estado del Relevamiento Nacional de Personal Educativo (ReNPE). Se trata de otra pol\u00edtica prioritaria para seguir mejorando las bases de datos nacionales para poder contar con la informaci\u00f3n detallada y actualizada que facilite la planificaci\u00f3n y ejecuci\u00f3n de pol\u00edticas educativas. El ReNPE estar\u00e1 habilitado para que lo complete el personal educativo de todo el pa\u00eds a partir del mes de octubre.<\/p>\n\n\n\n<p>La asamblea continu\u00f3 con la presentaci\u00f3n de la Red Federal de Becas, a cargo del director nacional de Inclusi\u00f3n y Extensi\u00f3n Educativa, Mauricio Terror Miguez, cuyas metas principales son fortalecer y articular las pol\u00edticas de becas para garantizar el acceso, permanencia y egreso educativo de los estudiantes; as\u00ed como la creaci\u00f3n de un espacio de trabajo federal y participativo para la cooperaci\u00f3n y el intercambio entre todas las jurisdicciones. La Red estar\u00e1 compuesta por los referentes de cada jurisdicci\u00f3n designados por sus autoridades educativas y el Consejo de Universidades.<\/p>\n\n\n\n<p>Por otra parte, Vota present\u00f3 el Programa Nacional de Alfabetizaci\u00f3n Financiera. El proyecto pretende integrar la educaci\u00f3n financiera de manera transversal en la curr\u00edcula escolar de las 24 jurisdicciones. En ese contexto, el subsecretario realiz\u00f3 una convocatoria para dos cursos de capacitaci\u00f3n docente a dictarse en el mes de septiembre: Conceptos B\u00e1sicos de la Educaci\u00f3n Financiera y Did\u00e1ctica para la Educaci\u00f3n Financiera. As\u00ed mismo, el funcionario expuso el Programa Nacional de Habilidades Socioemocionales.<\/p>\n\n\n\n<p><\/p>\n","protected":false},"excerpt":{"rendered":"<p>Adem\u00e1s, durante la asamblea los ministros de todo el pa\u00eds intercambiaron opiniones sobre los avances del Plan Nacional de Alfabetizaci\u00f3n. El secretario de Educaci\u00f3n del Ministerio de Capital Humano, Carlos Torrendell, encabez\u00f3 la apertura de la asamblea N\u00b0 144 del Consejo Federal de Educaci\u00f3n (CFE). Con la participaci\u00f3n de las m\u00e1ximas autoridades de las 24 [&hellip;]<\/p>\n","protected":false},"author":15,"featured_media":41350,"comment_status":"closed","ping_status":"open","sticky":false,"template":"","format":"standard","meta":{"footnotes":""},"categories":[1,14,13],"tags":[],"class_list":["post-41349","post","type-post","status-publish","format-standard","has-post-thumbnail","hentry","category-noticias","category-noticias-fijas","category-noticias-slider"],"_links":{"self":[{"href":"https:\/\/www.inet.edu.ar\/index.php\/wp-json\/wp\/v2\/posts\/41349","targetHints":{"allow":["GET"]}}],"collection":[{"href":"https:\/\/www.inet.edu.ar\/index.php\/wp-json\/wp\/v2\/posts"}],"about":[{"href":"https:\/\/www.inet.edu.ar\/index.php\/wp-json\/wp\/v2\/types\/post"}],"author":[{"embeddable":true,"href":"https:\/\/www.inet.edu.ar\/index.php\/wp-json\/wp\/v2\/users\/15"}],"replies":[{"embeddable":true,"href":"https:\/\/www.inet.edu.ar\/index.php\/wp-json\/wp\/v2\/comments?post=41349"}],"version-history":[{"count":1,"href":"https:\/\/www.inet.edu.ar\/index.php\/wp-json\/wp\/v2\/posts\/41349\/revisions"}],"predecessor-version":[{"id":41351,"href":"https:\/\/www.inet.edu.ar\/index.php\/wp-json\/wp\/v2\/posts\/41349\/revisions\/41351"}],"wp:featuredmedia":[{"embeddable":true,"href":"https:\/\/www.inet.edu.ar\/index.php\/wp-json\/wp\/v2\/media\/41350"}],"wp:attachment":[{"href":"https:\/\/www.inet.edu.ar\/index.php\/wp-json\/wp\/v2\/media?parent=41349"}],"wp:term":[{"taxonomy":"category","embeddable":true,"href":"https:\/\/www.inet.edu.ar\/index.php\/wp-json\/wp\/v2\/categories?post=41349"},{"taxonomy":"post_tag","embeddable":true,"href":"https:\/\/www.inet.edu.ar\/index.php\/wp-json\/wp\/v2\/tags?post=41349"}],"curies":[{"name":"wp","href":"https:\/\/api.w.org\/{rel}","templated":true}]}}