{"id":41362,"date":"2025-08-25T12:31:17","date_gmt":"2025-08-25T15:31:17","guid":{"rendered":"https:\/\/www.inet.edu.ar\/?p=41362"},"modified":"2025-08-25T13:25:39","modified_gmt":"2025-08-25T16:25:39","slug":"docentes-santafesinos-se-capacitaron-en-el-inet","status":"publish","type":"post","link":"https:\/\/www.inet.edu.ar\/index.php\/docentes-santafesinos-se-capacitaron-en-el-inet\/","title":{"rendered":"Docentes santafesinos se capacitaron en el INET"},"content":{"rendered":"\n<p>El Ministerio de Capital Humano de la Naci\u00f3n, a trav\u00e9s del Instituto Nacional de Educaci\u00f3n Tecnol\u00f3gica (INET) dependiente de la Secretar\u00eda de Educaci\u00f3n, recibi\u00f3 a docentes de la Educaci\u00f3n T\u00e9cnico Profesional (ETP) de Santa Fe, que participaron de una formaci\u00f3n presencial en Fabricaci\u00f3n Digital.<\/p>\n\n\n\n<p>La capacitaci\u00f3n \u2014que se concret\u00f3 los d\u00edas 19 y 20 de agosto\u2014 se desarrolla en el marco de un acuerdo entre el INET y la Asociaci\u00f3n del Magisterio de la Ense\u00f1anza T\u00e9cnica (AMET); y aborda herramientas vinculadas al dise\u00f1o asistido por computadora, la impresi\u00f3n 3D, el corte l\u00e1ser y otras tecnolog\u00edas aplicadas a la innovaci\u00f3n productiva. La actividad tiene por objetivo establecer un marco institucional de colaboraci\u00f3n entre las partes para desarrollar y programar actividades de complementaci\u00f3n y formaci\u00f3n acad\u00e9mica, asistencia t\u00e9cnica y cooperaci\u00f3n rec\u00edproca, as\u00ed como elaborar y ejecutar proyectos educativos, instancias de investigaci\u00f3n vinculadas a la educaci\u00f3n t\u00e9cnica y la formaci\u00f3n de recursos humanos.<\/p>\n\n\n\n<figure class=\"wp-block-image size-full\"><img loading=\"lazy\" decoding=\"async\" width=\"1600\" height=\"1200\" src=\"https:\/\/www.inet.edu.ar\/wp-content\/uploads\/2025\/08\/WhatsApp-Image-2025-08-19-at-17.31.05-3.jpeg\" alt=\"\" class=\"wp-image-41378\"\/><\/figure>\n\n\n\n<p>La propuesta forma parte del plan de trabajo que lleva adelante el Centro Nacional de Educaci\u00f3n Tecnol\u00f3gica (CeNET), que impulsa espacios de formaci\u00f3n tanto presenciales como virtuales con el objetivo de fortalecer las capacidades de los docentes de la Educaci\u00f3n T\u00e9cnico Profesional (ETP) en todo el pa\u00eds.<\/p>\n\n\n\n<p>\u00abLa formaci\u00f3n es un proceso continuo, la relaci\u00f3n tiene que ser la de estar formando todo el tiempo y dando oportunidades para que tanto los estudiantes como los docentes vayan adaptando sus capacidades para los nuevos retos que el mundo laboral les van presentando\u00bb, asegur\u00f3 el director ejecutivo del INET, <strong>Ludovico Grillo<\/strong>, quien estuvo presente en parte de la actividad y comparti\u00f3 almuerzo junto a los docentes y la coordinadora del Centro Nacional de Educaci\u00f3n Tecnol\u00f3gica (CeNET), <strong>Jimena Castelli\u00f3n<\/strong>.<\/p>\n\n\n\n<figure class=\"wp-block-image size-full\"><img loading=\"lazy\" decoding=\"async\" width=\"1600\" height=\"1200\" src=\"https:\/\/www.inet.edu.ar\/wp-content\/uploads\/2025\/08\/WhatsApp-Image-2025-08-19-at-17.31.03-3.jpeg\" alt=\"\" class=\"wp-image-41393\"\/><\/figure>\n\n\n\n<p>En esta oportunidad, participaron docentes de la EETP N.\u00b0 467 y la EETP N.\u00b0 547, ambas escuelas de Rosario; la EETP N.\u00b0 461 de Reconquista y la EETP N.\u00b0 286 de Rufino. Durante las dos jornadas, los maestros tambi\u00e9n recorrieron el <a href=\"https:\/\/www.inet.edu.ar\/index.php\/cenet\/centro-nacional-de-simulacion\/\">Centro Nacional de Simulaci\u00f3n del INET<\/a>: un espacio equipado con tecnolog\u00edas de \u00faltima generaci\u00f3n para la ense\u00f1anza de saberes t\u00e9cnicos en \u00e1reas como electromec\u00e1nica y automatizaci\u00f3n. La visita les permiti\u00f3 conocer de primera mano herramientas que enriquecen los procesos formativos y ampl\u00edan las posibilidades pedag\u00f3gicas en la ETP.<\/p>\n\n\n\n<p>Las actividades continuar\u00e1n durante septiembre, octubre y noviembre, donde se prev\u00e9 la llegada de m\u00e1s grupos de docentes de diferentes instituciones t\u00e9cnicas del pa\u00eds para participar de nuevas instancias de capacitaci\u00f3n.<\/p>\n\n\n\n<figure class=\"wp-block-image size-full\"><img loading=\"lazy\" decoding=\"async\" width=\"1600\" height=\"1200\" src=\"https:\/\/www.inet.edu.ar\/wp-content\/uploads\/2025\/08\/WhatsApp-Image-2025-08-20-at-15.13.24.jpeg\" alt=\"\" class=\"wp-image-41395\"\/><\/figure>\n\n\n\n<p>Estas iniciativas contribuyen a mejorar la calidad educativa, brindar mayores oportunidades de actualizaci\u00f3n profesional y acompa\u00f1ar a los equipos docentes en los desaf\u00edos que plantea la innovaci\u00f3n tecnol\u00f3gica. Al mismo tiempo, refuerza el compromiso del INET de consolidar una red federal de formaci\u00f3n continua para los educadores de la ETP.<\/p>\n\n\n\n<figure class=\"wp-block-gallery has-nested-images columns-default is-cropped wp-block-gallery-1 is-layout-flex wp-block-gallery-is-layout-flex\">\n<figure class=\"wp-block-image size-large\"><img loading=\"lazy\" decoding=\"async\" width=\"1200\" height=\"1600\" data-id=\"41382\" src=\"https:\/\/www.inet.edu.ar\/wp-content\/uploads\/2025\/08\/WhatsApp-Image-2025-08-19-at-17.30.09-1.jpeg\" alt=\"\" class=\"wp-image-41382\"\/><\/figure>\n\n\n\n<figure class=\"wp-block-image size-large\"><img loading=\"lazy\" decoding=\"async\" width=\"1200\" height=\"1600\" data-id=\"41384\" src=\"https:\/\/www.inet.edu.ar\/wp-content\/uploads\/2025\/08\/WhatsApp-Image-2025-08-19-at-17.30.19-1.jpeg\" alt=\"\" class=\"wp-image-41384\"\/><\/figure>\n\n\n\n<figure class=\"wp-block-image size-full\"><img loading=\"lazy\" decoding=\"async\" width=\"1600\" height=\"1200\" data-id=\"41392\" src=\"https:\/\/www.inet.edu.ar\/wp-content\/uploads\/2025\/08\/WhatsApp-Image-2025-08-19-at-18.05.47-1-1.jpeg\" alt=\"\" class=\"wp-image-41392\"\/><\/figure>\n\n\n\n<figure class=\"wp-block-image size-full\"><img loading=\"lazy\" decoding=\"async\" width=\"1200\" height=\"1600\" data-id=\"41390\" src=\"https:\/\/www.inet.edu.ar\/wp-content\/uploads\/2025\/08\/WhatsApp-Image-2025-08-19-at-17.30.08-1-1.jpeg\" alt=\"\" class=\"wp-image-41390\"\/><\/figure>\n\n\n\n<figure class=\"wp-block-image size-large\"><img loading=\"lazy\" decoding=\"async\" width=\"1200\" height=\"1600\" data-id=\"41386\" src=\"https:\/\/www.inet.edu.ar\/wp-content\/uploads\/2025\/08\/WhatsApp-Image-2025-08-19-at-17.31.05.jpeg\" alt=\"\" class=\"wp-image-41386\"\/><\/figure>\n\n\n\n<figure class=\"wp-block-image size-large\"><img loading=\"lazy\" decoding=\"async\" width=\"1600\" height=\"1200\" data-id=\"41385\" src=\"https:\/\/www.inet.edu.ar\/wp-content\/uploads\/2025\/08\/WhatsApp-Image-2025-08-19-at-18.05.27-1.jpeg\" alt=\"\" class=\"wp-image-41385\"\/><\/figure>\n\n\n\n<figure class=\"wp-block-image size-large\"><img loading=\"lazy\" decoding=\"async\" width=\"1600\" height=\"1200\" data-id=\"41388\" src=\"https:\/\/www.inet.edu.ar\/wp-content\/uploads\/2025\/08\/WhatsApp-Image-2025-08-19-at-18.05.46-1.jpeg\" alt=\"\" class=\"wp-image-41388\"\/><\/figure>\n\n\n\n<figure class=\"wp-block-image size-large\"><img loading=\"lazy\" decoding=\"async\" width=\"1200\" height=\"1600\" data-id=\"41389\" src=\"https:\/\/www.inet.edu.ar\/wp-content\/uploads\/2025\/08\/WhatsApp-Image-2025-08-19-at-18.05.47-2-1.jpeg\" alt=\"\" class=\"wp-image-41389\"\/><\/figure>\n\n\n\n<figure class=\"wp-block-image size-large\"><img loading=\"lazy\" decoding=\"async\" width=\"1200\" height=\"1600\" data-id=\"41387\" src=\"https:\/\/www.inet.edu.ar\/wp-content\/uploads\/2025\/08\/WhatsApp-Image-2025-08-19-at-18.05.47-3.jpeg\" alt=\"\" class=\"wp-image-41387\"\/><\/figure>\n<\/figure>\n\n\n\n<p><\/p>\n","protected":false},"excerpt":{"rendered":"<p>El Ministerio de Capital Humano de la Naci\u00f3n, a trav\u00e9s del Instituto Nacional de Educaci\u00f3n Tecnol\u00f3gica (INET) dependiente de la Secretar\u00eda de Educaci\u00f3n, recibi\u00f3 a docentes de la Educaci\u00f3n T\u00e9cnico Profesional (ETP) de Santa Fe, que participaron de una formaci\u00f3n presencial en Fabricaci\u00f3n Digital. La capacitaci\u00f3n \u2014que se concret\u00f3 los d\u00edas 19 y 20 de [&hellip;]<\/p>\n","protected":false},"author":15,"featured_media":41380,"comment_status":"closed","ping_status":"open","sticky":false,"template":"","format":"standard","meta":{"footnotes":""},"categories":[1,14,13],"tags":[],"class_list":["post-41362","post","type-post","status-publish","format-standard","has-post-thumbnail","hentry","category-noticias","category-noticias-fijas","category-noticias-slider"],"_links":{"self":[{"href":"https:\/\/www.inet.edu.ar\/index.php\/wp-json\/wp\/v2\/posts\/41362","targetHints":{"allow":["GET"]}}],"collection":[{"href":"https:\/\/www.inet.edu.ar\/index.php\/wp-json\/wp\/v2\/posts"}],"about":[{"href":"https:\/\/www.inet.edu.ar\/index.php\/wp-json\/wp\/v2\/types\/post"}],"author":[{"embeddable":true,"href":"https:\/\/www.inet.edu.ar\/index.php\/wp-json\/wp\/v2\/users\/15"}],"replies":[{"embeddable":true,"href":"https:\/\/www.inet.edu.ar\/index.php\/wp-json\/wp\/v2\/comments?post=41362"}],"version-history":[{"count":4,"href":"https:\/\/www.inet.edu.ar\/index.php\/wp-json\/wp\/v2\/posts\/41362\/revisions"}],"predecessor-version":[{"id":41396,"href":"https:\/\/www.inet.edu.ar\/index.php\/wp-json\/wp\/v2\/posts\/41362\/revisions\/41396"}],"wp:featuredmedia":[{"embeddable":true,"href":"https:\/\/www.inet.edu.ar\/index.php\/wp-json\/wp\/v2\/media\/41380"}],"wp:attachment":[{"href":"https:\/\/www.inet.edu.ar\/index.php\/wp-json\/wp\/v2\/media?parent=41362"}],"wp:term":[{"taxonomy":"category","embeddable":true,"href":"https:\/\/www.inet.edu.ar\/index.php\/wp-json\/wp\/v2\/categories?post=41362"},{"taxonomy":"post_tag","embeddable":true,"href":"https:\/\/www.inet.edu.ar\/index.php\/wp-json\/wp\/v2\/tags?post=41362"}],"curies":[{"name":"wp","href":"https:\/\/api.w.org\/{rel}","templated":true}]}}