{"id":41478,"date":"2025-09-23T12:15:05","date_gmt":"2025-09-23T15:15:05","guid":{"rendered":"https:\/\/www.inet.edu.ar\/?p=41478"},"modified":"2025-09-23T12:58:55","modified_gmt":"2025-09-23T15:58:55","slug":"se-abre-la-inscripcion-para-la-sexta-cohorte-de-cursos-virtuales-del-cenet","status":"publish","type":"post","link":"https:\/\/www.inet.edu.ar\/index.php\/se-abre-la-inscripcion-para-la-sexta-cohorte-de-cursos-virtuales-del-cenet\/","title":{"rendered":"Se abre la inscripci\u00f3n para la sexta cohorte de cursos virtuales del CeNET"},"content":{"rendered":"\n<p>El Ministerio de Capital Humano de la Naci\u00f3n a trav\u00e9s del Instituto Nacional de Educaci\u00f3n Tecnol\u00f3gica (INET), anuncia la apertura de inscripciones para la quinta cohorte de cursos virtuales, que dar\u00e1 inicio el\u00a0<strong>6 de octubre<\/strong>. Ser\u00e1 la sexta y \u00faltima cohorte de los cursos virtuales que se realizaron durante todo el a\u00f1o.<\/p>\n\n\n\n<p>Estas capacitaciones que ofrece el Centro Nacional de Educaci\u00f3n Tecnol\u00f3gica (CeNET) est\u00e1n destinadas a docentes, directivos y miembros de la comunidad educativa vinculados con la&nbsp;<strong>Educaci\u00f3n T\u00e9cnico Profesional (ETP)<\/strong>&nbsp;de todo el pa\u00eds, y tienen como objetivo fortalecer conocimientos, habilidades y competencias en \u00e1reas clave de la formaci\u00f3n t\u00e9cnica.<\/p>\n\n\n\n<p>Cada curso tiene una duraci\u00f3n estimada de 40 horas reloj y se desarrolla de manera virtual, permitiendo a los participantes organizar sus tiempos de estudio.<\/p>\n\n\n\n<p><strong>Inscripci\u00f3n y m\u00e1s informaci\u00f3n<\/strong><\/p>\n\n\n\n<p>Las personas interesadas pueden inscribirse completando el\u00a0<strong><a href=\"https:\/\/forms.office.com\/pages\/responsepage.aspx?id=GkcF2hG7MkG5TcAjddKkGr1sbMrkRLpDi86-vgP7mX9UOFhVU0VCNVZESU5WTTJUWjI3S08xVEhESi4u&amp;route=shorturl\">siguiente formulario<\/a><\/strong>.<\/p>\n\n\n\n<p>Para conocer en detalle los contenidos de cada curso, se puede acceder al siguiente<a href=\"https:\/\/www.inet.edu.ar\/index.php\/cenet\/oferta-de-capacitacion\/oferta-virtual\/\"> <strong>link informativo<\/strong><\/a>.<\/p>\n","protected":false},"excerpt":{"rendered":"<p>El Ministerio de Capital Humano de la Naci\u00f3n a trav\u00e9s del Instituto Nacional de Educaci\u00f3n Tecnol\u00f3gica (INET), anuncia la apertura de inscripciones para la quinta cohorte de cursos virtuales, que dar\u00e1 inicio el\u00a06 de octubre. Ser\u00e1 la sexta y \u00faltima cohorte de los cursos virtuales que se realizaron durante todo el a\u00f1o. Estas capacitaciones que [&hellip;]<\/p>\n","protected":false},"author":15,"featured_media":40909,"comment_status":"closed","ping_status":"open","sticky":false,"template":"","format":"standard","meta":{"footnotes":""},"categories":[1,14,13],"tags":[],"class_list":["post-41478","post","type-post","status-publish","format-standard","has-post-thumbnail","hentry","category-noticias","category-noticias-fijas","category-noticias-slider"],"_links":{"self":[{"href":"https:\/\/www.inet.edu.ar\/index.php\/wp-json\/wp\/v2\/posts\/41478","targetHints":{"allow":["GET"]}}],"collection":[{"href":"https:\/\/www.inet.edu.ar\/index.php\/wp-json\/wp\/v2\/posts"}],"about":[{"href":"https:\/\/www.inet.edu.ar\/index.php\/wp-json\/wp\/v2\/types\/post"}],"author":[{"embeddable":true,"href":"https:\/\/www.inet.edu.ar\/index.php\/wp-json\/wp\/v2\/users\/15"}],"replies":[{"embeddable":true,"href":"https:\/\/www.inet.edu.ar\/index.php\/wp-json\/wp\/v2\/comments?post=41478"}],"version-history":[{"count":1,"href":"https:\/\/www.inet.edu.ar\/index.php\/wp-json\/wp\/v2\/posts\/41478\/revisions"}],"predecessor-version":[{"id":41479,"href":"https:\/\/www.inet.edu.ar\/index.php\/wp-json\/wp\/v2\/posts\/41478\/revisions\/41479"}],"wp:featuredmedia":[{"embeddable":true,"href":"https:\/\/www.inet.edu.ar\/index.php\/wp-json\/wp\/v2\/media\/40909"}],"wp:attachment":[{"href":"https:\/\/www.inet.edu.ar\/index.php\/wp-json\/wp\/v2\/media?parent=41478"}],"wp:term":[{"taxonomy":"category","embeddable":true,"href":"https:\/\/www.inet.edu.ar\/index.php\/wp-json\/wp\/v2\/categories?post=41478"},{"taxonomy":"post_tag","embeddable":true,"href":"https:\/\/www.inet.edu.ar\/index.php\/wp-json\/wp\/v2\/tags?post=41478"}],"curies":[{"name":"wp","href":"https:\/\/api.w.org\/{rel}","templated":true}]}}