{"id":41597,"date":"2025-10-22T14:53:50","date_gmt":"2025-10-22T17:53:50","guid":{"rendered":"https:\/\/www.inet.edu.ar\/?p=41597"},"modified":"2025-10-22T14:55:27","modified_gmt":"2025-10-22T17:55:27","slug":"foro-de-electromovilidad-encuentro-para-fortalecer-la-formacion-tecnica-en-nuevas-tecnologias-del-transporte","status":"publish","type":"post","link":"https:\/\/www.inet.edu.ar\/index.php\/foro-de-electromovilidad-encuentro-para-fortalecer-la-formacion-tecnica-en-nuevas-tecnologias-del-transporte\/","title":{"rendered":"Se realiz\u00f3 el Foro de Electromovilidad para fortalecer la formaci\u00f3n t\u00e9cnica en nuevas tecnolog\u00edas del transporte"},"content":{"rendered":"\n<p>El pasado mi\u00e9rcoles 15 de octubre, se llev\u00f3 a cabo en la sede de la Organizaci\u00f3n de Estados Iberoamericanos (OEI), en la Ciudad Aut\u00f3noma de Buenos Aires, un Foro de Electromovilidad con el objetivo de promover el intercambio entre organismos p\u00fablicos, empresas y asociaciones del sector, en torno a los desaf\u00edos y oportunidades que plantea la innovaci\u00f3n tecnol\u00f3gica en la Argentina.<\/p>\n\n\n\n<p>La electromovilidad se consolida como un eje estrat\u00e9gico para el desarrollo productivo del pa\u00eds, ya que promueve el cambio tecnol\u00f3gico en la industria automotriz y la capacitaci\u00f3n de los futuros profesionales t\u00e9cnicos en nuevas tecnolog\u00edas de transporte. El ecosistema de la electromovilidad est\u00e1 conformado por empresas del sector privado, organismos p\u00fablicos y asociaciones, que trabajan de manera articulada para impulsar la transici\u00f3n hacia un modelo de movilidad m\u00e1s sostenible e inteligente.<\/p>\n\n\n\n<figure class=\"wp-block-gallery has-nested-images columns-default is-cropped wp-block-gallery-1 is-layout-flex wp-block-gallery-is-layout-flex\"><\/figure>\n\n\n\n<p>El encuentro, en marco de los Consejos Provinciales de Educaci\u00f3n, Trabajo y Producci\u00f3n (CoPETyPS), cont\u00f3 con la participaci\u00f3n de representantes del Instituto Nacional de Educaci\u00f3n Tecnol\u00f3gica (INET), del Instituto Nacional de Tecnolog\u00eda Industrial (INTI), de la Organizaci\u00f3n de Estados Iberoamericanos (OEI), de los Consejos Provinciales de Educaci\u00f3n, Trabajo y Producci\u00f3n (CoPETyPs) de las jurisdicciones de Ciudad Aut\u00f3noma de Buenos Aires, Entre R\u00edos, Santa Fe y C\u00f3rdoba, y representantes de empresas y c\u00e1maras del sector privado.<\/p>\n\n\n\n<p>En representaci\u00f3n del INET particip\u00f3 el secretario del Consejo Nacional de Educaci\u00f3n, Trabajo y Producci\u00f3n (CoNETyP), <strong>Fernando Tasc\u00f3n<\/strong>; en representaci\u00f3n del INTI acudi\u00f3 el jefe del Departamento de Desarrollo para la Industria de la Movilidad del INTI, <strong>Diego Marino<\/strong>; por el sector de OEI estuvo presente la especialista en Educaci\u00f3n y Trabajo <strong>Guillermina Laguzzi<\/strong>; mientras que por el lado de la jurisdicci\u00f3n de la Ciudad Aut\u00f3noma de Buenos Aires, particip\u00f3 el director de Educaci\u00f3n T\u00e9cnica del Gobierno de la Ciudad de Buenos Aires, <strong>Adri\u00e1n Rastrelli<\/strong>.<\/p>\n\n\n\n<p>Asimismo, el foro cont\u00f3 con la presencia de referentes de la Federaci\u00f3n Argentina de Asociaciones de Talleres Reparaciones de Automotores y Afines (FAATRA), INTI, Nosso, Control Vehicular Argentino (CVA), Eco Wagen y Corradir S.A., quienes compartieron experiencias y perspectivas sobre los avances tecnol\u00f3gicos y las necesidades de formaci\u00f3n en el sector.<\/p>\n\n\n\n<p><\/p>\n","protected":false},"excerpt":{"rendered":"<p>El pasado mi\u00e9rcoles 15 de octubre, se llev\u00f3 a cabo en la sede de la Organizaci\u00f3n de Estados Iberoamericanos (OEI), en la Ciudad Aut\u00f3noma de Buenos Aires, un Foro de Electromovilidad con el objetivo de promover el intercambio entre organismos p\u00fablicos, empresas y asociaciones del sector, en torno a los desaf\u00edos y oportunidades que plantea [&hellip;]<\/p>\n","protected":false},"author":15,"featured_media":41598,"comment_status":"closed","ping_status":"open","sticky":false,"template":"","format":"standard","meta":{"footnotes":""},"categories":[1,14,13],"tags":[],"class_list":["post-41597","post","type-post","status-publish","format-standard","has-post-thumbnail","hentry","category-noticias","category-noticias-fijas","category-noticias-slider"],"_links":{"self":[{"href":"https:\/\/www.inet.edu.ar\/index.php\/wp-json\/wp\/v2\/posts\/41597","targetHints":{"allow":["GET"]}}],"collection":[{"href":"https:\/\/www.inet.edu.ar\/index.php\/wp-json\/wp\/v2\/posts"}],"about":[{"href":"https:\/\/www.inet.edu.ar\/index.php\/wp-json\/wp\/v2\/types\/post"}],"author":[{"embeddable":true,"href":"https:\/\/www.inet.edu.ar\/index.php\/wp-json\/wp\/v2\/users\/15"}],"replies":[{"embeddable":true,"href":"https:\/\/www.inet.edu.ar\/index.php\/wp-json\/wp\/v2\/comments?post=41597"}],"version-history":[{"count":4,"href":"https:\/\/www.inet.edu.ar\/index.php\/wp-json\/wp\/v2\/posts\/41597\/revisions"}],"predecessor-version":[{"id":41615,"href":"https:\/\/www.inet.edu.ar\/index.php\/wp-json\/wp\/v2\/posts\/41597\/revisions\/41615"}],"wp:featuredmedia":[{"embeddable":true,"href":"https:\/\/www.inet.edu.ar\/index.php\/wp-json\/wp\/v2\/media\/41598"}],"wp:attachment":[{"href":"https:\/\/www.inet.edu.ar\/index.php\/wp-json\/wp\/v2\/media?parent=41597"}],"wp:term":[{"taxonomy":"category","embeddable":true,"href":"https:\/\/www.inet.edu.ar\/index.php\/wp-json\/wp\/v2\/categories?post=41597"},{"taxonomy":"post_tag","embeddable":true,"href":"https:\/\/www.inet.edu.ar\/index.php\/wp-json\/wp\/v2\/tags?post=41597"}],"curies":[{"name":"wp","href":"https:\/\/api.w.org\/{rel}","templated":true}]}}