{"id":5085,"date":"2014-11-18T10:14:21","date_gmt":"2014-11-18T13:14:21","guid":{"rendered":"https:\/\/www.inet.edu.ar\/?p=5085"},"modified":"2014-11-18T16:08:22","modified_gmt":"2014-11-18T19:08:22","slug":"convocan-a-estudiantes-de-escuelas-secundarias-para-el-concurso-nacional-de-cortometrajes-y-spots-radiales","status":"publish","type":"post","link":"https:\/\/www.inet.edu.ar\/index.php\/convocan-a-estudiantes-de-escuelas-secundarias-para-el-concurso-nacional-de-cortometrajes-y-spots-radiales\/","title":{"rendered":"Convocan a estudiantes de escuelas secundarias para el Concurso Nacional de cortometrajes y spots radiales"},"content":{"rendered":"<p><a href=\"https:\/\/www.inet.edu.ar\/noticias\/convocan-a-estudiantes-de-escuelas-secundarias-para-el-concurso-nacional-de-cortometrajes-y-spots-radiales\/attachment\/corto\/\" rel=\"attachment wp-att-5092\"><img loading=\"lazy\" decoding=\"async\" class=\"alignleft size-thumbnail wp-image-5092\" title=\"corto\" src=\"https:\/\/www.inet.edu.ar\/wp-content\/uploads\/2014\/10\/corto-105x100.jpg\" alt=\"\" width=\"105\" height=\"100\" \/><\/a>Como una iniciativa conjunta de los Ministerios de Educaci\u00f3n y de Trabajo, Empleo y Seguridad Social de la Naci\u00f3n, junto con la Organizaci\u00f3n Internacional del Trabajo, convocan a estudiantes de todas las escuelas secundarias del pa\u00eds a participar del Concurso Nacional de Cortometrajes y de Spots Radiales \u00ab10 a\u00f1os de Construir Futuro con Trabajo Decente\u00bb.<\/p>\n<p>&nbsp;<\/p>\n<p>El concurso se realiza en conmemoraci\u00f3n de los diez a\u00f1os del Proyecto Construir Futuro con Trabajo Decente. <strong>El cierre del certamen est\u00e1 previsto para el 21 de noviembre de 2014<\/strong> y los cortos y spots ganadores recibir\u00e1n premios destinados a las instituciones.<\/p>\n<p><strong style=\"line-height: 1.21em;\"><span style=\"color: #000000;\"><a href=\"https:\/\/www.facebook.com\/cortostrabajodecente?fref=photo\"><span style=\"color: #000000;\">Para m\u00e1s informaci\u00f3n<\/span><\/a><\/span><\/strong><\/p>\n<p><strong><span style=\"color: #000000;\"><a href=\"https:\/\/www.dropbox.com\/s\/qlizcypqwgotps3\/Bases.docx?dl=0\"><span style=\"color: #000000;\">Bases<\/span><\/a><\/span><\/strong><\/p>\n<p><a href=\"https:\/\/www.inet.edu.ar\/noticias\/convocan-a-estudiantes-de-escuelas-secundarias-para-el-concurso-nacional-de-cortometrajes-y-spots-radiales\/attachment\/print\/\" rel=\"attachment wp-att-5093\"><img loading=\"lazy\" decoding=\"async\" class=\"alignleft size-thumbnail wp-image-5093\" title=\"Concurso de cortos\" src=\"https:\/\/www.inet.edu.ar\/wp-content\/uploads\/2014\/10\/afiche-A3-150x100.jpg\" alt=\"\" width=\"150\" height=\"100\" \/><\/a><\/p>\n","protected":false},"excerpt":{"rendered":"<p>Como una iniciativa conjunta de los Ministerios de Educaci\u00f3n y de Trabajo, Empleo y Seguridad Social de la Naci\u00f3n, junto con la Organizaci\u00f3n Internacional del Trabajo, convocan a estudiantes de todas las escuelas secundarias del pa\u00eds a participar del Concurso Nacional de Cortometrajes y de Spots Radiales \u00ab10 a\u00f1os de Construir Futuro con Trabajo Decente\u00bb. [&hellip;]<\/p>\n","protected":false},"author":3,"featured_media":0,"comment_status":"closed","ping_status":"open","sticky":false,"template":"","format":"standard","meta":{"footnotes":""},"categories":[1],"tags":[],"class_list":["post-5085","post","type-post","status-publish","format-standard","hentry","category-noticias"],"_links":{"self":[{"href":"https:\/\/www.inet.edu.ar\/index.php\/wp-json\/wp\/v2\/posts\/5085","targetHints":{"allow":["GET"]}}],"collection":[{"href":"https:\/\/www.inet.edu.ar\/index.php\/wp-json\/wp\/v2\/posts"}],"about":[{"href":"https:\/\/www.inet.edu.ar\/index.php\/wp-json\/wp\/v2\/types\/post"}],"author":[{"embeddable":true,"href":"https:\/\/www.inet.edu.ar\/index.php\/wp-json\/wp\/v2\/users\/3"}],"replies":[{"embeddable":true,"href":"https:\/\/www.inet.edu.ar\/index.php\/wp-json\/wp\/v2\/comments?post=5085"}],"version-history":[{"count":13,"href":"https:\/\/www.inet.edu.ar\/index.php\/wp-json\/wp\/v2\/posts\/5085\/revisions"}],"predecessor-version":[{"id":5679,"href":"https:\/\/www.inet.edu.ar\/index.php\/wp-json\/wp\/v2\/posts\/5085\/revisions\/5679"}],"wp:attachment":[{"href":"https:\/\/www.inet.edu.ar\/index.php\/wp-json\/wp\/v2\/media?parent=5085"}],"wp:term":[{"taxonomy":"category","embeddable":true,"href":"https:\/\/www.inet.edu.ar\/index.php\/wp-json\/wp\/v2\/categories?post=5085"},{"taxonomy":"post_tag","embeddable":true,"href":"https:\/\/www.inet.edu.ar\/index.php\/wp-json\/wp\/v2\/tags?post=5085"}],"curies":[{"name":"wp","href":"https:\/\/api.w.org\/{rel}","templated":true}]}}