{"id":5200,"date":"2014-10-09T20:59:18","date_gmt":"2014-10-09T23:59:18","guid":{"rendered":"https:\/\/www.inet.edu.ar\/?p=5200"},"modified":"2014-10-09T21:23:36","modified_gmt":"2014-10-10T00:23:36","slug":"la-provincia-de-rio-negro-recibio-su-primera-aula-taller-movil","status":"publish","type":"post","link":"https:\/\/www.inet.edu.ar\/index.php\/la-provincia-de-rio-negro-recibio-su-primera-aula-taller-movil\/","title":{"rendered":"La Provincia de Rio Negro recibi\u00f3 su primera Aula Taller M\u00f3vil"},"content":{"rendered":"<p><a href=\"https:\/\/www.inet.edu.ar\/noticias\/la-provincia-de-rio-negro-recibio-su-primera-aula-taller-movil\/attachment\/primera-aula-taller-movil-recibida-por-rio-negro\/\" rel=\"attachment wp-att-5201\"><img loading=\"lazy\" decoding=\"async\" class=\"alignleft size-thumbnail wp-image-5201\" title=\"Primera Aula Taller M\u00f3vil recibida por Rio Negro\" src=\"https:\/\/www.inet.edu.ar\/wp-content\/uploads\/2014\/10\/Primera-Aula-Taller-M\u00f3vil-recibida-por-Rio-Negro-150x100.jpg\" alt=\"\" width=\"150\" height=\"100\" srcset=\"https:\/\/www.inet.edu.ar\/wp-content\/uploads\/2014\/10\/Primera-Aula-Taller-M\u00f3vil-recibida-por-Rio-Negro-150x100.jpg 150w, https:\/\/www.inet.edu.ar\/wp-content\/uploads\/2014\/10\/Primera-Aula-Taller-M\u00f3vil-recibida-por-Rio-Negro-240x160.jpg 240w, https:\/\/www.inet.edu.ar\/wp-content\/uploads\/2014\/10\/Primera-Aula-Taller-M\u00f3vil-recibida-por-Rio-Negro-468x313.jpg 468w, https:\/\/www.inet.edu.ar\/wp-content\/uploads\/2014\/10\/Primera-Aula-Taller-M\u00f3vil-recibida-por-Rio-Negro.jpg 1600w\" sizes=\"auto, (max-width: 150px) 100vw, 150px\" \/><\/a>En el marco del cierre de la Feria provincial de Ciencias, Arte y Tecnolog\u00eda, el Gobierno de R\u00edo Negro recibi\u00f3 su primera \u00a0Aula Taller M\u00f3vil, equipada para brindar Cursos de Formaci\u00f3n Profesional en Refrigeraci\u00f3n y Climatizaci\u00f3n. El acto sucedi\u00f3 el d\u00eda 2 de octubre de 2014 en la Ciudad de Cipolletti.<\/p>\n<p>Presidi\u00f3 el acto el Director de Educaci\u00f3n T\u00e9cnica de la provincia de R\u00edo Negro, <strong>Pablo N\u00fa\u00f1ez<\/strong> junto a otras autoridades del Ministerio de Educaci\u00f3n y Derechos Humanos provincial.<\/p>\n<p>Asistieron al encuentro, el Secretario permanente del \u00a0Consejo Nacional de Educaci\u00f3n, Trabajo y Producci\u00f3n (CONETyP), <strong>Dr. Pablo Narvaja<\/strong> \u00a0y el Coordinador de Formaci\u00f3n Profesional, <strong>Arq. Pedro Angulo <\/strong>del<strong>\u00a0<\/strong>Instituto Nacional de Educaci\u00f3n Tecnol\u00f3gica<strong> (INET)<\/strong>\u00a0quien estuvo a cargo del desarrollo del programa.<\/p>\n<p>El Director de Educaci\u00f3n T\u00e9cnica de R\u00edo Negro, \u00a0agradeci\u00f3 a los presentes y brind\u00f3 detalles del Programa Nacional. Al respecto indic\u00f3 que la provincia viene trabajando con el INET desde 2012 en la denominada Mesa Federal de Educaci\u00f3n T\u00e9cnica Profesional. \u00abCuando se comenz\u00f3 a trabajar en la Red Nacional de \u00a0Aulas Talleres M\u00f3viles vimos que este proyecto ven\u00eda a otorgar respuesta a una de las grandes demandas existentes, vinculadas a la capacitaci\u00f3n laboral y profesional, en aquellos lugares donde la densidad de poblaci\u00f3n no permite la instalaci\u00f3n de una oferta fija\u00bb, detall\u00f3.<\/p>\n<p>En el mismo sentido, adelant\u00f3 que la idea es contar en un futuro con tres unidades m\u00e1s de estas caracter\u00edsticas, y subray\u00f3 la importancia de obtener, mediante la iniciativa, la posibilidad de acercar ofertas de formaci\u00f3n a lugares puntuales para capacitar y luego trasladar el tr\u00e1iler a otras zonas.<\/p>\n<p>Por \u00faltimo agradeci\u00f3 la presencia de los representantes del organismo nacional y destac\u00f3 el acompa\u00f1amiento permanente que reciben en lo que respecta \u00a0al asesoramiento t\u00e9cnico, formulaci\u00f3n de proyectos, financiamiento, capacitaci\u00f3n, profesorado en Formaci\u00f3n Docente, Planes de Mejoras para el equipamiento de las escuelas y la provisi\u00f3n de los insumos, entre otras cuestiones. \u00abCreo que la pol\u00edtica del INET est\u00e1 a la vista para quienes nos desarrollamos en la Educaci\u00f3n T\u00e9cnico Profesional\u00bb.<\/p>\n<p>El secretario permanente del Consejo Nacional de Educaci\u00f3n, Trabajo y Producci\u00f3n, \u00a0sostuvo: \u00abEs muy linda la idea de presentar este Aula Taller M\u00f3vil en el contexto de la Feria de Ciencias, ya que de alg\u00fan modo el Aula conjuga la Ciencia con las necesidades locales: aplicar la Tecnolog\u00eda para desarrollar capacidades en las personas y que estas tengan relevancia para el trabajo y \u00a0el desarrollo local\u00bb. Narvaja destac\u00f3 adem\u00e1s la importancia de la iniciativa en lo que hace a la inclusi\u00f3n social e integraci\u00f3n y adelant\u00f3 que se estima que en un futuro pr\u00f3ximo ser\u00e1n 130 las unidades que dar\u00e1n vuelta por todo el pa\u00eds. Para finalizar, el funcionario destac\u00f3: \u00abEs un compromiso del Gobierno Nacional generar estas herramientas que contribuyan al trabajo, a la industria, al desarrollo local y a garantizar la equidad social\u00bb.<\/p>\n<p>Por su parte, el Coordinador de Formaci\u00f3n Profesional del INET, \u00a0explic\u00f3 que desde el Instituto Nacional de Educaci\u00f3n Tecnol\u00f3gica, permanentemente se trabaja en forma conjunta con las autoridades provinciales, y brind\u00f3 detalles t\u00e9cnicos de las unidades \u00abEstamos llegando con este Aula para cumplir con el objetivo primordial que es acceder a las poblaciones alejadas con un equipamiento de primera l\u00ednea, con todas las comodidades, dise\u00f1ada y pensada para que se dicten talleres de distintas especialidades\u00bb, manifest\u00f3.<\/p>\n<p>A continuaci\u00f3n detall\u00f3 que las unidades funcionan en red y brindan talleres de formaci\u00f3n en diferentes especialidades tales como: Instalaciones domiciliarias (gas, agua y electricidad, entre otras), Inform\u00e1tica (reparaci\u00f3n de PC e instalaciones de redes) y Refrigeraci\u00f3n, \u00a0la cual est\u00e1 equipada con paneles did\u00e1cticos para aire acondicionado, \u00a0c\u00e1maras de fr\u00edo y equipamiento inform\u00e1tico. \u00a0 Al finalizar su discurso\u00a0<span style=\"line-height: 1.21em;\">d<\/span><span style=\"line-height: 1.21em;\">estac\u00f3 el esfuerzo de la gesti\u00f3n nacional y provincial \u00abpara poder ofrecer a las distintas poblaciones variadas ofertas formativas que sirvan a los requerimientos que ellos mismos tienen en su lugar\u00bb.<\/span><\/p>\n<p><strong>Acerca de la \u00a0Red Nacional de Aulas Talleres M\u00f3viles<\/strong><\/p>\n<p>El Ministerio de Educaci\u00f3n de la Naci\u00f3n, a trav\u00e9s del INET, ha creado esta Red para asegurar y promover que la Educaci\u00f3n T\u00e9cnico Profesional, en Formaci\u00f3n Profesional y Capacitaci\u00f3n laboral, est\u00e9 presente en todo el pa\u00eds.<\/p>\n<p>Las aulas talleres m\u00f3viles son estructuras transportables que, mediante un sistema de rotaci\u00f3n interna en cada provincia, se instalan en zonas en donde el acceso a una Formaci\u00f3n Profesional es limitado. El tiempo estimado de permanencia de las unidades en cada localidad oscila entre 1 y 3 meses, dependiendo de la demanda y del tipo de cursos que se ofrecen.<\/p>\n<p>Los estudiantes podr\u00e1n capacitarse en especialidades como Agropecuaria; Automatizaci\u00f3n industrial; Gastronom\u00eda; Inform\u00e1tica, Redes y reparaci\u00f3n de PC; Instalaciones domiciliarias; Construcciones; Metalmec\u00e1nica; Refrigeraci\u00f3n y climatizaci\u00f3n; Soldadura; Textil e indumentaria; Reparaci\u00f3n de autos y motos; y Energ\u00edas renovables y alternativas. Todas ellas est\u00e1n vinculadas con las demandas socio-productivas de cada regi\u00f3n o localidad.<\/p>\n<p>Las once aulas talleres ya adquiridas por las provincias, con fondos nacionales, han llevado la Capacitaci\u00f3n laboral a un total de 500 habitantes de localidades peque\u00f1as. Estas unidades est\u00e1n distribuidas en las provincias de Tucum\u00e1n (3), la Pampa (2), Salta (1) y Corrientes (5).<\/p>\n<p>Durante el a\u00f1o 2014, se sumar\u00e1n 36 unidades a las 11 ya existentes. Para el a\u00f1o 2015 se prev\u00e9 la instalaci\u00f3n de una red de 131 aulas talleres m\u00f3viles en todo el pa\u00eds. La inversi\u00f3n total ser\u00e1 de 382 millones de pesos.<\/p>\n<p>Este programa se suma al resto de las pol\u00edticas educativas de la \u00faltima d\u00e9cada, orientadas a mejorar las condiciones de acceso, permanencia y egreso de los estudiantes de la Educaci\u00f3n T\u00e9cnico Profesional: un\u00a0 pilar insustituible para un pa\u00eds que apuesta al desarrollo econ\u00f3mico e industrial con mayores niveles de equidad social.<\/p>\n<p><strong><span style=\"line-height: 1.21em;\">Enlaces de inter\u00e9s<\/span><\/strong><\/p>\n<p><a href=\"https:\/\/www.inet.edu.ar\/politicas-y-programas\/programa-federal-de-aulas-tecnicas-moviles\/\">Red Nacional Aulas Talleres M\u00f3viles<\/a><\/p>\n<p><a href=\"https:\/\/www.inet.edu.ar\/noticias\/el-ministro-de-educacion-presentara-el-lanzamiento-de-la-red-nacional-de-aulas-talleres-moviles\/\">Lanzamiento de la red Nacional Aulas Talleres M\u00f3viles junto al Ministro de Educaci\u00f3n de la Naci\u00f3n<\/a><\/p>\n<p><a href=\"https:\/\/www.inet.edu.ar\/noticias\/la-presidenta-presento-la-red-nacional-aulas-talleres-moviles-que-permite-que-la-capacitacion-laboral-y-la-formacion-profesional-esten-presentes-en-todo-el-pais\/\">Anuncio de la Presidenta de la Naci\u00f3n acerca de la Red Nacional Aulas Talleres M\u00f3viles<\/a><br \/>\n<strong>Reportes de prensa<\/strong><\/p>\n<p><a href=\" http:\/\/www.educacion.rionegro.gov.ar\/sitio2012\/desarrollo_noti.php?id=2944\">Ministerio de Educaci\u00f3n R\u00edo Negro<\/a><\/p>\n<p><a href=\"http:\/\/www.lmcipolletti.com.ar\/noticias\/2014\/10\/2\/nueva-aula-taller-movil-para-rio-negro_74402\">LM Cipolletti\u00a0<\/a><\/p>\n<p>&nbsp;<\/p>\n<p><strong>Galer\u00eda de im\u00e1genes<\/strong><\/p>\n<p><a href=\"https:\/\/www.flickr.com\/photos\/comunicacionrionegro\/sets\/72157647884852248\">Fotos Gobierno de Rio Negro<\/a><\/p>\n<p><a href=\"https:\/\/www.inet.edu.ar\/noticias\/la-provincia-de-rio-negro-recibio-su-primera-aula-taller-movil\/attachment\/dr-pablo-narvaja-y-el-arq-pedro-angulo-interior-del-aula-taller-movil-rio-negro-octubre-de-2014\/\" rel=\"attachment wp-att-5205\"><img loading=\"lazy\" decoding=\"async\" class=\"alignleft size-thumbnail wp-image-5205\" title=\"Dr. Pablo Narvaja y el Arq Pedro Angulo - Interior del Aula Taller M\u00f3vil R\u00edo Negro, octubre de 2014\" src=\"https:\/\/www.inet.edu.ar\/wp-content\/uploads\/2014\/10\/Dr.-Pablo-Narvaja-y-el-Arq-Pedro-Angulo-Interior-del-Aula-Taller-M\u00f3vil-R\u00edo-Negro-octubre-de-2014-150x100.jpg\" alt=\"\" width=\"150\" height=\"100\" \/><\/a><\/p>\n<p>&nbsp;<\/p>\n<p>&nbsp;<\/p>\n<p>&nbsp;<\/p>\n<p>&nbsp;<\/p>\n<p>&nbsp;<\/p>\n<p><a href=\"https:\/\/www.inet.edu.ar\/noticias\/la-provincia-de-rio-negro-recibio-su-primera-aula-taller-movil\/attachment\/vista-interior-del-aula-taller-movil-entregada-a-rio-negro-en-el-mes-de-octubre-2014\/\" rel=\"attachment wp-att-5204\"><img loading=\"lazy\" decoding=\"async\" class=\"alignleft size-thumbnail wp-image-5204\" title=\"Vista interior del Aula Taller M\u00f3vil entregada a Rio Negro en el mes de octubre 2014\" src=\"https:\/\/www.inet.edu.ar\/wp-content\/uploads\/2014\/10\/Vista-interior-del-Aula-Taller-M\u00f3vil-entregada-a-Rio-Negro-en-el-mes-de-octubre-2014-150x100.jpg\" alt=\"\" width=\"150\" height=\"100\" srcset=\"https:\/\/www.inet.edu.ar\/wp-content\/uploads\/2014\/10\/Vista-interior-del-Aula-Taller-M\u00f3vil-entregada-a-Rio-Negro-en-el-mes-de-octubre-2014-150x100.jpg 150w, https:\/\/www.inet.edu.ar\/wp-content\/uploads\/2014\/10\/Vista-interior-del-Aula-Taller-M\u00f3vil-entregada-a-Rio-Negro-en-el-mes-de-octubre-2014-240x160.jpg 240w, https:\/\/www.inet.edu.ar\/wp-content\/uploads\/2014\/10\/Vista-interior-del-Aula-Taller-M\u00f3vil-entregada-a-Rio-Negro-en-el-mes-de-octubre-2014-468x313.jpg 468w, https:\/\/www.inet.edu.ar\/wp-content\/uploads\/2014\/10\/Vista-interior-del-Aula-Taller-M\u00f3vil-entregada-a-Rio-Negro-en-el-mes-de-octubre-2014.jpg 1600w\" sizes=\"auto, (max-width: 150px) 100vw, 150px\" \/><\/a><a href=\"https:\/\/www.inet.edu.ar\/noticias\/la-provincia-de-rio-negro-recibio-su-primera-aula-taller-movil\/attachment\/rio-negro-recibe-su-primera-aula-taller-movil-en-el-acto-de-apertura-de-la-feria-de-ciencias-provincial\/\" rel=\"attachment wp-att-5202\"><img loading=\"lazy\" decoding=\"async\" class=\"alignleft size-thumbnail wp-image-5202\" title=\"Rio Negro recibe su primera Aula Taller M\u00f3vil - Acto de apertura de la Feria de Ciencias provincial\" src=\"https:\/\/www.inet.edu.ar\/wp-content\/uploads\/2014\/10\/Rio-Negro-recibe-su-primera-Aula-Taller-M\u00f3vil-en-el-acto-de-apertura-de-la-feria-de-Ciencias-provincial-150x100.jpg\" alt=\"\" width=\"150\" height=\"100\" \/><\/a><\/p>\n","protected":false},"excerpt":{"rendered":"<p>En el marco del cierre de la Feria provincial de Ciencias, Arte y Tecnolog\u00eda, el Gobierno de R\u00edo Negro recibi\u00f3 su primera \u00a0Aula Taller M\u00f3vil, equipada para brindar Cursos de Formaci\u00f3n Profesional en Refrigeraci\u00f3n y Climatizaci\u00f3n. El acto sucedi\u00f3 el d\u00eda 2 de octubre de 2014 en la Ciudad de Cipolletti. Presidi\u00f3 el acto el [&hellip;]<\/p>\n","protected":false},"author":3,"featured_media":5201,"comment_status":"closed","ping_status":"open","sticky":false,"template":"","format":"standard","meta":{"footnotes":""},"categories":[1],"tags":[],"class_list":["post-5200","post","type-post","status-publish","format-standard","has-post-thumbnail","hentry","category-noticias"],"_links":{"self":[{"href":"https:\/\/www.inet.edu.ar\/index.php\/wp-json\/wp\/v2\/posts\/5200","targetHints":{"allow":["GET"]}}],"collection":[{"href":"https:\/\/www.inet.edu.ar\/index.php\/wp-json\/wp\/v2\/posts"}],"about":[{"href":"https:\/\/www.inet.edu.ar\/index.php\/wp-json\/wp\/v2\/types\/post"}],"author":[{"embeddable":true,"href":"https:\/\/www.inet.edu.ar\/index.php\/wp-json\/wp\/v2\/users\/3"}],"replies":[{"embeddable":true,"href":"https:\/\/www.inet.edu.ar\/index.php\/wp-json\/wp\/v2\/comments?post=5200"}],"version-history":[{"count":5,"href":"https:\/\/www.inet.edu.ar\/index.php\/wp-json\/wp\/v2\/posts\/5200\/revisions"}],"predecessor-version":[{"id":5208,"href":"https:\/\/www.inet.edu.ar\/index.php\/wp-json\/wp\/v2\/posts\/5200\/revisions\/5208"}],"wp:featuredmedia":[{"embeddable":true,"href":"https:\/\/www.inet.edu.ar\/index.php\/wp-json\/wp\/v2\/media\/5201"}],"wp:attachment":[{"href":"https:\/\/www.inet.edu.ar\/index.php\/wp-json\/wp\/v2\/media?parent=5200"}],"wp:term":[{"taxonomy":"category","embeddable":true,"href":"https:\/\/www.inet.edu.ar\/index.php\/wp-json\/wp\/v2\/categories?post=5200"},{"taxonomy":"post_tag","embeddable":true,"href":"https:\/\/www.inet.edu.ar\/index.php\/wp-json\/wp\/v2\/tags?post=5200"}],"curies":[{"name":"wp","href":"https:\/\/api.w.org\/{rel}","templated":true}]}}