{"id":5541,"date":"2014-11-15T14:00:34","date_gmt":"2014-11-15T17:00:34","guid":{"rendered":"https:\/\/www.inet.edu.ar\/?p=5541"},"modified":"2014-11-15T14:11:59","modified_gmt":"2014-11-15T17:11:59","slug":"comienza-el-campeonato-argentino-de-autos-ecologicos-desafio-eco-en-la-provincia-de-santa-fe","status":"publish","type":"post","link":"https:\/\/www.inet.edu.ar\/index.php\/comienza-el-campeonato-argentino-de-autos-ecologicos-desafio-eco-en-la-provincia-de-santa-fe\/","title":{"rendered":"Comienza el Campeonato Argentino de Autos Ecol\u00f3gicos: \u201cDesaf\u00edo Eco\u201d en la provincia de Santa Fe"},"content":{"rendered":"<p align=\"center\"><strong><em>Participan quinientos estudiantes de escuelas t\u00e9cnicas de todo el pa\u00eds<\/em><\/strong><\/p>\n<p>&nbsp;<\/p>\n<p><a href=\"https:\/\/www.inet.edu.ar\/noticias\/comienza-el-campeonato-argentino-de-autos-ecologicos-desafio-eco-en-la-provincia-de-santa-fe\/attachment\/desafio-eco\/\" rel=\"attachment wp-att-5542\"><img loading=\"lazy\" decoding=\"async\" class=\"alignleft size-thumbnail wp-image-5542\" title=\"Desaf\u00edo Eco\" src=\"https:\/\/www.inet.edu.ar\/wp-content\/uploads\/2014\/11\/Desaf\u00edo-Eco-150x100.jpg\" alt=\"\" width=\"150\" height=\"100\" \/><\/a>El domingo 16 de noviembre se realizar\u00e1 la primera carrera clasificatoria del <strong>Campeonato Argentino de Autos Ecol\u00f3gicos: \u201cDesaf\u00edo Eco\u201d<\/strong> en la Ciudad de Rafaela.<\/p>\n<p><span style=\"line-height: 1.21em;\">Se trata de una competencia automovil\u00edstica, llevada a cabo por estudiantes de escuelas secundarias t\u00e9cnicas de todo el pa\u00eds, en la que ellos mismos dise\u00f1an y construyen, con la gu\u00eda de sus profesores y la fiscalizaci\u00f3n de t\u00e9cnicos especializados, autom\u00f3viles ecol\u00f3gicos, alimentados por bater\u00edas el\u00e9ctricas, capaces de recorrer la mayor distancia posible en un tiempo m\u00e1ximo de dos horas. Una vez construidos los prototipos, los estudiantes compiten entre s\u00ed en dos series clasificatorias y una carrera final.<\/span><\/p>\n<p><span style=\"line-height: 1.21em;\">El objetivo del campeonato es que los participantes adquieran un aprendizaje integral que promueva la toma de conciencia del cuidado del medio ambiente, el trabajo en equipo,\u00a0y la realizaci\u00f3n de pr\u00e1cticas profesionalizantes, a trav\u00e9s de las cuales los estudiantes tendr\u00e1n un contacto directo con tecnolog\u00edas que ser\u00e1n determinantes en los medios de locomoci\u00f3n del futuro y en el desarrollo industrial automotriz del pa\u00eds.<\/span><\/p>\n<p><span style=\"line-height: 1.21em;\">Para esta edici\u00f3n 2014 del\u00a0<\/span><strong style=\"line-height: 1.21em;\">\u201cDesaf\u00edo Eco\u201d<\/strong><span style=\"line-height: 1.21em;\">, por primera vez, el Ministerio de Educaci\u00f3n de la Naci\u00f3n convoc\u00f3 a la participaci\u00f3n de escuelas secundarias t\u00e9cnicas estatales, y financi\u00f3, a trav\u00e9s del Instituto Nacional de Educaci\u00f3n Tecnol\u00f3gica (INET), la entrega de los kits de equipamiento y documentaci\u00f3n necesarios para el armado de los autom\u00f3viles, a un total de cuarenta y nueve instituciones.<\/span><\/p>\n<p><span style=\"line-height: 1.21em;\">En ese sentido, el Director Ejecutivo del Instituto Nacional de Educaci\u00f3n Tecnol\u00f3gica, \u00a0<\/span><strong style=\"line-height: 1.21em;\">Prof. Eduardo Aragundi<\/strong><span style=\"line-height: 1.21em;\"> adelant\u00f3: \u201c<\/span><strong style=\"line-height: 1.21em;\">Desaf\u00edo Eco<\/strong><span style=\"line-height: 1.21em;\"> es una muestra m\u00e1s del trabajo que hacen d\u00eda a d\u00eda nuestros docentes y sus estudiantes en pos de una mejor escuela t\u00e9cnica. Escuelas de todo el pa\u00eds desde Tierra del Fuego hasta Jujuy, desde Cuyo hasta el Litoral, participan de este evento, destacado entre otros aspectos, por ser el que cuenta, a nivel internacional, con la mayor participaci\u00f3n de escuelas p\u00fablicas estatales\u201d. \u201cLa escuela t\u00e9cnica de gesti\u00f3n estatal, recuperada en estos a\u00f1os y valorada especialmente por nuestra sociedad, se suma a esta competencia\u201d.<\/span><\/p>\n<p><span style=\"line-height: 1.21em;\">Asimismo agreg\u00f3 \u00a0\u201cValoramos el acercamiento de nuestros estudiantes a este tipo de tecnolog\u00edas no contaminantes, tanto como valoramos la posibilidad que el certamen les ofrece a muchos de ellos involucrarse en un proyecto formativo en el marco de las pr\u00e1cticas propias de nuestras escuelas\u201d.<\/span><\/p>\n<p><span style=\"line-height: 1.21em;\">Lo novedoso de esta competencia es que ganar\u00e1n aquellos que administren mejor la energ\u00eda de sus veh\u00edculos ecol\u00f3gicos. En ese sentido, se espera despertar, a trav\u00e9s de esta experiencia, el inter\u00e9s, la investigaci\u00f3n y el desarrollo en tecnolog\u00edas de transportes alternativos no contaminantes en estudiantes y docentes de la modalidad T\u00e9cnica.<\/span><\/p>\n<p><span style=\"line-height: 1.21em;\">En el certamen tambi\u00e9n formar\u00e1n parte escuelas t\u00e9cnicas de gesti\u00f3n privada y algunas representaciones escolares de la Rep\u00fablica Oriental del Uruguay, sumando en total ochenta y dos instituciones educativas.<\/span><\/p>\n<p><strong style=\"line-height: 1.21em;\"><span style=\"text-decoration: underline;\">Fechas y sedes del certamen:<\/span><\/strong><\/p>\n<p style=\"text-align: left;\" align=\"center\"><strong style=\"line-height: 1.21em;\">Domingo 16 de noviembre, Aut\u00f3dromo de la Ciudad de Rafaela, Santa Fe<\/strong><\/p>\n<p style=\"text-align: left;\" align=\"center\"><strong>S\u00e1bado 29 de noviembre, Concordia, Entre R\u00edos<\/strong><\/p>\n<p style=\"text-align: left;\" align=\"center\"><strong>Domingo 30 de noviembre, Concordia, Entre R\u00edos<\/strong><\/p>\n<p align=\"center\"><strong style=\"line-height: 1.21em;\">\u00a0<\/strong><\/p>\n<p style=\"text-align: left;\" align=\"center\"><span style=\"line-height: 1.21em;\"><strong>Plano del Aut\u00f3dromo de la Ciudad de Rafaela, Santa Fe<\/strong><\/span><\/p>\n<p style=\"text-align: left;\" align=\"center\"><a href=\"https:\/\/www.inet.edu.ar\/noticias\/comienza-el-campeonato-argentino-de-autos-ecologicos-desafio-eco-en-la-provincia-de-santa-fe\/attachment\/autodromo-de-rafaela-santa-fe-en-donde-se-hara-el-certamen-desafio-eco\/\" rel=\"attachment wp-att-5647\"><img loading=\"lazy\" decoding=\"async\" class=\"alignleft size-thumbnail wp-image-5647\" title=\"Autodromo de Rafaela, Santa Fe\" src=\"https:\/\/www.inet.edu.ar\/wp-content\/uploads\/2014\/11\/Autodromo-de-Rafaela-Santa-Fe-en-donde-se-har\u00e1-el-certamen-Desaf\u00edo-Eco-150x100.jpg\" alt=\"\" width=\"150\" height=\"100\" \/><\/a><\/p>\n<p style=\"text-align: left;\" align=\"center\"><span style=\"line-height: 1.21em;\">\u00a0<\/span><strong style=\"line-height: 1.21em;\"><\/strong><\/p>\n<p>&nbsp;<\/p>\n<p>&nbsp;<\/p>\n<p>&nbsp;<\/p>\n<p>&nbsp;<\/p>\n<p>&nbsp;<\/p>\n<p><strong>Acerca del \u201cDesaf\u00edo Eco\u201d<\/strong><\/p>\n<p><span style=\"line-height: 1.21em;\">Este tipo de competici\u00f3n de automovilismo ecol\u00f3gico se realiza\u00a0en diferentes partes del mundo, incentivada y avalada por\u00a0la Federaci\u00f3n Internacional\u00a0de Automovilismo (FIA). En Argentina, el certamen inici\u00f3 su actividad en el a\u00f1o 2012 y se encuentra incorporado al calendario anual de automovilismo oficial.<\/span><\/p>\n<p><span style=\"line-height: 1.21em;\">A ra\u00edz de la intervenci\u00f3n del Ministerio de Educaci\u00f3n de la Naci\u00f3n en la edici\u00f3n 2014 de Desaf\u00edo Eco, se duplic\u00f3 el n\u00famero de escuelas inscriptas y se destaca la participaci\u00f3n mayoritaria de escuelas t\u00e9cnicas de gesti\u00f3n estatal de todo el pa\u00eds.<\/span><\/p>\n<p><span style=\"line-height: 1.21em;\">La competencia est\u00e1 fiscalizada y homologada por la Comisi\u00f3n Deportiva Automovil\u00edstica (CDA) del Autom\u00f3vil Club Argentino, quien posee el poder deportivo nacional automovil\u00edstico delegado por la FIA, que la faculta a organizar y fiscalizar competencias nacionales e internacionales.<\/span><\/p>\n<p><span style=\"line-height: 1.21em;\">Los estudiantes participantes cuentan con el apoyo del Instituto Tecnol\u00f3gico Buenos Aires (ITBA) a trav\u00e9s de un Foro de consultas permanente, disponible en la p\u00e1gina web del concurso.<\/span><\/p>\n<p><span style=\"line-height: 1.21em;\">Acompa\u00f1a al Ministerio de Educaci\u00f3n en la concreci\u00f3n de este evento el Sindicato de Mec\u00e1nicos y Afines del Transporte Automotor de la Rep\u00fablica Argentina (SMATA).<\/span><\/p>\n<p><span style=\"line-height: 1.21em;\">El lanzamiento del certamen tuvo lugar en la sede del INET, el jueves 30 de Octubre, en el marco del II Encuentro Nacional de estudiantes de escuelas secundarias t\u00e9cnicas \u201c<\/span><em style=\"line-height: 1.21em;\">T\u00e9cnicaMente\u201d\u00a0<\/em><span style=\"line-height: 1.21em;\">y cont\u00f3 con la presencia del Ministro de Educaci\u00f3n de la Naci\u00f3n,\u00a0<\/span><strong style=\"line-height: 1.21em;\">Prof. Alberto Sileoni<\/strong><span style=\"line-height: 1.21em;\">, junto a otros miembros de su gabinete, entre ellos, el Director Ejecutivo del INET,\u00a0<\/span><strong style=\"line-height: 1.21em;\">Prof. Eduardo Aragundi<\/strong><span style=\"line-height: 1.21em;\">.<\/span><\/p>\n<p>&nbsp;<\/p>\n<p><strong style=\"line-height: 1.21em;\">Para m\u00e1s informaci\u00f3n<\/strong><\/p>\n<p><a href=\"http:\/\/www.desafioeco.com\/\">http:\/\/www.desafioeco.com\/<\/a><\/p>\n<p><a title=\"Facebook Desaf\u00edo Eco\" href=\"https:\/\/www.facebook.com\/DesafioEco\">https:\/\/www.facebook.com\/DesafioEco<\/a><\/p>\n<p>&nbsp;<\/p>\n<p><strong>Enlaces de inter\u00e9s<\/strong><\/p>\n<p><a href=\"https:\/\/www.inet.edu.ar\/noticias\/estudiantes-de-escuelas-secundarias-tecnicas-participaran-en-el-campeonato-argentino-de-autos-ecologicos-desafio-eco\/\">https:\/\/www.inet.edu.ar\/noticias\/estudiantes-de-escuelas-secundarias-tecnicas-participaran-en-el-campeonato-argentino-de-autos-ecologicos-desafio-eco\/<\/a><\/p>\n<p>&nbsp;<\/p>\n<p>&nbsp;<\/p>\n<p>&nbsp;<\/p>\n<p>&nbsp;<\/p>\n","protected":false},"excerpt":{"rendered":"<p>Participan quinientos estudiantes de escuelas t\u00e9cnicas de todo el pa\u00eds &nbsp; El domingo 16 de noviembre se realizar\u00e1 la primera carrera clasificatoria del Campeonato Argentino de Autos Ecol\u00f3gicos: \u201cDesaf\u00edo Eco\u201d en la Ciudad de Rafaela. Se trata de una competencia automovil\u00edstica, llevada a cabo por estudiantes de escuelas secundarias t\u00e9cnicas de todo el pa\u00eds, en [&hellip;]<\/p>\n","protected":false},"author":3,"featured_media":5542,"comment_status":"closed","ping_status":"open","sticky":false,"template":"","format":"standard","meta":{"footnotes":""},"categories":[1],"tags":[],"class_list":["post-5541","post","type-post","status-publish","format-standard","has-post-thumbnail","hentry","category-noticias"],"_links":{"self":[{"href":"https:\/\/www.inet.edu.ar\/index.php\/wp-json\/wp\/v2\/posts\/5541","targetHints":{"allow":["GET"]}}],"collection":[{"href":"https:\/\/www.inet.edu.ar\/index.php\/wp-json\/wp\/v2\/posts"}],"about":[{"href":"https:\/\/www.inet.edu.ar\/index.php\/wp-json\/wp\/v2\/types\/post"}],"author":[{"embeddable":true,"href":"https:\/\/www.inet.edu.ar\/index.php\/wp-json\/wp\/v2\/users\/3"}],"replies":[{"embeddable":true,"href":"https:\/\/www.inet.edu.ar\/index.php\/wp-json\/wp\/v2\/comments?post=5541"}],"version-history":[{"count":7,"href":"https:\/\/www.inet.edu.ar\/index.php\/wp-json\/wp\/v2\/posts\/5541\/revisions"}],"predecessor-version":[{"id":5545,"href":"https:\/\/www.inet.edu.ar\/index.php\/wp-json\/wp\/v2\/posts\/5541\/revisions\/5545"}],"wp:featuredmedia":[{"embeddable":true,"href":"https:\/\/www.inet.edu.ar\/index.php\/wp-json\/wp\/v2\/media\/5542"}],"wp:attachment":[{"href":"https:\/\/www.inet.edu.ar\/index.php\/wp-json\/wp\/v2\/media?parent=5541"}],"wp:term":[{"taxonomy":"category","embeddable":true,"href":"https:\/\/www.inet.edu.ar\/index.php\/wp-json\/wp\/v2\/categories?post=5541"},{"taxonomy":"post_tag","embeddable":true,"href":"https:\/\/www.inet.edu.ar\/index.php\/wp-json\/wp\/v2\/tags?post=5541"}],"curies":[{"name":"wp","href":"https:\/\/api.w.org\/{rel}","templated":true}]}}