{"id":5800,"date":"2014-11-21T17:31:49","date_gmt":"2014-11-21T20:31:49","guid":{"rendered":"https:\/\/www.inet.edu.ar\/?p=5800"},"modified":"2014-11-24T18:49:19","modified_gmt":"2014-11-24T21:49:19","slug":"el-programa-en-su-justa-medida-coproducido-por-el-inet-gano-el-premio-u-b-a-al-periodismo-educativo-y-cultural","status":"publish","type":"post","link":"https:\/\/www.inet.edu.ar\/index.php\/el-programa-en-su-justa-medida-coproducido-por-el-inet-gano-el-premio-u-b-a-al-periodismo-educativo-y-cultural\/","title":{"rendered":"El programa de televisi\u00f3n, En su justa medida, coproducido por el INET, gan\u00f3 el Premio U.B.A al periodismo educativo y cultural"},"content":{"rendered":"<p><a href=\"https:\/\/www.inet.edu.ar\/wp-content\/uploads\/2014\/11\/En-su-justa-medida.jpg\"><img loading=\"lazy\" decoding=\"async\" class=\"alignleft size-thumbnail wp-image-5801\" title=\"En su justa medida\" src=\"https:\/\/www.inet.edu.ar\/wp-content\/uploads\/2014\/11\/En-su-justa-medida-150x100.jpg\" alt=\"\" width=\"150\" height=\"100\" \/><\/a><\/p>\n<p><span style=\"line-height: 1.21em;\">La serie de televisi\u00f3n\u00a0<\/span><strong><em>En su justa medida<\/em><\/strong><span style=\"line-height: 1.21em;\">, coproducida en conjunto entre\u00a0<\/span><span style=\"line-height: 1.21em;\">el\u00a0<\/span><strong>INET<\/strong><span style=\"line-height: 1.21em;\">\u00a0(Instituto Nacional de Educaci\u00f3n T\u00e9cnol\u00f3gica)\u00a0y <\/span><strong>Educ.ar,<\/strong><span style=\"line-height: 1.21em;\"> \u00a0y transmitida por el <strong>Canal Encuentro<\/strong>,\u00a0<\/span><span style=\"line-height: 1.21em;\">gan\u00f3 el primer premio <\/span><span style=\"line-height: 1.21em;\">en el rubro <em>Divulgaci\u00f3n cient\u00edfica\u00a0\u00a0e la\u00a0<strong><em>8\u00ba edici\u00f3n del Premio U.B.A al periodismo educativo<\/em>\u00a0y cultural .<\/strong><\/em><\/span><\/p>\n<p>El<strong> Premio UBA\u00a0<\/strong>a la divulgaci\u00f3n de contenidos educativos para el periodismo nacional busca reconocer y estimular el desempe\u00f1o period\u00edstico en la difusi\u00f3n de contenidos de divulgaci\u00f3n cient\u00edfica y cultural que ayudan a construir una sociedad m\u00e1s justa.<\/p>\n<p><span style=\"line-height: 1.21em;\">Durante el certamen, se evaluaron 90 trabajos presentados por periodistas de diferentes medios de comunicaci\u00f3n gr\u00e1fica, radiof\u00f3nica, televisiva, digital y agencias de todo el pa\u00eds. El jurado estuvo integrado por reconocidos especialistas en materia de Educaci\u00f3n y Periodismo.<\/span><\/p>\n<p>El d\u00eda mi\u00e9rcoles 17 de diciembre de 2014 se llevar\u00e1 a cabo la entrega de premios en el Centro Cultural Ricardo Rojas en la Ciudad Aut\u00f3noma de Buenos Aires.<\/p>\n<p><span style=\"line-height: 1.21em;\">Cabe destacar que este mismo programa de TV,\u00a0<em><strong>En su justa medida<\/strong><\/em> fue nominado recientemente,\u00a0<\/span><span style=\"line-height: 1.21em;\">para los Premios\u00a0<\/span><strong style=\"line-height: 1.21em;\">FYMTY<\/strong><span style=\"line-height: 1.21em;\">\u00a0(Festival y Mercado de Televisi\u00f3n Internacional) en la categor\u00eda \u201cMejor documental\u201d, sumando as\u00ed m\u00e1s logros en su recorrido.<\/span><\/p>\n<p><strong>Acerca del programa televisivo\u00a0<em>En su justa medida<\/em><\/strong><\/p>\n<p>Se trata de un ciclo televisivo que \u00a0expone\u00a0diversos aspectos acerca de la Metrolog\u00eda.\u00a0Se abordan all\u00ed tem\u00e1ticas referidas a las magnitudes y las unidades de medidas b\u00e1sicas; su historia; curiosidades; aspectos legales y econ\u00f3micos y su impacto en la vida cotidiana de las personas.<\/p>\n<p>La serie cuenta\u00a0con una participaci\u00f3n activa del\u00a0<strong>INTI<\/strong>\u00a0en la elaboraci\u00f3n de los contenidos.<\/p>\n<p>En la p\u00e1gina web del Canal Encuentro se pueden ver los diferentes cap\u00edtulos de\u00a0<strong><em>En su justa medida.<\/em><\/strong><\/p>\n<p><a title=\"Mir\u00e1 su avance\" href=\"https:\/\/www.youtube.com\/watch?v=3iplNc3v3Rw\">Mir\u00e1 su avance<\/a><\/p>\n<p><strong style=\"line-height: 1.21em;\"><span style=\"line-height: 1.21em;\">Enlaces de inter\u00e9s<\/span><\/strong><\/p>\n<p><a href=\"http:\/\/www.uba.ar\/institucional\/contenidos.php?id=192\">Acerca de los Premios U.B.A &#8211; Institucional<\/a><\/p>\n<p><a href=\"http:\/\/www.uba.ar\/comunicacion\/noticia.php?id=3947\">Premios U.B.A &#8211; 8\u00ba edici\u00f3n &#8211; Acto de Premiaci\u00f3n<\/a><\/p>\n<p><a href=\"http:\/\/www.encuentro.gov.ar\/sitios\/encuentro\/programas\/ver?rec_id=122509\">Canal Encuentro<\/a><\/p>\n<p><a style=\"line-height: 1.21em;\" title=\"Educ.ar\" href=\"http:\/\/www.educ.ar\/\">Educ.ar<\/a><\/p>\n<p><a title=\"INTI\" href=\"http:\/\/www.inti.gob.ar\/\">INTI<\/a><\/p>\n","protected":false},"excerpt":{"rendered":"<p>La serie de televisi\u00f3n\u00a0En su justa medida, coproducida en conjunto entre\u00a0el\u00a0INET\u00a0(Instituto Nacional de Educaci\u00f3n T\u00e9cnol\u00f3gica)\u00a0y Educ.ar, \u00a0y transmitida por el Canal Encuentro,\u00a0gan\u00f3 el primer premio en el rubro Divulgaci\u00f3n cient\u00edfica\u00a0\u00a0e la\u00a08\u00ba edici\u00f3n del Premio U.B.A al periodismo educativo\u00a0y cultural . El Premio UBA\u00a0a la divulgaci\u00f3n de contenidos educativos para el periodismo nacional busca reconocer y [&hellip;]<\/p>\n","protected":false},"author":3,"featured_media":0,"comment_status":"closed","ping_status":"open","sticky":false,"template":"","format":"standard","meta":{"footnotes":""},"categories":[1],"tags":[],"class_list":["post-5800","post","type-post","status-publish","format-standard","hentry","category-noticias"],"_links":{"self":[{"href":"https:\/\/www.inet.edu.ar\/index.php\/wp-json\/wp\/v2\/posts\/5800","targetHints":{"allow":["GET"]}}],"collection":[{"href":"https:\/\/www.inet.edu.ar\/index.php\/wp-json\/wp\/v2\/posts"}],"about":[{"href":"https:\/\/www.inet.edu.ar\/index.php\/wp-json\/wp\/v2\/types\/post"}],"author":[{"embeddable":true,"href":"https:\/\/www.inet.edu.ar\/index.php\/wp-json\/wp\/v2\/users\/3"}],"replies":[{"embeddable":true,"href":"https:\/\/www.inet.edu.ar\/index.php\/wp-json\/wp\/v2\/comments?post=5800"}],"version-history":[{"count":27,"href":"https:\/\/www.inet.edu.ar\/index.php\/wp-json\/wp\/v2\/posts\/5800\/revisions"}],"predecessor-version":[{"id":5812,"href":"https:\/\/www.inet.edu.ar\/index.php\/wp-json\/wp\/v2\/posts\/5800\/revisions\/5812"}],"wp:attachment":[{"href":"https:\/\/www.inet.edu.ar\/index.php\/wp-json\/wp\/v2\/media?parent=5800"}],"wp:term":[{"taxonomy":"category","embeddable":true,"href":"https:\/\/www.inet.edu.ar\/index.php\/wp-json\/wp\/v2\/categories?post=5800"},{"taxonomy":"post_tag","embeddable":true,"href":"https:\/\/www.inet.edu.ar\/index.php\/wp-json\/wp\/v2\/tags?post=5800"}],"curies":[{"name":"wp","href":"https:\/\/api.w.org\/{rel}","templated":true}]}}