{"id":5804,"date":"2014-11-21T18:09:25","date_gmt":"2014-11-21T21:09:25","guid":{"rendered":"https:\/\/www.inet.edu.ar\/?p=5804"},"modified":"2014-11-24T11:30:01","modified_gmt":"2014-11-24T14:30:01","slug":"las-olimpiadas-nacionales-de-contenidos-educativos-fueron-distinguidas-por-el-honorable-senado-de-la-nacion","status":"publish","type":"post","link":"https:\/\/www.inet.edu.ar\/index.php\/las-olimpiadas-nacionales-de-contenidos-educativos-fueron-distinguidas-por-el-honorable-senado-de-la-nacion\/","title":{"rendered":"Las Ol\u00edmpiadas Nacionales de Contenidos Educativos en Internet fueron distinguidas por el Honorable Senado de la Naci\u00f3n"},"content":{"rendered":"<p><span style=\"line-height: 1.21em;\"><a href=\"https:\/\/www.inet.edu.ar\/wp-content\/uploads\/2014\/11\/olimpiadas-nacionales-de-contenidos-de-internet.jpg\"><img loading=\"lazy\" decoding=\"async\" class=\"alignleft size-thumbnail wp-image-5805\" title=\"olimpiadas-nacionales-de-contenidos-de-internet\" src=\"https:\/\/www.inet.edu.ar\/wp-content\/uploads\/2014\/11\/olimpiadas-nacionales-de-contenidos-de-internet-139x100.jpg\" alt=\"\" width=\"139\" height=\"100\" \/><\/a>El Honorable Senado de la Naci\u00f3n declar\u00f3 a la XVI edici\u00f3n del certamen <\/span><em>Olimpiadas Nacionales de Contenidos Educativos en Internet<\/em><span style=\"line-height: 1.21em;\">\u00a0de Inter\u00e9s parlamentario.<\/span><\/p>\n<p><span style=\"line-height: 1.21em;\">Organizado anualmente por el\u00a0<\/span>Instituto Nacional de Educaci\u00f3n Tecnol\u00f3gica<span style=\"line-height: 1.21em;\">\u00a0(INET), este certamen se desarrolla desde 1996, promoviendo la producci\u00f3n de contenidos educativos en castellano, aptos para ser difundidos por Internet, e intensificando la presencia de nuestro pa\u00eds en la Comunidad Internacional de estos contenidos.<\/span><\/p>\n<p><span style=\"line-height: 1.21em;\">Las\u00a0<\/span><em>Olimp\u00edadas Nacionales de Contenidos Educativos en Internet<strong style=\"line-height: 1.21em;\">, c<\/strong><\/em><span style=\"line-height: 1.21em;\">onsideradas como uno de\u00a0los mayores cert\u00e1menes de generaci\u00f3n de contenidos de habla hispana, tienen como objetivo estimular la participaci\u00f3n de estudiantes y docentes en proyectos conjuntos para desarrollar propuestas educativas innovadoras, promoviendo las nuevas tecnolog\u00edas de la Informaci\u00f3n y la Comunicaci\u00f3n. \u00a0 \u00a0 \u00a0 \u00a0 \u00a0 \u00a0 \u00a0 \u00a0 \u00a0 \u00a0 \u00a0 \u00a0 \u00a0 \u00a0 \u00a0 \u00a0 \u00a0 \u00a0 \u00a0 \u00a0 \u00a0 \u00a0<\/span><\/p>\n<p><span style=\"line-height: 1.21em;\">Asimismo, a trav\u00e9s de esta experiencia, los educadores son capacitados como agentes impulsores del uso de herramientas inform\u00e1ticas en sus pr\u00e1cticas educativas.<\/span><\/p>\n<p><strong><span style=\"line-height: 1.21em;\">Novedades del certamen<\/span><\/strong><\/p>\n<p><span style=\"line-height: 1.21em;\">Actualmente, las\u00a0<\/span><em style=\"line-height: 1.21em;\">Olimpiadas Nacionales de Contenidos Educativos en Internet<\/em><strong style=\"line-height: 1.21em;\">\u00a0<\/strong><span style=\"line-height: 1.21em;\">cuentan con<\/span><strong style=\"line-height: 1.21em;\">\u00a0<\/strong><span style=\"line-height: 1.21em;\">m\u00e1s de setenta equipos inscriptos.\u00a0<\/span><\/p>\n<p>Durante el mes de diciembre de 2014, se recibir\u00e1n los trabajos terminados que participan en la presente edici\u00f3n.<\/p>\n<p>En la p\u00e1gina web del certamen se podr\u00e1 apreciar cu\u00e1les son los trabajos ya publicados e informarse acerca de c\u00f3mo participar en las siguientes ediciones.<\/p>\n<p>&nbsp;<\/p>\n<p><strong style=\"line-height: 1.21em;\">Para m\u00e1s informaci\u00f3n:<\/strong><\/p>\n<p><a href=\"http:\/\/oni.escuelas.edu.ar\/\" target=\"_blank\">http:\/\/oni.escuelas.edu.ar\/<\/a><\/p>\n<p><strong><span style=\"line-height: 1.21em;\">Enlaces de inter\u00e9s:<\/span><\/strong><\/p>\n<p><a href=\"https:\/\/www.inet.edu.ar\/noticias\/el-ministro-de-educacion-participo-de-la-finalizacion-de-las-olimpiadas-nacionales-de-contenidos-educativos-en-internet-2013-en-la-sede-del-inet\/\" target=\"_blank\">El Ministro de Educaci\u00f3n de la Naci\u00f3n particip\u00f3 del \u00a0cierre de las <em>Olimpiadas Nacionales de Contenidos Educativos en Internet\u00a0<\/em>2013<\/a><\/p>\n<h1><\/h1>\n","protected":false},"excerpt":{"rendered":"<p>El Honorable Senado de la Naci\u00f3n declar\u00f3 a la XVI edici\u00f3n del certamen Olimpiadas Nacionales de Contenidos Educativos en Internet\u00a0de Inter\u00e9s parlamentario. Organizado anualmente por el\u00a0Instituto Nacional de Educaci\u00f3n Tecnol\u00f3gica\u00a0(INET), este certamen se desarrolla desde 1996, promoviendo la producci\u00f3n de contenidos educativos en castellano, aptos para ser difundidos por Internet, e intensificando la presencia de [&hellip;]<\/p>\n","protected":false},"author":3,"featured_media":0,"comment_status":"closed","ping_status":"open","sticky":false,"template":"","format":"standard","meta":{"footnotes":""},"categories":[1],"tags":[],"class_list":["post-5804","post","type-post","status-publish","format-standard","hentry","category-noticias"],"_links":{"self":[{"href":"https:\/\/www.inet.edu.ar\/index.php\/wp-json\/wp\/v2\/posts\/5804","targetHints":{"allow":["GET"]}}],"collection":[{"href":"https:\/\/www.inet.edu.ar\/index.php\/wp-json\/wp\/v2\/posts"}],"about":[{"href":"https:\/\/www.inet.edu.ar\/index.php\/wp-json\/wp\/v2\/types\/post"}],"author":[{"embeddable":true,"href":"https:\/\/www.inet.edu.ar\/index.php\/wp-json\/wp\/v2\/users\/3"}],"replies":[{"embeddable":true,"href":"https:\/\/www.inet.edu.ar\/index.php\/wp-json\/wp\/v2\/comments?post=5804"}],"version-history":[{"count":11,"href":"https:\/\/www.inet.edu.ar\/index.php\/wp-json\/wp\/v2\/posts\/5804\/revisions"}],"predecessor-version":[{"id":5808,"href":"https:\/\/www.inet.edu.ar\/index.php\/wp-json\/wp\/v2\/posts\/5804\/revisions\/5808"}],"wp:attachment":[{"href":"https:\/\/www.inet.edu.ar\/index.php\/wp-json\/wp\/v2\/media?parent=5804"}],"wp:term":[{"taxonomy":"category","embeddable":true,"href":"https:\/\/www.inet.edu.ar\/index.php\/wp-json\/wp\/v2\/categories?post=5804"},{"taxonomy":"post_tag","embeddable":true,"href":"https:\/\/www.inet.edu.ar\/index.php\/wp-json\/wp\/v2\/tags?post=5804"}],"curies":[{"name":"wp","href":"https:\/\/api.w.org\/{rel}","templated":true}]}}