{"id":5872,"date":"2014-11-28T14:31:55","date_gmt":"2014-11-28T17:31:55","guid":{"rendered":"https:\/\/www.inet.edu.ar\/?p=5872"},"modified":"2014-11-28T14:33:44","modified_gmt":"2014-11-28T17:33:44","slug":"el-director-ejecutivo-del-inet-participara-del-1er-congreso-provincial-de-educacion-trabajo-e-inclusion-y-del-ii-encuentro-provincial-de-escuelas-tecnicas-en-chubut","status":"publish","type":"post","link":"https:\/\/www.inet.edu.ar\/index.php\/el-director-ejecutivo-del-inet-participara-del-1er-congreso-provincial-de-educacion-trabajo-e-inclusion-y-del-ii-encuentro-provincial-de-escuelas-tecnicas-en-chubut\/","title":{"rendered":"El Director Ejecutivo del INET participar\u00e1 del \u00ab1er Congreso Provincial de Educaci\u00f3n, Trabajo e Inclusi\u00f3n\u00bb y del \u201cII Encuentro Provincial de Escuelas T\u00e9cnicas\u201d en Chubut"},"content":{"rendered":"<p align=\"center\"><em><br \/>\n<a href=\"https:\/\/www.inet.edu.ar\/noticias\/el-director-ejecutivo-del-inet-participara-del-1er-congreso-provincial-de-educacion-trabajo-e-inclusion-y-del-ii-encuentro-provincial-de-escuelas-tecnicas-en-chubut\/attachment\/1er-congreso-provincial-de-educacion-trabajo-e-inclusion-en-chubut-9\/\" rel=\"attachment wp-att-5889\"><img loading=\"lazy\" decoding=\"async\" class=\"alignleft size-thumbnail wp-image-5889\" title=\"1er Congreso Provincial de Educacion, Trabajo e Inclusion en Chubut\" src=\"https:\/\/www.inet.edu.ar\/wp-content\/uploads\/2014\/11\/1er-Congreso-Provincial-de-Educacion-Trabajo-e-Inclusion-en-Chubut8-150x100.png\" alt=\"\" width=\"150\" height=\"100\" \/><\/a>En el marco de estos encuentros,\u00a0la provincia recibir\u00e1 dos Aulas Talleres M\u00f3viles<\/em><\/p>\n<p>El viernes 28 de noviembre de 2014, en un acto presidido por el Ministro de Educaci\u00f3n provincial, <strong>Lic. Rub\u00e9n Z\u00e1rate<\/strong>, y el Director Ejecutivo del Instituto Nacional de Educaci\u00f3n Tecnol\u00f3gica (INET), <strong>Prof. Eduardo Aragundi<\/strong>, se realizar\u00e1 la apertura del \u00abPrimer Congreso Provincial de Educaci\u00f3n, Trabajo e Inclusi\u00f3n\u00bb, en la ciudad de Comodoro Rivadavia.<\/p>\n<p><span style=\"line-height: 1.21em; font-size: 12.222222328186px;\">Asistir\u00e1n al Acto autoridades educativas nacionales y provinciales junto a equipos de directores de instituciones educativas, docentes, y estudiantes.<\/span><\/p>\n<p><span style=\"line-height: 1.21em; font-size: 12.222222328186px;\">El <\/span><strong style=\"line-height: 1.21em; font-size: 12.222222328186px;\">Prof. Aragundi<\/strong><span style=\"line-height: 1.21em; font-size: 12.222222328186px;\"> disertar\u00e1 luego como orador principal en el \u201cII Encuentro Provincial de Escuelas T\u00e9cnicas\u00bb, que tambi\u00e9n tendr\u00e1 sede en la provincia mientras dura el Congreso.<\/span><\/p>\n<p><span style=\"line-height: 1.21em; font-size: 12.222222328186px;\">En ese contexto, la provincia recibir\u00e1 del Ministerio de Educaci\u00f3n de la Naci\u00f3n, a trav\u00e9s del INET, sus dos primeras Aulas Talleres M\u00f3viles de las especialidades \u00abInform\u00e1tica, Redes y Reparaci\u00f3n de PC\u00bb e \u00abInstalaciones domiciliarias\u00bb. En una segunda etapa, se entregar\u00e1n cuatro unidades m\u00f3viles m\u00e1s, con el fin de mejorar las condiciones de acceso, permanencia y egreso de los estudiantes de la Educaci\u00f3n T\u00e9cnico Profesional: pilar insustituible para un pa\u00eds que apuesta al desarrollo econ\u00f3mico e industrial con mayores niveles de equidad social.<\/span><\/p>\n<p>&nbsp;<\/p>\n<p><strong>La Educaci\u00f3n T\u00e9cnico Profesional en la provincia de Chubut<\/strong><\/p>\n<p><span style=\"line-height: 1.21em; font-size: 12.222222328186px;\">El \u201cII Encuentro Provincial de Escuelas T\u00e9cnicas\u201d, con sede en la Universidad Nacional de la Patagonia \u00abSan Juan Bosco\u00bb en la ciudad de Comodoro Rivadavia, tiene como objetivo crear un espacio de reflexi\u00f3n, con talleres y paneles, acerca de la realidad de la Educaci\u00f3n T\u00e9cnico Profesional en la provincia y el mundo productivo.<\/span><\/p>\n<p><span style=\"line-height: 1.21em; font-size: 12.222222328186px;\">Participar\u00e1n del evento el Director de Educaci\u00f3n T\u00e9cnica del Ministerio de Educaci\u00f3n provincial, Prof. Marcelo Gallichio, junto a la Secretaria General de ATE Chubut, Estefan\u00eda Aguirre, entre otras autoridades de la asociaci\u00f3n. Acompa\u00f1ar\u00e1n autoridades educativas de todos los niveles de la Educaci\u00f3n T\u00e9cnica Profesional de las instituciones educativas locales. Estar\u00e1n presentes representantes de las 27 escuelas t\u00e9cnicas de la provincia.<\/span><\/p>\n<p><span style=\"line-height: 1.21em; font-size: 12.222222328186px;\">Junto a ellos asistir\u00e1n miembros de organismos gubernamentales provinciales, nacionales y organizaciones de la sociedad civil vinculadas a la Educaci\u00f3n T\u00e9cnica, investigadores, supervisores, empresarios de PYMES, y miembros de las C\u00e1maras de la Industria y Comercio de las ciudades de Puerto Madryn, Trelew, Esquel y Comodoro Rivadavia.<\/span><\/p>\n<p><span style=\"line-height: 1.21em; font-size: 12.222222328186px;\">El evento fue organizado por la Asociaci\u00f3n de Trabajadores de la Educaci\u00f3n de Chubut (ATECh) y la Comisi\u00f3n de Educaci\u00f3n T\u00e9cnica de la ATECh Regional ESTE, con respaldo del Ministerio de Educaci\u00f3n de la Naci\u00f3n a trav\u00e9s del INET y el Ministerio de Educaci\u00f3n de la provincia de Chubut.<\/span><\/p>\n<p>&nbsp;<\/p>\n<p><strong>Enlaces relacionados<\/strong><\/p>\n<p><a title=\"Portal del Ministerio de Educaci\u00f3n de Chubut\" href=\"http:\/\/www.chubut.edu.ar\/chubut\/?p=25373\" target=\"_blank\"><span style=\"line-height: 1.21em; font-size: 12.222222328186px;\">\u201cPrimer Congreso Provincial de Educaci\u00f3n, Trabajo e Inclusi\u00f3n\u201d: portal del Ministerio de Educaci\u00f3n de la provincia de Chubut<\/span><\/a><\/p>\n<p><a title=\"ATE Chubut\" href=\"http:\/\/www.atechchubut.org\/encuentro\/\" target=\"_blank\"><span style=\"line-height: 1.21em; font-size: 12.222222328186px;\">\u201cII Encuentro Provincial de Educaci\u00f3n T\u00e9cnica de Chubut\u201d<\/span><\/a><\/p>\n<p><a style=\"line-height: 1.21em; font-size: 12.222222328186px;\" title=\"RED ATM\" href=\"http:\/\/redatm.inet.edu.ar\/\" target=\"_blank\">RED ATM<\/a><\/p>\n<p><a title=\"P\u00e1gina web del INET\" href=\"https:\/\/www.inet.edu.ar\/politicas-y-programas\/programa-federal-de-aulas-tecnicas-moviles\/\" target=\"_blank\"><span style=\"line-height: 1.21em; font-size: 12.222222328186px;\">WEB INET<\/span><\/a><\/p>\n<p>&nbsp;<\/p>\n<p>&nbsp;<\/p>\n<p>&nbsp;<\/p>\n<p>&nbsp;<\/p>\n","protected":false},"excerpt":{"rendered":"<p>En el marco de estos encuentros,\u00a0la provincia recibir\u00e1 dos Aulas Talleres M\u00f3viles El viernes 28 de noviembre de 2014, en un acto presidido por el Ministro de Educaci\u00f3n provincial, Lic. Rub\u00e9n Z\u00e1rate, y el Director Ejecutivo del Instituto Nacional de Educaci\u00f3n Tecnol\u00f3gica (INET), Prof. Eduardo Aragundi, se realizar\u00e1 la apertura del \u00abPrimer Congreso Provincial de [&hellip;]<\/p>\n","protected":false},"author":7,"featured_media":0,"comment_status":"closed","ping_status":"open","sticky":false,"template":"","format":"standard","meta":{"footnotes":""},"categories":[1],"tags":[],"class_list":["post-5872","post","type-post","status-publish","format-standard","hentry","category-noticias"],"_links":{"self":[{"href":"https:\/\/www.inet.edu.ar\/index.php\/wp-json\/wp\/v2\/posts\/5872","targetHints":{"allow":["GET"]}}],"collection":[{"href":"https:\/\/www.inet.edu.ar\/index.php\/wp-json\/wp\/v2\/posts"}],"about":[{"href":"https:\/\/www.inet.edu.ar\/index.php\/wp-json\/wp\/v2\/types\/post"}],"author":[{"embeddable":true,"href":"https:\/\/www.inet.edu.ar\/index.php\/wp-json\/wp\/v2\/users\/7"}],"replies":[{"embeddable":true,"href":"https:\/\/www.inet.edu.ar\/index.php\/wp-json\/wp\/v2\/comments?post=5872"}],"version-history":[{"count":9,"href":"https:\/\/www.inet.edu.ar\/index.php\/wp-json\/wp\/v2\/posts\/5872\/revisions"}],"predecessor-version":[{"id":5887,"href":"https:\/\/www.inet.edu.ar\/index.php\/wp-json\/wp\/v2\/posts\/5872\/revisions\/5887"}],"wp:attachment":[{"href":"https:\/\/www.inet.edu.ar\/index.php\/wp-json\/wp\/v2\/media?parent=5872"}],"wp:term":[{"taxonomy":"category","embeddable":true,"href":"https:\/\/www.inet.edu.ar\/index.php\/wp-json\/wp\/v2\/categories?post=5872"},{"taxonomy":"post_tag","embeddable":true,"href":"https:\/\/www.inet.edu.ar\/index.php\/wp-json\/wp\/v2\/tags?post=5872"}],"curies":[{"name":"wp","href":"https:\/\/api.w.org\/{rel}","templated":true}]}}