{"id":7211,"date":"2015-05-14T16:38:10","date_gmt":"2015-05-14T19:38:10","guid":{"rendered":"https:\/\/www.inet.edu.ar\/?p=7211"},"modified":"2015-05-14T16:38:57","modified_gmt":"2015-05-14T19:38:57","slug":"se-realizaron-jornadas-de-capacitacion-por-los-derechos-y-la-inclusion-en-la-educacion-tecnico-profesional-en-la-provincia-de-entre-rios","status":"publish","type":"post","link":"https:\/\/www.inet.edu.ar\/index.php\/se-realizaron-jornadas-de-capacitacion-por-los-derechos-y-la-inclusion-en-la-educacion-tecnico-profesional-en-la-provincia-de-entre-rios\/","title":{"rendered":"Se realizaron Jornadas de capacitaci\u00f3n por los derechos y la inclusi\u00f3n en la Educaci\u00f3n T\u00e9cnico Profesional en la provincia de Entre R\u00edos"},"content":{"rendered":"<p align=\"center\"><em><a href=\"https:\/\/www.inet.edu.ar\/wp-content\/uploads\/2015\/05\/PrETIS-en-Jornadas-de-capacitacion-en-la-provincia-de-Entre-Rios.jpg\"><img loading=\"lazy\" decoding=\"async\" class=\"alignleft size-thumbnail wp-image-7213\" title=\"PrETIS en Jornadas de capacitacion en la provincia de Entre Rios\" src=\"https:\/\/www.inet.edu.ar\/wp-content\/uploads\/2015\/05\/PrETIS-en-Jornadas-de-capacitacion-en-la-provincia-de-Entre-Rios-150x100.jpg\" alt=\"\" width=\"150\" height=\"100\" \/><\/a>En el marco del Programa Productivo, Tecnol\u00f3gico y Social INTI-INET-CONADIS-INADI<\/em><\/p>\n<p>&nbsp;<\/p>\n<p>El jueves 14 de mayo de 2015, el Programa Educaci\u00f3n para el Trabajo y la Inclusi\u00f3n Social (PrETIS) del Instituto Nacional de Educaci\u00f3n Tecnol\u00f3gica (INET) realiz\u00f3, junto con el Instituto Nacional contra la Discriminaci\u00f3n, la Xenofobia y el Racismo (INADI), una capacitaci\u00f3n por los derechos y la inclusi\u00f3n en la Educaci\u00f3n T\u00e9cnico Profesional en el Sal\u00f3n Coliseo de la ciudad de Paran\u00e1.<\/p>\n<p><span style=\"line-height: 1.21em; font-size: 12.1599998474121px;\">Estuvieron presentes la Presidenta del Consejo General de Educaci\u00f3n de Entre R\u00edos, Lic. Claudia Vallori, junto al Director de Educaci\u00f3n T\u00e9cnico Profesional, Prof. Humberto J. Jos\u00e9, y representantes del equipo PrETIS del INET, de las delegaciones provinciales del INADI, del Instituto Provincial de\u00a0 Discapacidad (IPRODI), y del Instituto Nacional de Tecnolog\u00eda Industrial (INTI).<\/span><\/p>\n<p><span style=\"line-height: 1.21em; font-size: 12.1599998474121px;\">Con el prop\u00f3sito de dar continuidad a los objetivos de Inclusi\u00f3n previstos en el Programa Productivo, Tecnol\u00f3gico y Social, se desarrollar\u00e1n talleres participativos, a cargo de delegados de INADI, para el abordaje, visibilizaci\u00f3n y tratamiento de temas relacionados a conceptualizaciones de racismo, xenofobia y discriminaci\u00f3n; al rol de la escuela; a actitudes sociales frente a las personas con discapacidad; a la Convenci\u00f3n sobre los Derechos de las Personas con Discapacidad; y a los avances en pol\u00edticas antidiscriminatorias y de inclusi\u00f3n; entre otros. Asimismo, autoridades del INET presentar\u00e1n el Proyecto Tecnolog\u00edas para la Discapacidad.<\/span><\/p>\n<p><span style=\"line-height: 1.21em; font-size: 12.1599998474121px;\">Estas jornadas son parte de la agenda de capacitaciones del PrETIS que se est\u00e1n realizando en todo el pa\u00eds.<\/span><\/p>\n<p>&nbsp;<\/p>\n<p><strong>Acerca del INET y del PrETIS<\/strong><\/p>\n<p>El <strong>INET<\/strong> es el organismo del Ministerio de Educaci\u00f3n de la Naci\u00f3n que tiene a su cargo la coordinaci\u00f3n de la aplicaci\u00f3n de las pol\u00edticas p\u00fablicas relativas al desarrollo y fortalecimiento de la Educaci\u00f3n T\u00e9cnico Profesional en los niveles Secundario T\u00e9cnico, Superior T\u00e9cnico y de Formaci\u00f3n Profesional. El <strong>PrETIS<\/strong> (Programa de Educaci\u00f3n para el trabajo y la Inclusi\u00f3n Social) se ocupa de fortalecer las acciones destinadas hacia las poblaciones m\u00e1s vulneradas, en este caso, las personas con discapacidad, tanto en favorecer el ejercicio de sus derechos accediendo a los dispositivos tecnol\u00f3gicos como propiciando las condiciones para una Educaci\u00f3n Inclusiva.<\/p>\n<p>&nbsp;<\/p>\n<p><strong>Repercusiones de prensa<\/strong><\/p>\n<p>Direcci\u00f3n de Educaci\u00f3n T\u00e9cnico Profesional del Consejo General de Educaci\u00f3n\u00a0de la provincia de Entre R\u00edos:<\/p>\n<p><a href=\"http:\/\/www.entrerios.gov.ar\/CGE\/2010\/tecnica\/2015\/05\/14\/jornada-de-capacitacion-por-los-derechos-y-la-inclusion-en-educacion-tecnico-profesional-de-la-provincia-de-entre-rios\/\" target=\"_blank\">http:\/\/www.entrerios.gov.ar\/CGE\/2010\/tecnica\/2015\/05\/14\/jornada-de-capacitacion-por-los-derechos-y-la-inclusion-en-educacion-tecnico-profesional-de-la-provincia-de-entre-rios\/<\/a><\/p>\n<p>&nbsp;<\/p>\n<p><strong style=\"line-height: 1.21em; font-size: 12.1599998474121px;\">Enlaces de inter\u00e9s<\/strong><\/p>\n<p><strong style=\"line-height: 1.21em; font-size: 12.1599998474121px;\">PrETIS- INET:<\/strong><span style=\"line-height: 1.21em; font-size: 12.1599998474121px;\">\u00a0<\/span><a style=\"line-height: 1.21em; font-size: 12.1599998474121px;\" href=\"https:\/\/www.inet.edu.ar\/pretis\/\" target=\"_blank\">https:\/\/www.inet.edu.ar\/pretis\/<\/a><\/p>\n<p><strong>Web PrETIS:<\/strong>\u00a0<a href=\"http:\/\/curriform.me.gov.ar\/pretis\/\" target=\"_blank\">http:\/\/curriform.me.gov.ar\/pretis\/<\/a><\/p>\n<p><strong>Direcci\u00f3n de la Modalidad\u00a0 Educaci\u00f3n Especial del Ministerio de Educaci\u00f3n de la Naci\u00f3n<\/strong>: <a href=\"http:\/\/portal.educacion.gov.ar\/modalidades\/educacion-especial\/\" target=\"_blank\">http:\/\/portal.educacion.gov.ar\/modalidades\/educacion-especial\/<\/a><\/p>\n<p><strong>CONADIS<\/strong>: <a href=\"http:\/\/www.conadis.gov.ar\/\" target=\"_blank\">http:\/\/www.conadis.gov.ar\/<\/a><\/p>\n<p><strong>INTI<\/strong>: <a href=\"http:\/\/www.inti.gob.ar\/\" target=\"_blank\">http:\/\/www.inti.gob.ar\/<\/a><\/p>\n<p><strong>INADI<\/strong>: <a href=\"http:\/\/inadi.gob.ar\/\" target=\"_blank\">http:\/\/inadi.gob.ar\/<\/a><\/p>\n<p>&nbsp;<\/p>\n<p><strong>Galer\u00eda de im\u00e1genes<\/strong><\/p>\n\n\t\t<style type=\"text\/css\">\n\t\t\t#gallery-1 {\n\t\t\t\tmargin: auto;\n\t\t\t}\n\t\t\t#gallery-1 .gallery-item {\n\t\t\t\tfloat: left;\n\t\t\t\tmargin-top: 10px;\n\t\t\t\ttext-align: center;\n\t\t\t\twidth: 50%;\n\t\t\t}\n\t\t\t#gallery-1 img {\n\t\t\t\tborder: 2px solid #cfcfcf;\n\t\t\t}\n\t\t\t#gallery-1 .gallery-caption {\n\t\t\t\tmargin-left: 0;\n\t\t\t}\n\t\t\t\/* see gallery_shortcode() in wp-includes\/media.php *\/\n\t\t<\/style>\n\t\t<div id='gallery-1' class='gallery galleryid-7211 gallery-columns-2 gallery-size-thumbnail'><dl class='gallery-item'>\n\t\t\t<dt class='gallery-icon landscape'>\n\t\t\t\t<a href='https:\/\/www.inet.edu.ar\/index.php\/se-realizaron-jornadas-de-capacitacion-por-los-derechos-y-la-inclusion-en-la-educacion-tecnico-profesional-en-la-provincia-de-entre-rios\/pretis-en-jornadas-de-capacitacion-en-entre-rios\/#main'><img loading=\"lazy\" decoding=\"async\" width=\"150\" height=\"100\" src=\"https:\/\/www.inet.edu.ar\/wp-content\/uploads\/2015\/05\/PrETIS-en-Jornadas-de-capacitacion-en-Entre-Rios-150x100.jpg\" class=\"attachment-thumbnail size-thumbnail\" alt=\"\" \/><\/a>\n\t\t\t<\/dt><\/dl><dl class='gallery-item'>\n\t\t\t<dt class='gallery-icon landscape'>\n\t\t\t\t<a href='https:\/\/www.inet.edu.ar\/index.php\/se-realizaron-jornadas-de-capacitacion-por-los-derechos-y-la-inclusion-en-la-educacion-tecnico-profesional-en-la-provincia-de-entre-rios\/pretis-en-jornadas-de-capacitacion-en-la-provincia-de-entre-rios\/#main'><img loading=\"lazy\" decoding=\"async\" width=\"150\" height=\"100\" src=\"https:\/\/www.inet.edu.ar\/wp-content\/uploads\/2015\/05\/PrETIS-en-Jornadas-de-capacitacion-en-la-provincia-de-Entre-Rios-150x100.jpg\" class=\"attachment-thumbnail size-thumbnail\" alt=\"\" \/><\/a>\n\t\t\t<\/dt><\/dl><br style=\"clear: both\" \/>\n\t\t<\/div>\n\n<p>&nbsp;<\/p>\n<p>&nbsp;<\/p>\n","protected":false},"excerpt":{"rendered":"<p>En el marco del Programa Productivo, Tecnol\u00f3gico y Social INTI-INET-CONADIS-INADI &nbsp; El jueves 14 de mayo de 2015, el Programa Educaci\u00f3n para el Trabajo y la Inclusi\u00f3n Social (PrETIS) del Instituto Nacional de Educaci\u00f3n Tecnol\u00f3gica (INET) realiz\u00f3, junto con el Instituto Nacional contra la Discriminaci\u00f3n, la Xenofobia y el Racismo (INADI), una capacitaci\u00f3n por los [&hellip;]<\/p>\n","protected":false},"author":7,"featured_media":7213,"comment_status":"closed","ping_status":"open","sticky":false,"template":"","format":"standard","meta":{"footnotes":""},"categories":[1],"tags":[],"class_list":["post-7211","post","type-post","status-publish","format-standard","has-post-thumbnail","hentry","category-noticias"],"_links":{"self":[{"href":"https:\/\/www.inet.edu.ar\/index.php\/wp-json\/wp\/v2\/posts\/7211","targetHints":{"allow":["GET"]}}],"collection":[{"href":"https:\/\/www.inet.edu.ar\/index.php\/wp-json\/wp\/v2\/posts"}],"about":[{"href":"https:\/\/www.inet.edu.ar\/index.php\/wp-json\/wp\/v2\/types\/post"}],"author":[{"embeddable":true,"href":"https:\/\/www.inet.edu.ar\/index.php\/wp-json\/wp\/v2\/users\/7"}],"replies":[{"embeddable":true,"href":"https:\/\/www.inet.edu.ar\/index.php\/wp-json\/wp\/v2\/comments?post=7211"}],"version-history":[{"count":3,"href":"https:\/\/www.inet.edu.ar\/index.php\/wp-json\/wp\/v2\/posts\/7211\/revisions"}],"predecessor-version":[{"id":7216,"href":"https:\/\/www.inet.edu.ar\/index.php\/wp-json\/wp\/v2\/posts\/7211\/revisions\/7216"}],"wp:featuredmedia":[{"embeddable":true,"href":"https:\/\/www.inet.edu.ar\/index.php\/wp-json\/wp\/v2\/media\/7213"}],"wp:attachment":[{"href":"https:\/\/www.inet.edu.ar\/index.php\/wp-json\/wp\/v2\/media?parent=7211"}],"wp:term":[{"taxonomy":"category","embeddable":true,"href":"https:\/\/www.inet.edu.ar\/index.php\/wp-json\/wp\/v2\/categories?post=7211"},{"taxonomy":"post_tag","embeddable":true,"href":"https:\/\/www.inet.edu.ar\/index.php\/wp-json\/wp\/v2\/tags?post=7211"}],"curies":[{"name":"wp","href":"https:\/\/api.w.org\/{rel}","templated":true}]}}