{"id":7293,"date":"2015-05-28T17:19:53","date_gmt":"2015-05-28T20:19:53","guid":{"rendered":"https:\/\/www.inet.edu.ar\/?p=7293"},"modified":"2015-05-28T17:19:53","modified_gmt":"2015-05-28T20:19:53","slug":"la-provincia-de-entre-rios-recibio-capacitacion-para-la-construccion-de-dispositivos-para-personas-con-discapacidad","status":"publish","type":"post","link":"https:\/\/www.inet.edu.ar\/index.php\/la-provincia-de-entre-rios-recibio-capacitacion-para-la-construccion-de-dispositivos-para-personas-con-discapacidad\/","title":{"rendered":"La provincia de Entre R\u00edos recibi\u00f3 capacitaci\u00f3n para la construcci\u00f3n de dispositivos para personas con discapacidad"},"content":{"rendered":"<p align=\"center\"><a href=\"https:\/\/www.inet.edu.ar\/wp-content\/uploads\/2015\/05\/capacitacion-del-PrETIS-en-Entre-Rios.png\"><img loading=\"lazy\" decoding=\"async\" class=\"alignleft size-thumbnail wp-image-7294\" title=\"capacitacion del PrETIS en Entre Rios\" src=\"https:\/\/www.inet.edu.ar\/wp-content\/uploads\/2015\/05\/capacitacion-del-PrETIS-en-Entre-Rios-150x100.png\" alt=\"\" width=\"150\" height=\"100\" \/><\/a>Se organizaron en el marco del Programa Productivo Tecnol\u00f3gico y Social INTI-INET-CONADIS-INADI<\/p>\n<p>Paran\u00e1\u00a0 -27 y 28 de mayo de 2015.<\/p>\n<p>El Ministerio de Educaci\u00f3n de la Naci\u00f3n, a trav\u00e9s del Programa \u00abEducaci\u00f3n para el Trabajo y la Inclusi\u00f3n Social\u00bb (PrETIS) del Instituto Nacional de Educaci\u00f3n Tecnol\u00f3gica (INET), junto al Instituto Nacional de Tecnolog\u00eda Industrial (INTI), realiz\u00f3 jornadas de capacitaci\u00f3n en dispositivos de ayuda t\u00e9cnica para personas con discapacidad: aro magn\u00e9tico y receptor de aro magn\u00e9tico. El evento tuvo sede en la Escuela de Educaci\u00f3n T\u00e9cnica N\u00b0 5 \u00abMalvinas Argentinas\u00bb.<\/p>\n<p>Durante ambos d\u00edas, una delegaci\u00f3n de docentes y estudiantes de Entre R\u00edos, Santa Fe y C\u00f3rdoba compartieron capacitaci\u00f3n t\u00e9cnica y did\u00e1ctico-pedag\u00f3gica para la construcci\u00f3n y ensamblado de dispositivos de ayuda t\u00e9cnica para personas con discapacidad.<\/p>\n<p>La propuesta contempla dar respuesta a las necesidades de las Escuelas de Educaci\u00f3n Especial y las propias demandas de las sedes de los establecimientos de la modalidad T\u00e9cnica con el fin de ser \u201caccesibles\u201d y as\u00ed cumplir con la propuesta de inclusi\u00f3n.<\/p>\n<p>&nbsp;<\/p>\n<p><strong>Acerca del aro magn\u00e9tico<\/strong><\/p>\n<p>El aro magn\u00e9tico, y su receptor, es un amplificador de sonido que permite que personas con hipoacusia puedan escuchar en igualdad de condiciones que el resto.<\/p>\n<p>Dado que el aud\u00edfono que utilizan es de elevado costo, desde ahora las escuelas t\u00e9cnicas tambi\u00e9n construir\u00e1n un receptor muy econ\u00f3mico dise\u00f1ado por el INTI que permitir\u00e1 que los ni\u00f1os y j\u00f3venes con discapacidad auditiva puedan escuchar lo emitido por el Aro magn\u00e9tico.<\/p>\n<p>&nbsp;<\/p>\n<p><strong>Noticias relacionadas<\/strong><\/p>\n<p><a href=\"http:\/\/www.entrerios.gov.ar\/CGE\/2010\/tecnica\/2015\/05\/27\/jornadas-de-capacitacion-en-el-marco-del-programa-productivo-tecnologico-y-social-inti-inet-conadis-inadi\/\" target=\"_blank\"><strong>\u00abJornadas de capacitaci\u00f3n en el marco del Programa Productivo Tecnol\u00f3gico y Social INTI-INET-CONADIS-INADI\u00bb &#8211;\u00a0<\/strong><\/a><span style=\"line-height: 1.21em; font-size: 12.1599998474121px;\"><a href=\"http:\/\/www.entrerios.gov.ar\/CGE\/2010\/tecnica\/2015\/05\/27\/jornadas-de-capacitacion-en-el-marco-del-programa-productivo-tecnologico-y-social-inti-inet-conadis-inadi\/\" target=\"_blank\">Portal de la Direcci\u00f3n de Educaci\u00f3n T\u00e9cnico Profesional del Consejo Gral. de Educaci\u00f3n de Entre R\u00edos<\/a>\u00a0<\/span><\/p>\n<p><span style=\"line-height: 1.21em; font-size: 12.1599998474121px;\">\u00a0<\/span><\/p>\n<p><strong>Enlaces de inter\u00e9s<\/strong><\/p>\n<p><a href=\"http:\/\/curriform.me.gov.ar\/pretis\/\" target=\"_blank\">Web PrETIS<\/a><\/p>\n<p><a href=\"http:\/\/portal.educacion.gov.ar\/modalidades\/educacion-especial\/\" target=\"_blank\">Direcci\u00f3n de la Modalidad Educaci\u00f3n Especial del Ministerio de Educaci\u00f3n de la Naci\u00f3n<\/a><\/p>\n<p><a href=\"http:\/\/www.conadis.gov.ar\/\" target=\"_blank\">CONADIS<\/a><\/p>\n<p><a href=\"http:\/\/www.inti.gob.ar\/\" target=\"_blank\">INTI<\/a><\/p>\n<p><a href=\"http:\/\/inadi.gob.ar\/\" target=\"_blank\">INADI<\/a><\/p>\n<p>&nbsp;<\/p>\n<p><strong>Galer\u00eda de im\u00e1genes<\/strong><\/p>\n<p><strong><\/strong><a href=\"https:\/\/www.inet.edu.ar\/wp-content\/uploads\/2015\/05\/capacitacion-del-PrETIS-en-Entre-Rios-2.png\"><img loading=\"lazy\" decoding=\"async\" class=\"alignleft size-thumbnail wp-image-7295\" title=\"capacitacion del PrETIS en Entre Rios 2\" src=\"https:\/\/www.inet.edu.ar\/wp-content\/uploads\/2015\/05\/capacitacion-del-PrETIS-en-Entre-Rios-2-150x100.png\" alt=\"\" width=\"150\" height=\"100\" \/><\/a><\/p>\n","protected":false},"excerpt":{"rendered":"<p>Se organizaron en el marco del Programa Productivo Tecnol\u00f3gico y Social INTI-INET-CONADIS-INADI Paran\u00e1\u00a0 -27 y 28 de mayo de 2015. El Ministerio de Educaci\u00f3n de la Naci\u00f3n, a trav\u00e9s del Programa \u00abEducaci\u00f3n para el Trabajo y la Inclusi\u00f3n Social\u00bb (PrETIS) del Instituto Nacional de Educaci\u00f3n Tecnol\u00f3gica (INET), junto al Instituto Nacional de Tecnolog\u00eda Industrial (INTI), [&hellip;]<\/p>\n","protected":false},"author":7,"featured_media":7294,"comment_status":"closed","ping_status":"open","sticky":false,"template":"","format":"standard","meta":{"footnotes":""},"categories":[1],"tags":[],"class_list":["post-7293","post","type-post","status-publish","format-standard","has-post-thumbnail","hentry","category-noticias"],"_links":{"self":[{"href":"https:\/\/www.inet.edu.ar\/index.php\/wp-json\/wp\/v2\/posts\/7293","targetHints":{"allow":["GET"]}}],"collection":[{"href":"https:\/\/www.inet.edu.ar\/index.php\/wp-json\/wp\/v2\/posts"}],"about":[{"href":"https:\/\/www.inet.edu.ar\/index.php\/wp-json\/wp\/v2\/types\/post"}],"author":[{"embeddable":true,"href":"https:\/\/www.inet.edu.ar\/index.php\/wp-json\/wp\/v2\/users\/7"}],"replies":[{"embeddable":true,"href":"https:\/\/www.inet.edu.ar\/index.php\/wp-json\/wp\/v2\/comments?post=7293"}],"version-history":[{"count":3,"href":"https:\/\/www.inet.edu.ar\/index.php\/wp-json\/wp\/v2\/posts\/7293\/revisions"}],"predecessor-version":[{"id":7298,"href":"https:\/\/www.inet.edu.ar\/index.php\/wp-json\/wp\/v2\/posts\/7293\/revisions\/7298"}],"wp:featuredmedia":[{"embeddable":true,"href":"https:\/\/www.inet.edu.ar\/index.php\/wp-json\/wp\/v2\/media\/7294"}],"wp:attachment":[{"href":"https:\/\/www.inet.edu.ar\/index.php\/wp-json\/wp\/v2\/media?parent=7293"}],"wp:term":[{"taxonomy":"category","embeddable":true,"href":"https:\/\/www.inet.edu.ar\/index.php\/wp-json\/wp\/v2\/categories?post=7293"},{"taxonomy":"post_tag","embeddable":true,"href":"https:\/\/www.inet.edu.ar\/index.php\/wp-json\/wp\/v2\/tags?post=7293"}],"curies":[{"name":"wp","href":"https:\/\/api.w.org\/{rel}","templated":true}]}}