{"id":7315,"date":"2015-06-01T11:01:05","date_gmt":"2015-06-01T14:01:05","guid":{"rendered":"https:\/\/www.inet.edu.ar\/?p=7315"},"modified":"2015-07-07T16:34:50","modified_gmt":"2015-07-07T19:34:50","slug":"comienzan-las-instancias-regionales-del-iii-encuentro-de-estudiantes-tecnicamente","status":"publish","type":"post","link":"https:\/\/www.inet.edu.ar\/index.php\/comienzan-las-instancias-regionales-del-iii-encuentro-de-estudiantes-tecnicamente\/","title":{"rendered":"Comienzan las instancias regionales del III Encuentro de Estudiantes \u201cT\u00e9cnicaMente\u201d"},"content":{"rendered":"<p style=\"text-align: left;\" align=\"center\"><em style=\"color: #000000; line-height: 1.21em; font-size: 12.1599998474121px;\">Junto a estos encuentros se realizar\u00e1n las celebraciones por los 10 a\u00f1os de la promulgaci\u00f3n de la Ley de Educaci\u00f3n T\u00e9cnico Profesional<\/em><\/p>\n<p><span style=\"color: #000000; line-height: 1.21em; font-size: 12.1599998474121px;\"><a href=\"https:\/\/www.inet.edu.ar\/wp-content\/uploads\/2015\/06\/Logo-T\u00e9cnicamente-2015.jpg\"><img loading=\"lazy\" decoding=\"async\" class=\"alignleft size-thumbnail wp-image-7316\" title=\"Logo-T\u00e9cnicamente-2015\" src=\"https:\/\/www.inet.edu.ar\/wp-content\/uploads\/2015\/06\/Logo-T\u00e9cnicamente-2015-150x100.jpg\" alt=\"\" width=\"150\" height=\"100\" \/><\/a>Durante los meses de junio y julio de 2015, se desarrollar\u00e1 la instancia <\/span><em style=\"color: #000000; line-height: 1.21em; font-size: 12.1599998474121px;\">regional<\/em><span style=\"color: #000000; line-height: 1.21em; font-size: 12.1599998474121px;\"> de la tercera edici\u00f3n del Encuentro \u201cT\u00e9cnicaMente\u201d, en donde se exhibir\u00e1n, en seis sedes jurisdiccionales, trabajos y proyectos innovadores, solidarios y productivos realizados por estudiantes y docentes de los diferentes niveles de la Educaci\u00f3n T\u00e9cnico Profesional a largo del a\u00f1o.<\/span><\/p>\n<p><span style=\"color: #000000; line-height: 1.21em; font-size: 12.1599998474121px;\">Esta exposici\u00f3n es organizada por el Ministerio de Educaci\u00f3n de la Naci\u00f3n, a trav\u00e9s del Instituto Nacional de Educaci\u00f3n Tecnol\u00f3gica (INET), junto a las 24 jurisdicciones del pa\u00eds. En sus dos ediciones anteriores, a\u00f1os 2013 y 2014, el encuentro cont\u00f3 con 1440 participantes en total.<\/span><\/p>\n<p><span style=\"color: #000000; line-height: 1.21em; font-size: 12.1599998474121px;\">El Director Ejecutivo del INET,<\/span><strong style=\"color: #000000; line-height: 1.21em; font-size: 12.1599998474121px;\"> Prof. Eduardo Aragundi,<\/strong><span style=\"color: #000000; line-height: 1.21em; font-size: 12.1599998474121px;\"> manifest\u00f3 la importancia que tiene este encuentro para la modalidad T\u00e9cnica: <\/span><em style=\"color: #000000; line-height: 1.21em; font-size: 12.1599998474121px;\">\u201cValoramos la presentaci\u00f3n de trabajos y proyectos que tan s\u00f3lo son una muestra de lo mucho y bueno que realizan nuestros estudiantes y docentes en las escuelas t\u00e9cnicas del pa\u00eds; tambi\u00e9n apreciamos este tipo de eventos como espacios de encuentros, reflexi\u00f3n y debates francos sobre el presente y el futuro de nuestra Educaci\u00f3n T\u00e9cnico Profesional\u201d. \u00a0<\/em><span style=\"color: #000000; line-height: 1.21em; font-size: 12.1599998474121px;\">En ese sentido agreg\u00f3<\/span><em style=\"color: #000000; line-height: 1.21em; font-size: 12.1599998474121px;\">: \u201cAl igual que otros encuentros que se llevan a cabo desde el Ministerio de Educaci\u00f3n de la Naci\u00f3n,\u00a0 y desde los Ministerios de Educaci\u00f3n provinciales, T\u00e9cnicaMente convoca cada a\u00f1o a miles de estudiantes que no s\u00f3lo tienen algo para mostrar sino que tienen mucho para decir sobre los logros de la escuela t\u00e9cnica en estos a\u00f1os\u201d<\/em><span style=\"color: #000000; line-height: 1.21em; font-size: 12.1599998474121px;\">.<\/span><\/p>\n<p><span style=\"line-height: 1.21em; font-size: 12.1599998474121px; color: #000000;\">Lo novedoso de este tercer encuentro es que, con motivo de la celebraci\u00f3n de los <\/span><strong style=\"line-height: 1.21em; font-size: 12.1599998474121px; color: #000000;\">10 a\u00f1os de la Ley de Educaci\u00f3n T\u00e9cnico Profesional<\/strong><span style=\"line-height: 1.21em; font-size: 12.1599998474121px; color: #000000;\">, en cada sede regional se desarrollar\u00e1n talleres de reflexi\u00f3n acerca de lo logrado en la modalidad durante este per\u00edodo y acerca de\u00a0las nuevas metas de la Educaci\u00f3n T\u00e9cnico Profesional.Adem\u00e1s, a los participantes de escuelas Secundarias T\u00e9cnicas, se sumar\u00e1n estudiantes y docentes de Institutos Superiores T\u00e9cnicos y Centros de Formaci\u00f3n Profesional, junto con directivos.<\/span><\/p>\n<p><span style=\"color: #000000; line-height: 1.21em; font-size: 12.1599998474121px;\">Cabe destacar que los trabajos que se exhibir\u00e1n en la instancia <\/span><em style=\"color: #000000; line-height: 1.21em; font-size: 12.1599998474121px;\">nacional<\/em><span style=\"color: #000000; line-height: 1.21em; font-size: 12.1599998474121px;\"> de esta exposici\u00f3n, en el mes de agosto de este a\u00f1o ser\u00e1n seleccionados por los estudiantes participantes de la instancia <\/span><em style=\"color: #000000; line-height: 1.21em; font-size: 12.1599998474121px;\">regional<\/em><span style=\"color: #000000; line-height: 1.21em; font-size: 12.1599998474121px;\">. \u00a0<\/span><\/p>\n<p><span style=\"color: #000000;\">\u00a0<\/span><\/p>\n<p><span style=\"color: #000000;\"><strong><span style=\"text-decoration: underline;\">Acerca de T\u00e9cnicaMente<\/span><\/strong><\/span><\/p>\n<p><span style=\"color: #000000;\">A trav\u00e9s de estos encuentros se espera dar difusi\u00f3n a las experiencias institucionales que vinculan las pr\u00e1cticas formativas,\u00a0 innovadoras y sustentables, con el medio social de las instituciones, con el medio ambiente y con el mercado productivo de su comunidad, promoviendo as\u00ed el fortalecimiento de la identidad de la Educaci\u00f3n T\u00e9cnico Profesional como productora del cambio social.<\/span><\/p>\n<p><span style=\"color: #000000;\">\u00a0<\/span><\/p>\n<p style=\"text-align: center;\" align=\"center\"><span style=\"color: #000000;\"><strong><span style=\"text-decoration: underline;\">Fechas, Sedes y jurisdicciones participantes en la Instancia regional 2015<\/span>:<\/strong><\/span><\/p>\n<p style=\"text-align: center;\"><strong><span style=\"color: #993300;\"><span style=\"line-height: 1.21em; text-align: center; font-size: 12.1599998474121px;\">Fecha<\/span>: 3, 4 y 5 de Junio<\/span><\/strong><\/p>\n<p style=\"text-align: center;\" align=\"center\"><span style=\"color: #000000;\">Sede<strong>: R\u00edo Gallegos, Santa Cruz.<\/strong><\/span><\/p>\n<p style=\"text-align: center;\" align=\"center\"><span style=\"color: #000000;\">Participantes: <strong>Santa Cruz; Tierra del Fuego, Ant\u00e1rtida e Islas del Atl\u00e1ntico Sur; Chubut; R\u00edo Negro; y Neuqu\u00e9n.<\/strong><\/span><\/p>\n<p style=\"text-align: center;\" align=\"center\"><span style=\"color: #000000;\">\u00a0<\/span><\/p>\n<p style=\"text-align: center;\"><strong><span style=\"color: #993300;\"><span style=\"line-height: 1.21em; font-size: 12.1599998474121px; text-align: center;\">Fecha: <\/span>3, 4 y 5 de Junio<\/span><\/strong><span style=\"color: #000000; line-height: 1.21em; text-align: center; font-size: 12.1599998474121px;\"><br \/>\n<\/span><\/p>\n<p style=\"text-align: center;\" align=\"center\"><span style=\"color: #000000;\">Sede: <strong>Santa Rosa, La Pampa.<\/strong><\/span><\/p>\n<p style=\"text-align: center;\" align=\"center\"><span style=\"color: #000000;\">Participantes: <strong>La Pampa; San Luis; Mendoza y C\u00f3rdoba.<\/strong><\/span><\/p>\n<p style=\"text-align: center;\" align=\"center\"><span style=\"color: #000000;\">\u00a0<\/span><\/p>\n<p style=\"text-align: center;\"><strong style=\"line-height: 1.21em; font-size: 12.1599998474121px; text-align: center;\"><span style=\"color: #993300;\">Fecha: 15, 16 y 17 de junio<\/span><\/strong><strong style=\"line-height: 1.21em; text-align: center; font-size: 12.1599998474121px;\"><br \/>\n<\/strong><\/p>\n<p style=\"text-align: center;\" align=\"center\"><span style=\"color: #000000;\">Sede: <strong>La Rioja.<\/strong><\/span><\/p>\n<p style=\"text-align: center;\" align=\"center\"><span style=\"color: #000000;\">Participantes: <strong>La Rioja; San Juan; Catamarca y Tucum\u00e1n.<\/strong><\/span><\/p>\n<p style=\"text-align: center;\" align=\"center\"><span style=\"color: #000000;\">\u00a0<\/span><\/p>\n<p style=\"text-align: center;\"><strong><span style=\"color: #993300;\"><span style=\"line-height: 1.21em; text-align: center; font-size: 12.1599998474121px;\">Fecha: <\/span>17, 18 de Junio<\/span><\/strong><\/p>\n<p style=\"text-align: center;\" align=\"center\"><span style=\"color: #000000;\">Sede: <strong>provincia de Buenos Aires<\/strong>.<\/span><\/p>\n<p style=\"text-align: center;\" align=\"center\"><span style=\"color: #000000;\">Participantes: <strong>provincia de Buenos Aires.<\/strong><\/span><\/p>\n<p style=\"text-align: center;\" align=\"center\"><span style=\"color: #000000;\"><strong>\u00a0<\/strong><\/span><\/p>\n<p style=\"text-align: center;\"><span style=\"color: #993300;\"><strong><span style=\"line-height: 1.21em; font-size: 12.1599998474121px; text-align: center;\">Fecha: <\/span>1, 2 y 3 de Julio<\/strong><\/span><span style=\"color: #000000; line-height: 1.21em; text-align: center; font-size: 12.1599998474121px;\"><br \/>\n<\/span><\/p>\n<p style=\"text-align: center;\" align=\"center\"><span style=\"color: #000000;\">Sede: <strong>Entre R\u00edos.<\/strong><\/span><\/p>\n<p style=\"text-align: center;\" align=\"center\"><span style=\"color: #000000;\">Participantes: <strong>Entre R\u00edos; Ciudad Aut\u00f3noma de Buenos Aires; Santa Fe; Corrientes y Misiones.<\/strong><\/span><\/p>\n<p style=\"text-align: center;\" align=\"center\"><span style=\"color: #000000;\">\u00a0<\/span><\/p>\n<p style=\"text-align: center;\"><strong><span style=\"color: #993300;\"><span style=\"line-height: 1.21em; font-size: 12.1599998474121px; text-align: center;\">Fecha: <\/span>1, 2 y 3 de Julio<\/span><\/strong><span style=\"color: #000000; line-height: 1.21em; text-align: center; font-size: 12.1599998474121px;\"><br \/>\n<\/span><\/p>\n<p style=\"text-align: center;\" align=\"center\"><span style=\"color: #000000;\">Sede: <strong>Chaco.<\/strong><\/span><\/p>\n<p style=\"text-align: center;\" align=\"center\"><span style=\"color: #000000;\">Participantes: <strong>Chaco; Jujuy; Salta; Santiago del Estero y Formosa.<\/strong><\/span><\/p>\n<p style=\"text-align: center;\"><strong><span style=\"color: #993366;\">\u00a0instancia Nacional<\/span><\/strong><\/p>\n<p style=\"text-align: center;\"><strong style=\"line-height: 1.21em; font-size: 12.1599998474121px; text-align: center;\">Agosto<\/strong><span style=\"line-height: 1.21em; font-size: 12.1599998474121px; text-align: center;\">\u00a0(fecha a confirmar):\u00a0Tucum\u00e1n.<\/span><strong style=\"line-height: 1.21em; text-align: center; font-size: 12.1599998474121px;\"><br \/>\n<\/strong><\/p>\n<p><span style=\"color: #000000;\">\u00a0<\/span><\/p>\n<p><strong style=\"color: #000000; line-height: 1.21em; font-size: 12.1599998474121px;\"><span style=\"text-decoration: underline;\">Para m\u00e1s informaci\u00f3n:<\/span><\/strong><\/p>\n<p><a href=\"https:\/\/www.inet.edu.ar\/capacitacion-publicaciones\/unidad-de-gestion-de-politicas-estudiantiles\/olimpiadas-nacionales-de-construcciones-y-electromecanica-2014\/tecnicamente\/\"><span style=\"color: #000000;\"><strong>P\u00e1gina web del INET \u00a0TecnicaMente<\/strong><\/span><\/a><\/p>\n<p><strong style=\"line-height: 1.21em; font-size: 12.1599998474121px;\"><span style=\"text-decoration: underline;\">Enlaces de inter\u00e9s<\/span><\/strong><\/p>\n<p><a href=\"https:\/\/www.inet.edu.ar\/noticias\/el-ministro-de-educacion-estuvo-presente-en-el-ii-encuentro-de-estudiantes-de-escuelas-secundarias-tecnicas-tecnicamente\/\"><span style=\"color: #000000; line-height: 1.21em; font-size: 12.1599998474121px;\">Cobertura de la 2\u00b0 Edici\u00f3n de T\u00e9cnicaMente (2014) en su instancia nacional en la sede del INET, con la participaci\u00f3n del Ministro de Educaci\u00f3n, Prof. Alberto Sileoni\u00a0<\/span><\/a><\/p>\n<p><a href=\"https:\/\/www.inet.edu.ar\/noticias\/alumnos-de-todo-el-pais-participaron-del-1encuentro-nacional-tecnica-mente\/\"><span style=\"color: #000000; font-size: 12.1599998474121px; line-height: 1.21em;\">Cobertura de la 1\u00b0 Edici\u00f3n de T\u00e9cnicaMente (2013) en su instancia nacional en la sede del INET<\/span><\/a><\/p>\n<p><span style=\"color: #000000;\">\u00a0<\/span><\/p>\n<p>&nbsp;<\/p>\n<p>&nbsp;<\/p>\n<p>&nbsp;<\/p>\n<p>&nbsp;<\/p>\n","protected":false},"excerpt":{"rendered":"<p>Junto a estos encuentros se realizar\u00e1n las celebraciones por los 10 a\u00f1os de la promulgaci\u00f3n de la Ley de Educaci\u00f3n T\u00e9cnico Profesional Durante los meses de junio y julio de 2015, se desarrollar\u00e1 la instancia regional de la tercera edici\u00f3n del Encuentro \u201cT\u00e9cnicaMente\u201d, en donde se exhibir\u00e1n, en seis sedes jurisdiccionales, trabajos y proyectos innovadores, [&hellip;]<\/p>\n","protected":false},"author":3,"featured_media":7485,"comment_status":"closed","ping_status":"open","sticky":false,"template":"","format":"standard","meta":{"footnotes":""},"categories":[1],"tags":[],"class_list":["post-7315","post","type-post","status-publish","format-standard","has-post-thumbnail","hentry","category-noticias"],"_links":{"self":[{"href":"https:\/\/www.inet.edu.ar\/index.php\/wp-json\/wp\/v2\/posts\/7315","targetHints":{"allow":["GET"]}}],"collection":[{"href":"https:\/\/www.inet.edu.ar\/index.php\/wp-json\/wp\/v2\/posts"}],"about":[{"href":"https:\/\/www.inet.edu.ar\/index.php\/wp-json\/wp\/v2\/types\/post"}],"author":[{"embeddable":true,"href":"https:\/\/www.inet.edu.ar\/index.php\/wp-json\/wp\/v2\/users\/3"}],"replies":[{"embeddable":true,"href":"https:\/\/www.inet.edu.ar\/index.php\/wp-json\/wp\/v2\/comments?post=7315"}],"version-history":[{"count":9,"href":"https:\/\/www.inet.edu.ar\/index.php\/wp-json\/wp\/v2\/posts\/7315\/revisions"}],"predecessor-version":[{"id":7615,"href":"https:\/\/www.inet.edu.ar\/index.php\/wp-json\/wp\/v2\/posts\/7315\/revisions\/7615"}],"wp:featuredmedia":[{"embeddable":true,"href":"https:\/\/www.inet.edu.ar\/index.php\/wp-json\/wp\/v2\/media\/7485"}],"wp:attachment":[{"href":"https:\/\/www.inet.edu.ar\/index.php\/wp-json\/wp\/v2\/media?parent=7315"}],"wp:term":[{"taxonomy":"category","embeddable":true,"href":"https:\/\/www.inet.edu.ar\/index.php\/wp-json\/wp\/v2\/categories?post=7315"},{"taxonomy":"post_tag","embeddable":true,"href":"https:\/\/www.inet.edu.ar\/index.php\/wp-json\/wp\/v2\/tags?post=7315"}],"curies":[{"name":"wp","href":"https:\/\/api.w.org\/{rel}","templated":true}]}}