{"id":7371,"date":"2015-06-11T11:37:17","date_gmt":"2015-06-11T14:37:17","guid":{"rendered":"https:\/\/www.inet.edu.ar\/?p=7371"},"modified":"2015-06-13T12:36:17","modified_gmt":"2015-06-13T15:36:17","slug":"el-director-ejecutivo-del-inet-estuvo-presente-en-la-1o-muestra-provincial-de-educacion-tecnica-y-formacion-profesional-de-cordoba","status":"publish","type":"post","link":"https:\/\/www.inet.edu.ar\/index.php\/el-director-ejecutivo-del-inet-estuvo-presente-en-la-1o-muestra-provincial-de-educacion-tecnica-y-formacion-profesional-de-cordoba\/","title":{"rendered":"El Director Ejecutivo del INET estuvo presente en la 1\u00ba Muestra provincial de Educaci\u00f3n T\u00e9cnica y Formaci\u00f3n Profesional de C\u00f3rdoba"},"content":{"rendered":"<p style=\"text-align: left;\"><span style=\"line-height: 1.21em; font-size: 12.1599998474121px;\">C\u00f3rdoba, 10 de mayo de 2015<\/span><\/p>\n<p style=\"text-align: left;\"><span style=\"font-size: 12.1599998474121px; line-height: 1.21em;\"><a href=\"https:\/\/www.inet.edu.ar\/wp-content\/uploads\/2015\/06\/DSC_0625.jpg\"><img loading=\"lazy\" decoding=\"async\" class=\"alignleft size-thumbnail wp-image-7372\" title=\"El Director Ejecutivo del INET Prof Aragundi en la 1\u00ba Muestra provincial de escuelas t\u00e9cnicas en C\u00f3rdoba\" src=\"https:\/\/www.inet.edu.ar\/wp-content\/uploads\/2015\/06\/DSC_0625-150x100.jpg\" alt=\"\" width=\"150\" height=\"100\" srcset=\"https:\/\/www.inet.edu.ar\/wp-content\/uploads\/2015\/06\/DSC_0625-150x100.jpg 150w, https:\/\/www.inet.edu.ar\/wp-content\/uploads\/2015\/06\/DSC_0625-240x160.jpg 240w, https:\/\/www.inet.edu.ar\/wp-content\/uploads\/2015\/06\/DSC_0625-468x312.jpg 468w\" sizes=\"auto, (max-width: 150px) 100vw, 150px\" \/><\/a>El Ministro de Educaci\u00f3n de la provincia, <strong>Prof.<\/strong>\u00a0<strong>Walter Grahovac<\/strong>,\u00a0<\/span><span style=\"font-size: 12.1599998474121px; line-height: 1.21em;\">y el Director Ejecutivo del INET, <strong>Prof. Eduardo Aragundi<\/strong>, estuvieron presentes en la 1\u00ba Muestra provincial de Educaci\u00f3n T\u00e9cnica y Formaci\u00f3n Profesional, en la que est\u00e1n participando estudiantes\u00a0<\/span><span style=\"font-size: 12.1599998474121px; line-height: 1.21em;\">de los diferentes niveles de la Educaci\u00f3n T\u00e9cnico Profesional de la provincia (Secundario T\u00e9cnico, Superior T\u00e9cnico y Formaci\u00f3n Profesional). <\/span><\/p>\n<p style=\"text-align: left;\"><span style=\"line-height: 1.21em; font-size: 12.1599998474121px;\">La muestra fue organizada por el Ministerio de Educaci\u00f3n de C\u00f3rdoba con el apoyo del INET,\u00a0en el marco de la conmemoraci\u00f3n de los diez a\u00f1os de la Ley de Educaci\u00f3n T\u00e9cnico Profesional y de la primera promoci\u00f3n de 6000 egresados de la modalidad cuyo plan de estudios se gest\u00f3 a partir de la promulgaci\u00f3n de dicha normativa.<\/span><\/p>\n<p style=\"text-align: left;\"><span style=\"font-size: 12.1599998474121px; line-height: 1.21em;\">Acompa\u00f1aron al encuentro autoridades educativas locales: el Director de Educaci\u00f3n T\u00e9cnica, <\/span><strong style=\"font-size: 12.1599998474121px; line-height: 1.21em;\">Ing<\/strong><span style=\"font-size: 12.1599998474121px; line-height: 1.21em;\">.\u00a0<\/span><strong style=\"font-size: 12.1599998474121px; line-height: 1.21em;\">Domingo Ar\u00edngoli,<\/strong><span style=\"font-size: 12.1599998474121px; line-height: 1.21em;\"> el Subdirector de Educaci\u00f3n T\u00e9cnico Superior, <\/span><strong style=\"font-size: 12.1599998474121px; line-height: 1.21em;\">Ing. Roberto Borello<\/strong><span style=\"font-size: 12.1599998474121px; line-height: 1.21em;\">, \u00a0el Subdirector de Educaci\u00f3n T\u00e9cnica y Formaci\u00f3n profesional,<\/span><strong style=\"font-size: 12.1599998474121px; line-height: 1.21em;\"> Ing. Luis G\u00f3mez<\/strong><span style=\"font-size: 12.1599998474121px; line-height: 1.21em;\">, el Director de Educaci\u00f3n T\u00e9cnica Superior, <\/span><strong style=\"font-size: 12.1599998474121px; line-height: 1.21em;\">Mag<\/strong><span style=\"font-size: 12.1599998474121px; line-height: 1.21em;\">.\u00a0<\/span><strong style=\"font-size: 12.1599998474121px; line-height: 1.21em;\">Santiago Lucero<\/strong><span style=\"font-size: 12.1599998474121px; line-height: 1.21em;\">, a junto a autoridades del Consejo Provincial de la modalidad, directivos universitarios, titulares del sector productivo, y miembros de la delegaci\u00f3n de AMET provincial, entre otros.<\/span><\/p>\n<p style=\"text-align: left;\">El titular de la cartera educativa cordobesa manifest\u00f3: \u00abEsta Muestra provincial es muy importante ya que estamos conmemorando en este a\u00f1o, los diez a\u00f1os de la Ley de Educaci\u00f3n T\u00e9cnico Profesional y hoy contamos en nuestra provincia con 6000 egresados de la modalidad t\u00e9cnica desde su promulgaci\u00f3n.<\/p>\n<p style=\"text-align: left;\">Al mencionar los avances en el desarrollo productivo del pa\u00eds el Ministro reflexion\u00f3: \u00abCabe destacar que estamos ahora en un pa\u00eds que genera trabajo, riqueza, productividad y por eso necesitamos m\u00e1s t\u00e9cnicos que le den ese mismo valor agregado al pa\u00eds\u00bb \u00a0afirm\u00f3.<\/p>\n<p style=\"text-align: left;\">En cuanto a las expectativas de la exposici\u00f3n, sostuvo:\u00bbEsta exposici\u00f3n es una gran oportunidad para ver qu\u00e9 se hace en las escuelas t\u00e9cnicas a trav\u00e9s de las 19 especialidades que tenemos, y, a su vez, es un desaf\u00edo en el que podremos despertar intereses vocacionales en muchos estudiantes\u00bb<\/p>\n<p style=\"text-align: left;\">Por \u00faltimo destac\u00f3:\u00bb la escuela t\u00e9cnica de hoy es as\u00ed por la intervenci\u00f3n del Ministerio de Educaci\u00f3n de la Naci\u00f3n, a trav\u00e9s de INET, ya que \u00a0las estrategias de cada provincia se consolidan e integran a trav\u00e9s de sus gestiones en un modelo de pa\u00eds como este; por eso n<span style=\"line-height: 1.21em; font-size: 12.1599998474121px;\">ecesitamos m\u00e1s t\u00e9cnicos para vivir en un pa\u00eds que apueste al desarrollo, a la producci\u00f3n y a la inclusi\u00f3n\u00bb\u00a0, concluy\u00f3.<\/span><\/p>\n<p style=\"text-align: left;\"><span style=\"font-size: 12.1599998474121px; line-height: 1.21em;\">Por su parte, el Director Ejecutivo del INET, expres\u00f3 el saludo del Ministro de Educaci\u00f3n de la Naci\u00f3n,<strong> Prof. Alberto Sileoni,<\/strong> y del mismo modo, sostuvo la importancia de desarrollar la exposici\u00f3n en el a\u00f1o de la conmemoraci\u00f3n de los 10 a\u00f1os de la Ley de Educaci\u00f3n T\u00e9cnico Profesional:\u00bb Fue esa ley la que permiti\u00f3 recuperar las instituciones t\u00e9cnicas, disponer de m\u00e1s recursos; e instrumentos, y dar valor agregado a este pa\u00eds\u00bb En ese contexto afirm\u00f3 que \u00abLa Educaci\u00f3n T\u00e9cnico Profesional se enmarca \u00a0dentro de una pol\u00edtica de Estado, y una pol\u00edtica federal que se decide entre las 24 jurisdicciones del pa\u00eds para que los t\u00e9cnicos sean mejores y que sus posibilidades sean mejores.\u00bb<\/span><\/p>\n<p style=\"text-align: left;\"><span style=\"font-size: 12.1599998474121px; line-height: 1.21em;\">En cuanto a los objetivos de la muestra provincial, el <strong>Prof.Aragundi<\/strong>\u00a0se dirigi\u00f3 a los estudiantes y les dijo que \u00abesta es una oportunidad para que vean lo que hacen sus pares y que realicen un cambio y una elecci\u00f3n consciente de su futuro; ojal\u00e1 esta experiencia les despierte el orgullo de ser estudiantes de la educaci\u00f3n p\u00fablica t\u00e9cnica, porque ustedes no solo representan nuestro futuro sino tambi\u00e9n nuestro presente\u00bb \u00a0\u00a0<\/span><\/p>\n<p style=\"text-align: left;\"><strong>Acerca de la 1\u00ba Muestra provincial de Educaci\u00f3n T\u00e9cnica y Formaci\u00f3n Profesional en C\u00f3rdoba<\/strong><\/p>\n<p style=\"text-align: left;\"><span style=\"line-height: 1.21em; font-size: 12.1599998474121px;\">En esta muestra, estudiantes del 7\u00ba a\u00f1o secundario de diferentes especialidades de la modalidad t\u00e9cnica,\u00a0que representan a los 6000 egresados desde la promulgaci\u00f3n de la Ley de ETP<\/span><span style=\"font-size: 12.1599998474121px; line-height: 1.21em;\">, se vincular\u00e1n e intercambiar\u00e1n saberes con 15.000 estudiantes de 3 a\u00f1o del primer ciclo secundario.\u00a0<\/span><\/p>\n<p style=\"text-align: left;\"><span style=\"font-size: 12.1599998474121px; line-height: 1.21em;\">El objetivo principal es colaborar con los j\u00f3venes de tercer a\u00f1o para que puedan elegir la especialidad que deseen cursar y se vinculen con los pr\u00f3ximos egresados t\u00e9cnicos.<\/span><\/p>\n<p style=\"text-align: left;\"><span style=\"font-size: 12.1599998474121px; line-height: 1.21em;\">Asimismo, durante el encuentro, se vincular\u00e1n con representantes del mundo productivo y las universidades.<\/span><\/p>\n<p style=\"text-align: left;\">La exposici\u00f3n recibir\u00e1 a sus visitantes hasta el d\u00eda 13 de junio inclusive en el Complejo Feriar.<\/p>\n<p style=\"text-align: left;\"><strong>Enlaces de inter\u00e9s<\/strong><\/p>\n<p style=\"text-align: left;\"><a href=\"http:\/\/prensa.cba.gov.ar\/educacion\/el-gobernador-inauguro-en-feriar-el-encuentro-provincial-de-escuelas-tecnicas\/\">Prensa Gobierno de C\u00f3rdoba<\/a><\/p>\n<p style=\"text-align: left;\"><strong>Galer\u00eda de im\u00e1genes<\/strong><\/p>\n<p style=\"text-align: left;\"><a href=\"https:\/\/www.inet.edu.ar\/wp-content\/uploads\/2015\/06\/DSC_0837.jpg\"><img loading=\"lazy\" decoding=\"async\" class=\"alignleft size-thumbnail wp-image-7383\" title=\"El Ministro de Educaci\u00f3n de C\u00f3rdoba y el Director Ejecutivo del INET en la 1\u00b0 Muestra de Escuelas T\u00e9cnicas y Formaci\u00f3n Profesional de C\u00f3rdoba\" src=\"https:\/\/www.inet.edu.ar\/wp-content\/uploads\/2015\/06\/DSC_0837-150x100.jpg\" alt=\"\" width=\"150\" height=\"100\" srcset=\"https:\/\/www.inet.edu.ar\/wp-content\/uploads\/2015\/06\/DSC_0837-150x100.jpg 150w, https:\/\/www.inet.edu.ar\/wp-content\/uploads\/2015\/06\/DSC_0837-240x160.jpg 240w, https:\/\/www.inet.edu.ar\/wp-content\/uploads\/2015\/06\/DSC_0837-468x312.jpg 468w\" sizes=\"auto, (max-width: 150px) 100vw, 150px\" \/><\/a><\/p>\n<p style=\"text-align: left;\"><a href=\"https:\/\/www.inet.edu.ar\/wp-content\/uploads\/2015\/06\/DSC_0997.jpg\"><img loading=\"lazy\" decoding=\"async\" class=\"alignleft size-thumbnail wp-image-7382\" title=\"1\u00b0 Muestra de Escuelas T\u00e9cnicas y Formaci\u00f3n Profesional de C\u00f3rdoba\" src=\"https:\/\/www.inet.edu.ar\/wp-content\/uploads\/2015\/06\/DSC_0997-150x100.jpg\" alt=\"\" width=\"150\" height=\"100\" srcset=\"https:\/\/www.inet.edu.ar\/wp-content\/uploads\/2015\/06\/DSC_0997-150x100.jpg 150w, https:\/\/www.inet.edu.ar\/wp-content\/uploads\/2015\/06\/DSC_0997-240x160.jpg 240w, https:\/\/www.inet.edu.ar\/wp-content\/uploads\/2015\/06\/DSC_0997-468x312.jpg 468w\" sizes=\"auto, (max-width: 150px) 100vw, 150px\" \/><\/a><\/p>\n<p style=\"text-align: left;\"><a href=\"https:\/\/www.inet.edu.ar\/wp-content\/uploads\/2015\/06\/DSC_0815.jpg\"><img loading=\"lazy\" decoding=\"async\" class=\"alignleft size-thumbnail wp-image-7381\" title=\"El Ministro de Educaci\u00f3n de C\u00f3rdoba, junto al Director Ejecutivo del INET y el Sub Director de Educaci\u00f3n Superior en la 1\u00b0 Muestra de Escuelas T\u00e9cnicas y Formaci\u00f3n Profesional de C\u00f3rdoba\" src=\"https:\/\/www.inet.edu.ar\/wp-content\/uploads\/2015\/06\/DSC_0815-150x100.jpg\" alt=\"\" width=\"150\" height=\"100\" \/><\/a><\/p>\n<p style=\"text-align: left;\"><a href=\"https:\/\/www.inet.edu.ar\/wp-content\/uploads\/2015\/06\/DSC_0861.jpg\"><img loading=\"lazy\" decoding=\"async\" class=\"alignleft size-thumbnail wp-image-7380\" title=\"1\u00b0 Muestra de Escuelas T\u00e9cnicas y Formaci\u00f3n Profesional de C\u00f3rdoba\" src=\"https:\/\/www.inet.edu.ar\/wp-content\/uploads\/2015\/06\/DSC_0861-150x100.jpg\" alt=\"\" width=\"150\" height=\"100\" srcset=\"https:\/\/www.inet.edu.ar\/wp-content\/uploads\/2015\/06\/DSC_0861-150x100.jpg 150w, https:\/\/www.inet.edu.ar\/wp-content\/uploads\/2015\/06\/DSC_0861-240x160.jpg 240w, https:\/\/www.inet.edu.ar\/wp-content\/uploads\/2015\/06\/DSC_0861-468x312.jpg 468w\" sizes=\"auto, (max-width: 150px) 100vw, 150px\" \/><\/a><\/p>\n<p style=\"text-align: left;\"><a href=\"https:\/\/www.inet.edu.ar\/wp-content\/uploads\/2015\/06\/DSC_0829.jpg\"><img loading=\"lazy\" decoding=\"async\" class=\"alignleft size-thumbnail wp-image-7379\" title=\"1\u00b0 Muestra de Escuelas T\u00e9cnicas y Formaci\u00f3n Profesional de C\u00f3rdoba\" src=\"https:\/\/www.inet.edu.ar\/wp-content\/uploads\/2015\/06\/DSC_0829-150x100.jpg\" alt=\"\" width=\"150\" height=\"100\" srcset=\"https:\/\/www.inet.edu.ar\/wp-content\/uploads\/2015\/06\/DSC_0829-150x100.jpg 150w, https:\/\/www.inet.edu.ar\/wp-content\/uploads\/2015\/06\/DSC_0829-240x160.jpg 240w, https:\/\/www.inet.edu.ar\/wp-content\/uploads\/2015\/06\/DSC_0829-468x312.jpg 468w\" sizes=\"auto, (max-width: 150px) 100vw, 150px\" \/><\/a><\/p>\n<p style=\"text-align: left;\"><a href=\"https:\/\/www.inet.edu.ar\/wp-content\/uploads\/2015\/06\/DSC_1011.jpg\"><img loading=\"lazy\" decoding=\"async\" class=\"alignleft size-thumbnail wp-image-7378\" title=\"1\u00b0 Muestra provincial de Escuelas T\u00e9cnicas de C\u00f3rdoba\" src=\"https:\/\/www.inet.edu.ar\/wp-content\/uploads\/2015\/06\/DSC_1011-150x100.jpg\" alt=\"\" width=\"150\" height=\"100\" srcset=\"https:\/\/www.inet.edu.ar\/wp-content\/uploads\/2015\/06\/DSC_1011-150x100.jpg 150w, https:\/\/www.inet.edu.ar\/wp-content\/uploads\/2015\/06\/DSC_1011-240x160.jpg 240w, https:\/\/www.inet.edu.ar\/wp-content\/uploads\/2015\/06\/DSC_1011-468x312.jpg 468w\" sizes=\"auto, (max-width: 150px) 100vw, 150px\" \/><\/a><\/p>\n<p style=\"text-align: left;\"><a href=\"https:\/\/www.inet.edu.ar\/wp-content\/uploads\/2015\/06\/DSC_1017.jpg\"><img loading=\"lazy\" decoding=\"async\" class=\"alignleft size-thumbnail wp-image-7377\" title=\"1\u00ba Muestra provincial de Educaci\u00f3n T\u00e9cnica de C\u00f3rdoba\" src=\"https:\/\/www.inet.edu.ar\/wp-content\/uploads\/2015\/06\/DSC_1017-150x100.jpg\" alt=\"\" width=\"150\" height=\"100\" srcset=\"https:\/\/www.inet.edu.ar\/wp-content\/uploads\/2015\/06\/DSC_1017-150x100.jpg 150w, https:\/\/www.inet.edu.ar\/wp-content\/uploads\/2015\/06\/DSC_1017-240x160.jpg 240w, https:\/\/www.inet.edu.ar\/wp-content\/uploads\/2015\/06\/DSC_1017-468x312.jpg 468w\" sizes=\"auto, (max-width: 150px) 100vw, 150px\" \/><\/a><\/p>\n<p style=\"text-align: left;\"><a href=\"https:\/\/www.inet.edu.ar\/wp-content\/uploads\/2015\/06\/DSC_1035.jpg\"><img loading=\"lazy\" decoding=\"async\" class=\"alignleft size-thumbnail wp-image-7374\" title=\"Estudiantes en la 1\u00ba  Muestra provincial de Educaci\u00f3n t\u00e9cnica en C\u00f3rdoba\" src=\"https:\/\/www.inet.edu.ar\/wp-content\/uploads\/2015\/06\/DSC_1035-150x100.jpg\" alt=\"\" width=\"150\" height=\"100\" srcset=\"https:\/\/www.inet.edu.ar\/wp-content\/uploads\/2015\/06\/DSC_1035-150x100.jpg 150w, https:\/\/www.inet.edu.ar\/wp-content\/uploads\/2015\/06\/DSC_1035-240x160.jpg 240w, https:\/\/www.inet.edu.ar\/wp-content\/uploads\/2015\/06\/DSC_1035-468x312.jpg 468w\" sizes=\"auto, (max-width: 150px) 100vw, 150px\" \/><\/a><\/p>\n<p style=\"text-align: center;\"><a href=\"https:\/\/www.inet.edu.ar\/wp-content\/uploads\/2015\/06\/DSC_1034.jpg\"><img loading=\"lazy\" decoding=\"async\" class=\"alignleft size-thumbnail wp-image-7375\" title=\"Estudiantes en la 1\u00ba Muestra provincial de Educaci\u00f3n T\u00e9cnica de C\u00f3rdoba\" src=\"https:\/\/www.inet.edu.ar\/wp-content\/uploads\/2015\/06\/DSC_1034-150x100.jpg\" alt=\"\" width=\"150\" height=\"100\" srcset=\"https:\/\/www.inet.edu.ar\/wp-content\/uploads\/2015\/06\/DSC_1034-150x100.jpg 150w, https:\/\/www.inet.edu.ar\/wp-content\/uploads\/2015\/06\/DSC_1034-240x160.jpg 240w, https:\/\/www.inet.edu.ar\/wp-content\/uploads\/2015\/06\/DSC_1034-468x312.jpg 468w\" sizes=\"auto, (max-width: 150px) 100vw, 150px\" \/><\/a><\/p>\n<p><a href=\"https:\/\/www.inet.edu.ar\/wp-content\/uploads\/2015\/06\/DSC_1027.jpg\"><img loading=\"lazy\" decoding=\"async\" class=\"alignleft size-thumbnail wp-image-7376\" title=\"1\u00ba Muestra provincial de Educaci\u00f3n T\u00e9cnica de C\u00f3rdoba\" src=\"https:\/\/www.inet.edu.ar\/wp-content\/uploads\/2015\/06\/DSC_1027-150x100.jpg\" alt=\"\" width=\"150\" height=\"100\" srcset=\"https:\/\/www.inet.edu.ar\/wp-content\/uploads\/2015\/06\/DSC_1027-150x100.jpg 150w, https:\/\/www.inet.edu.ar\/wp-content\/uploads\/2015\/06\/DSC_1027-240x160.jpg 240w, https:\/\/www.inet.edu.ar\/wp-content\/uploads\/2015\/06\/DSC_1027-468x312.jpg 468w\" sizes=\"auto, (max-width: 150px) 100vw, 150px\" \/><\/a><\/p>\n<p style=\"text-align: center;\"><a href=\"https:\/\/www.inet.edu.ar\/wp-content\/uploads\/2015\/06\/DSC_1000.jpg\"><img loading=\"lazy\" decoding=\"async\" class=\"alignleft size-thumbnail wp-image-7385\" title=\"1\u00b0 Muestra de Escuelas T\u00e9cnicas y Formaci\u00f3n Profesional de C\u00f3rdoba\" src=\"https:\/\/www.inet.edu.ar\/wp-content\/uploads\/2015\/06\/DSC_1000-150x100.jpg\" alt=\"\" width=\"150\" height=\"100\" srcset=\"https:\/\/www.inet.edu.ar\/wp-content\/uploads\/2015\/06\/DSC_1000-150x100.jpg 150w, https:\/\/www.inet.edu.ar\/wp-content\/uploads\/2015\/06\/DSC_1000-240x160.jpg 240w, https:\/\/www.inet.edu.ar\/wp-content\/uploads\/2015\/06\/DSC_1000-468x312.jpg 468w\" sizes=\"auto, (max-width: 150px) 100vw, 150px\" \/><\/a><a href=\"https:\/\/www.inet.edu.ar\/wp-content\/uploads\/2015\/06\/DSC_1007.jpg\"><img loading=\"lazy\" decoding=\"async\" class=\"alignleft size-thumbnail wp-image-7386\" title=\"1\u00ba Muestra provincial de Educaci\u00f3n T\u00e9cnica en C\u00f3rdoba\" src=\"https:\/\/www.inet.edu.ar\/wp-content\/uploads\/2015\/06\/DSC_1007-150x100.jpg\" alt=\"\" width=\"150\" height=\"100\" srcset=\"https:\/\/www.inet.edu.ar\/wp-content\/uploads\/2015\/06\/DSC_1007-150x100.jpg 150w, https:\/\/www.inet.edu.ar\/wp-content\/uploads\/2015\/06\/DSC_1007-240x160.jpg 240w, https:\/\/www.inet.edu.ar\/wp-content\/uploads\/2015\/06\/DSC_1007-468x312.jpg 468w\" sizes=\"auto, (max-width: 150px) 100vw, 150px\" \/><\/a><a href=\"https:\/\/www.inet.edu.ar\/wp-content\/uploads\/2015\/06\/DSC_1008.jpg\"><img loading=\"lazy\" decoding=\"async\" class=\"alignleft size-thumbnail wp-image-7387\" title=\"1\u00ba Muestra provincial de Educaci\u00f3n T\u00e9cnica en C\u00f3rdoba\" src=\"https:\/\/www.inet.edu.ar\/wp-content\/uploads\/2015\/06\/DSC_1008-150x100.jpg\" alt=\"\" width=\"150\" height=\"100\" srcset=\"https:\/\/www.inet.edu.ar\/wp-content\/uploads\/2015\/06\/DSC_1008-150x100.jpg 150w, https:\/\/www.inet.edu.ar\/wp-content\/uploads\/2015\/06\/DSC_1008-240x160.jpg 240w, https:\/\/www.inet.edu.ar\/wp-content\/uploads\/2015\/06\/DSC_1008-468x312.jpg 468w\" sizes=\"auto, (max-width: 150px) 100vw, 150px\" \/><\/a><a href=\"https:\/\/www.inet.edu.ar\/wp-content\/uploads\/2015\/06\/DSC_0936.jpg\"><img loading=\"lazy\" decoding=\"async\" class=\"alignleft size-thumbnail wp-image-7388\" title=\"1\u00ba Muestra provincial de Educaci\u00f3n T\u00e9cnica en C\u00f3rdoba\" src=\"https:\/\/www.inet.edu.ar\/wp-content\/uploads\/2015\/06\/DSC_0936-150x100.jpg\" alt=\"\" width=\"150\" height=\"100\" srcset=\"https:\/\/www.inet.edu.ar\/wp-content\/uploads\/2015\/06\/DSC_0936-150x100.jpg 150w, https:\/\/www.inet.edu.ar\/wp-content\/uploads\/2015\/06\/DSC_0936-240x160.jpg 240w, https:\/\/www.inet.edu.ar\/wp-content\/uploads\/2015\/06\/DSC_0936-468x312.jpg 468w\" sizes=\"auto, (max-width: 150px) 100vw, 150px\" \/><\/a><a href=\"https:\/\/www.inet.edu.ar\/wp-content\/uploads\/2015\/06\/DSC_0768.jpg\"><img loading=\"lazy\" decoding=\"async\" class=\"alignleft size-thumbnail wp-image-7389\" title=\"1\u00ba Muestra provincial de Educaci\u00f3n T\u00e9cnica en C\u00f3rdoba\" src=\"https:\/\/www.inet.edu.ar\/wp-content\/uploads\/2015\/06\/DSC_0768-150x100.jpg\" alt=\"\" width=\"150\" height=\"100\" srcset=\"https:\/\/www.inet.edu.ar\/wp-content\/uploads\/2015\/06\/DSC_0768-150x100.jpg 150w, https:\/\/www.inet.edu.ar\/wp-content\/uploads\/2015\/06\/DSC_0768-240x160.jpg 240w, https:\/\/www.inet.edu.ar\/wp-content\/uploads\/2015\/06\/DSC_0768-468x312.jpg 468w\" sizes=\"auto, (max-width: 150px) 100vw, 150px\" \/><\/a><a href=\"https:\/\/www.inet.edu.ar\/wp-content\/uploads\/2015\/06\/DSC_1004.jpg\"><img loading=\"lazy\" decoding=\"async\" class=\"alignleft size-thumbnail wp-image-7390\" title=\"1\u00ba Muestra provincial de Educaci\u00f3n T\u00e9cnica en C\u00f3rdoba\" src=\"https:\/\/www.inet.edu.ar\/wp-content\/uploads\/2015\/06\/DSC_1004-150x100.jpg\" alt=\"\" width=\"150\" height=\"100\" srcset=\"https:\/\/www.inet.edu.ar\/wp-content\/uploads\/2015\/06\/DSC_1004-150x100.jpg 150w, https:\/\/www.inet.edu.ar\/wp-content\/uploads\/2015\/06\/DSC_1004-240x160.jpg 240w, https:\/\/www.inet.edu.ar\/wp-content\/uploads\/2015\/06\/DSC_1004-468x312.jpg 468w\" sizes=\"auto, (max-width: 150px) 100vw, 150px\" \/><\/a><a href=\"https:\/\/www.inet.edu.ar\/wp-content\/uploads\/2015\/06\/DSC_0995.jpg\"><img loading=\"lazy\" decoding=\"async\" class=\"alignleft size-thumbnail wp-image-7391\" title=\"1\u00ba Muestra provincial de Educaci\u00f3n T\u00e9cnica en C\u00f3rdoba\" src=\"https:\/\/www.inet.edu.ar\/wp-content\/uploads\/2015\/06\/DSC_0995-150x100.jpg\" alt=\"\" width=\"150\" height=\"100\" srcset=\"https:\/\/www.inet.edu.ar\/wp-content\/uploads\/2015\/06\/DSC_0995-150x100.jpg 150w, https:\/\/www.inet.edu.ar\/wp-content\/uploads\/2015\/06\/DSC_0995-240x160.jpg 240w, https:\/\/www.inet.edu.ar\/wp-content\/uploads\/2015\/06\/DSC_0995-468x312.jpg 468w\" sizes=\"auto, (max-width: 150px) 100vw, 150px\" \/><\/a><a href=\"https:\/\/www.inet.edu.ar\/wp-content\/uploads\/2015\/06\/DSC_0996.jpg\"><img loading=\"lazy\" decoding=\"async\" class=\"alignleft size-thumbnail wp-image-7392\" title=\"1\u00ba Muestra provincial de Educaci\u00f3n T\u00e9cnica en C\u00f3rdoba\" src=\"https:\/\/www.inet.edu.ar\/wp-content\/uploads\/2015\/06\/DSC_0996-150x100.jpg\" alt=\"\" width=\"150\" height=\"100\" srcset=\"https:\/\/www.inet.edu.ar\/wp-content\/uploads\/2015\/06\/DSC_0996-150x100.jpg 150w, https:\/\/www.inet.edu.ar\/wp-content\/uploads\/2015\/06\/DSC_0996-240x160.jpg 240w, https:\/\/www.inet.edu.ar\/wp-content\/uploads\/2015\/06\/DSC_0996-468x312.jpg 468w\" sizes=\"auto, (max-width: 150px) 100vw, 150px\" \/><\/a><a href=\"https:\/\/www.inet.edu.ar\/wp-content\/uploads\/2015\/06\/DSC_0989.jpg\"><img loading=\"lazy\" decoding=\"async\" class=\"alignleft size-thumbnail wp-image-7393\" title=\"1\u00ba Muestra provincial de Educaci\u00f3n T\u00e9cnica en C\u00f3rdoba\" src=\"https:\/\/www.inet.edu.ar\/wp-content\/uploads\/2015\/06\/DSC_0989-150x100.jpg\" alt=\"\" width=\"150\" height=\"100\" srcset=\"https:\/\/www.inet.edu.ar\/wp-content\/uploads\/2015\/06\/DSC_0989-150x100.jpg 150w, https:\/\/www.inet.edu.ar\/wp-content\/uploads\/2015\/06\/DSC_0989-240x160.jpg 240w, https:\/\/www.inet.edu.ar\/wp-content\/uploads\/2015\/06\/DSC_0989-468x312.jpg 468w\" sizes=\"auto, (max-width: 150px) 100vw, 150px\" \/><\/a><a href=\"https:\/\/www.inet.edu.ar\/wp-content\/uploads\/2015\/06\/DSC_0987.jpg\"><img loading=\"lazy\" decoding=\"async\" class=\"alignleft size-thumbnail wp-image-7394\" title=\"1\u00ba Muestra provincial de Educaci\u00f3n T\u00e9cnica en C\u00f3rdoba\" src=\"https:\/\/www.inet.edu.ar\/wp-content\/uploads\/2015\/06\/DSC_0987-150x100.jpg\" alt=\"\" width=\"150\" height=\"100\" srcset=\"https:\/\/www.inet.edu.ar\/wp-content\/uploads\/2015\/06\/DSC_0987-150x100.jpg 150w, https:\/\/www.inet.edu.ar\/wp-content\/uploads\/2015\/06\/DSC_0987-240x160.jpg 240w, https:\/\/www.inet.edu.ar\/wp-content\/uploads\/2015\/06\/DSC_0987-468x312.jpg 468w\" sizes=\"auto, (max-width: 150px) 100vw, 150px\" \/><\/a><a href=\"https:\/\/www.inet.edu.ar\/wp-content\/uploads\/2015\/06\/DSC_0843.jpg\"><img loading=\"lazy\" decoding=\"async\" class=\"alignleft size-thumbnail wp-image-7395\" title=\"1\u00ba Muestra provincial de Educaci\u00f3n T\u00e9cnica en C\u00f3rdoba\" src=\"https:\/\/www.inet.edu.ar\/wp-content\/uploads\/2015\/06\/DSC_0843-150x100.jpg\" alt=\"\" width=\"150\" height=\"100\" srcset=\"https:\/\/www.inet.edu.ar\/wp-content\/uploads\/2015\/06\/DSC_0843-150x100.jpg 150w, https:\/\/www.inet.edu.ar\/wp-content\/uploads\/2015\/06\/DSC_0843-240x160.jpg 240w, https:\/\/www.inet.edu.ar\/wp-content\/uploads\/2015\/06\/DSC_0843-468x312.jpg 468w\" sizes=\"auto, (max-width: 150px) 100vw, 150px\" \/><\/a><a href=\"https:\/\/www.inet.edu.ar\/wp-content\/uploads\/2015\/06\/DSC_0980.jpg\"><img loading=\"lazy\" decoding=\"async\" class=\"alignleft size-thumbnail wp-image-7396\" title=\"1\u00ba Muestra provincial de Educaci\u00f3n T\u00e9cnica en C\u00f3rdoba\" src=\"https:\/\/www.inet.edu.ar\/wp-content\/uploads\/2015\/06\/DSC_0980-150x100.jpg\" alt=\"\" width=\"150\" height=\"100\" srcset=\"https:\/\/www.inet.edu.ar\/wp-content\/uploads\/2015\/06\/DSC_0980-150x100.jpg 150w, https:\/\/www.inet.edu.ar\/wp-content\/uploads\/2015\/06\/DSC_0980-240x160.jpg 240w, https:\/\/www.inet.edu.ar\/wp-content\/uploads\/2015\/06\/DSC_0980-468x312.jpg 468w\" sizes=\"auto, (max-width: 150px) 100vw, 150px\" \/><\/a><a href=\"https:\/\/www.inet.edu.ar\/wp-content\/uploads\/2015\/06\/DSC_0791.jpg\"><img loading=\"lazy\" decoding=\"async\" class=\"alignleft size-thumbnail wp-image-7397\" title=\"1\u00ba Muestra provincial de Educaci\u00f3n T\u00e9cnica en C\u00f3rdoba\" src=\"https:\/\/www.inet.edu.ar\/wp-content\/uploads\/2015\/06\/DSC_0791-150x100.jpg\" alt=\"\" width=\"150\" height=\"100\" srcset=\"https:\/\/www.inet.edu.ar\/wp-content\/uploads\/2015\/06\/DSC_0791-150x100.jpg 150w, https:\/\/www.inet.edu.ar\/wp-content\/uploads\/2015\/06\/DSC_0791-240x160.jpg 240w, https:\/\/www.inet.edu.ar\/wp-content\/uploads\/2015\/06\/DSC_0791-468x312.jpg 468w\" sizes=\"auto, (max-width: 150px) 100vw, 150px\" \/><\/a><a href=\"https:\/\/www.inet.edu.ar\/wp-content\/uploads\/2015\/06\/DSC_09871.jpg\"><img loading=\"lazy\" decoding=\"async\" class=\"alignleft size-thumbnail wp-image-7419\" title=\"DSC_0987\" src=\"https:\/\/www.inet.edu.ar\/wp-content\/uploads\/2015\/06\/DSC_09871-150x100.jpg\" alt=\"\" width=\"150\" height=\"100\" srcset=\"https:\/\/www.inet.edu.ar\/wp-content\/uploads\/2015\/06\/DSC_09871-150x100.jpg 150w, https:\/\/www.inet.edu.ar\/wp-content\/uploads\/2015\/06\/DSC_09871-240x160.jpg 240w, https:\/\/www.inet.edu.ar\/wp-content\/uploads\/2015\/06\/DSC_09871-468x312.jpg 468w\" sizes=\"auto, (max-width: 150px) 100vw, 150px\" \/><\/a><a href=\"https:\/\/www.inet.edu.ar\/wp-content\/uploads\/2015\/06\/DSC_0871.jpg\"><img loading=\"lazy\" decoding=\"async\" class=\"alignleft size-thumbnail wp-image-7399\" title=\"1\u00ba Muestra provincial de Educaci\u00f3n T\u00e9cnica en C\u00f3rdoba\" src=\"https:\/\/www.inet.edu.ar\/wp-content\/uploads\/2015\/06\/DSC_0871-150x100.jpg\" alt=\"\" width=\"150\" height=\"100\" srcset=\"https:\/\/www.inet.edu.ar\/wp-content\/uploads\/2015\/06\/DSC_0871-150x100.jpg 150w, https:\/\/www.inet.edu.ar\/wp-content\/uploads\/2015\/06\/DSC_0871-240x160.jpg 240w, https:\/\/www.inet.edu.ar\/wp-content\/uploads\/2015\/06\/DSC_0871-468x312.jpg 468w\" sizes=\"auto, (max-width: 150px) 100vw, 150px\" \/><\/a><a href=\"https:\/\/www.inet.edu.ar\/wp-content\/uploads\/2015\/06\/DSC_0875.jpg\"><img loading=\"lazy\" decoding=\"async\" class=\"alignleft size-thumbnail wp-image-7400\" title=\"1\u00ba Muestra provincial de Educaci\u00f3n T\u00e9cnica en C\u00f3rdoba\" src=\"https:\/\/www.inet.edu.ar\/wp-content\/uploads\/2015\/06\/DSC_0875-150x100.jpg\" alt=\"\" width=\"150\" height=\"100\" srcset=\"https:\/\/www.inet.edu.ar\/wp-content\/uploads\/2015\/06\/DSC_0875-150x100.jpg 150w, https:\/\/www.inet.edu.ar\/wp-content\/uploads\/2015\/06\/DSC_0875-240x160.jpg 240w, https:\/\/www.inet.edu.ar\/wp-content\/uploads\/2015\/06\/DSC_0875-468x312.jpg 468w\" sizes=\"auto, (max-width: 150px) 100vw, 150px\" \/><\/a><a href=\"https:\/\/www.inet.edu.ar\/wp-content\/uploads\/2015\/06\/DSC_0885.jpg\"><img loading=\"lazy\" decoding=\"async\" class=\"alignleft size-thumbnail wp-image-7401\" title=\"1\u00ba Muestra provincial de Educaci\u00f3n T\u00e9cnica en C\u00f3rdoba\" src=\"https:\/\/www.inet.edu.ar\/wp-content\/uploads\/2015\/06\/DSC_0885-150x100.jpg\" alt=\"\" width=\"150\" height=\"100\" srcset=\"https:\/\/www.inet.edu.ar\/wp-content\/uploads\/2015\/06\/DSC_0885-150x100.jpg 150w, https:\/\/www.inet.edu.ar\/wp-content\/uploads\/2015\/06\/DSC_0885-240x160.jpg 240w, https:\/\/www.inet.edu.ar\/wp-content\/uploads\/2015\/06\/DSC_0885-468x312.jpg 468w\" sizes=\"auto, (max-width: 150px) 100vw, 150px\" \/><\/a><a href=\"https:\/\/www.inet.edu.ar\/wp-content\/uploads\/2015\/06\/DSC_0903.jpg\"><img loading=\"lazy\" decoding=\"async\" class=\"alignleft size-thumbnail wp-image-7402\" title=\"1\u00ba Muestra provincial de Educaci\u00f3n T\u00e9cnica en C\u00f3rdoba\" src=\"https:\/\/www.inet.edu.ar\/wp-content\/uploads\/2015\/06\/DSC_0903-e1434209172443-150x100.jpg\" alt=\"\" width=\"150\" height=\"100\" \/><\/a><a href=\"https:\/\/www.inet.edu.ar\/wp-content\/uploads\/2015\/06\/DSC_0912.jpg\"><img loading=\"lazy\" decoding=\"async\" class=\"alignleft size-thumbnail wp-image-7403\" title=\"1\u00ba Muestra provincial de Educaci\u00f3n T\u00e9cnica en C\u00f3rdoba\" src=\"https:\/\/www.inet.edu.ar\/wp-content\/uploads\/2015\/06\/DSC_0912-e1434209289338-150x100.jpg\" alt=\"\" width=\"150\" height=\"100\" \/><\/a><a href=\"https:\/\/www.inet.edu.ar\/wp-content\/uploads\/2015\/06\/DSC_0913.jpg\"><img loading=\"lazy\" decoding=\"async\" class=\"alignleft size-thumbnail wp-image-7404\" title=\"1\u00ba Muestra provincial de Educaci\u00f3n T\u00e9cnica en C\u00f3rdoba\" src=\"https:\/\/www.inet.edu.ar\/wp-content\/uploads\/2015\/06\/DSC_0913-150x100.jpg\" alt=\"\" width=\"150\" height=\"100\" srcset=\"https:\/\/www.inet.edu.ar\/wp-content\/uploads\/2015\/06\/DSC_0913-150x100.jpg 150w, https:\/\/www.inet.edu.ar\/wp-content\/uploads\/2015\/06\/DSC_0913-240x160.jpg 240w, https:\/\/www.inet.edu.ar\/wp-content\/uploads\/2015\/06\/DSC_0913-468x312.jpg 468w\" sizes=\"auto, (max-width: 150px) 100vw, 150px\" \/><\/a><a href=\"https:\/\/www.inet.edu.ar\/wp-content\/uploads\/2015\/06\/DSC_0914.jpg\"><img loading=\"lazy\" decoding=\"async\" class=\"alignleft size-thumbnail wp-image-7405\" title=\"1\u00ba Muestra provincial de Educaci\u00f3n T\u00e9cnica en C\u00f3rdoba\" src=\"https:\/\/www.inet.edu.ar\/wp-content\/uploads\/2015\/06\/DSC_0914-150x100.jpg\" alt=\"\" width=\"150\" height=\"100\" srcset=\"https:\/\/www.inet.edu.ar\/wp-content\/uploads\/2015\/06\/DSC_0914-150x100.jpg 150w, https:\/\/www.inet.edu.ar\/wp-content\/uploads\/2015\/06\/DSC_0914-240x160.jpg 240w, https:\/\/www.inet.edu.ar\/wp-content\/uploads\/2015\/06\/DSC_0914-468x312.jpg 468w\" sizes=\"auto, (max-width: 150px) 100vw, 150px\" \/><\/a><a href=\"https:\/\/www.inet.edu.ar\/wp-content\/uploads\/2015\/06\/DSC_0917.jpg\"><img loading=\"lazy\" decoding=\"async\" class=\"alignleft size-thumbnail wp-image-7406\" title=\"1\u00ba Muestra provincial de Educaci\u00f3n T\u00e9cnica en C\u00f3rdoba\" src=\"https:\/\/www.inet.edu.ar\/wp-content\/uploads\/2015\/06\/DSC_0917-150x100.jpg\" alt=\"\" width=\"150\" height=\"100\" srcset=\"https:\/\/www.inet.edu.ar\/wp-content\/uploads\/2015\/06\/DSC_0917-150x100.jpg 150w, https:\/\/www.inet.edu.ar\/wp-content\/uploads\/2015\/06\/DSC_0917-240x160.jpg 240w, https:\/\/www.inet.edu.ar\/wp-content\/uploads\/2015\/06\/DSC_0917-468x312.jpg 468w\" sizes=\"auto, (max-width: 150px) 100vw, 150px\" \/><\/a><a href=\"https:\/\/www.inet.edu.ar\/wp-content\/uploads\/2015\/06\/DSC_0919.jpg\"><img loading=\"lazy\" decoding=\"async\" class=\"alignleft size-thumbnail wp-image-7407\" title=\"1\u00ba Muestra provincial de Educaci\u00f3n T\u00e9cnica en C\u00f3rdoba\" src=\"https:\/\/www.inet.edu.ar\/wp-content\/uploads\/2015\/06\/DSC_0919-150x100.jpg\" alt=\"\" width=\"150\" height=\"100\" srcset=\"https:\/\/www.inet.edu.ar\/wp-content\/uploads\/2015\/06\/DSC_0919-150x100.jpg 150w, https:\/\/www.inet.edu.ar\/wp-content\/uploads\/2015\/06\/DSC_0919-240x160.jpg 240w, https:\/\/www.inet.edu.ar\/wp-content\/uploads\/2015\/06\/DSC_0919-468x312.jpg 468w\" sizes=\"auto, (max-width: 150px) 100vw, 150px\" \/><\/a><a href=\"https:\/\/www.inet.edu.ar\/wp-content\/uploads\/2015\/06\/DSC_0953.jpg\"><img loading=\"lazy\" decoding=\"async\" class=\"alignleft size-thumbnail wp-image-7408\" title=\"1\u00ba Muestra provincial de Educaci\u00f3n T\u00e9cnica en C\u00f3rdoba\" src=\"https:\/\/www.inet.edu.ar\/wp-content\/uploads\/2015\/06\/DSC_0953-150x100.jpg\" alt=\"\" width=\"150\" height=\"100\" srcset=\"https:\/\/www.inet.edu.ar\/wp-content\/uploads\/2015\/06\/DSC_0953-150x100.jpg 150w, https:\/\/www.inet.edu.ar\/wp-content\/uploads\/2015\/06\/DSC_0953-240x160.jpg 240w, https:\/\/www.inet.edu.ar\/wp-content\/uploads\/2015\/06\/DSC_0953-468x312.jpg 468w\" sizes=\"auto, (max-width: 150px) 100vw, 150px\" \/><\/a><a href=\"https:\/\/www.inet.edu.ar\/wp-content\/uploads\/2015\/06\/DSC_0962.jpg\"><img loading=\"lazy\" decoding=\"async\" class=\"alignleft size-thumbnail wp-image-7409\" title=\"1\u00ba Muestra provincial de Educaci\u00f3n T\u00e9cnica en C\u00f3rdoba\" src=\"https:\/\/www.inet.edu.ar\/wp-content\/uploads\/2015\/06\/DSC_0962-150x100.jpg\" alt=\"\" width=\"150\" height=\"100\" srcset=\"https:\/\/www.inet.edu.ar\/wp-content\/uploads\/2015\/06\/DSC_0962-150x100.jpg 150w, https:\/\/www.inet.edu.ar\/wp-content\/uploads\/2015\/06\/DSC_0962-240x160.jpg 240w, https:\/\/www.inet.edu.ar\/wp-content\/uploads\/2015\/06\/DSC_0962-468x312.jpg 468w\" sizes=\"auto, (max-width: 150px) 100vw, 150px\" \/><\/a><a href=\"https:\/\/www.inet.edu.ar\/wp-content\/uploads\/2015\/06\/DSC_0974.jpg\"><img loading=\"lazy\" decoding=\"async\" class=\"alignleft size-thumbnail wp-image-7410\" title=\"1\u00ba Muestra provincial de Educaci\u00f3n T\u00e9cnica en C\u00f3rdoba\" src=\"https:\/\/www.inet.edu.ar\/wp-content\/uploads\/2015\/06\/DSC_0974-150x100.jpg\" alt=\"\" width=\"150\" height=\"100\" srcset=\"https:\/\/www.inet.edu.ar\/wp-content\/uploads\/2015\/06\/DSC_0974-150x100.jpg 150w, https:\/\/www.inet.edu.ar\/wp-content\/uploads\/2015\/06\/DSC_0974-240x160.jpg 240w, https:\/\/www.inet.edu.ar\/wp-content\/uploads\/2015\/06\/DSC_0974-468x312.jpg 468w\" sizes=\"auto, (max-width: 150px) 100vw, 150px\" \/><\/a><a href=\"https:\/\/www.inet.edu.ar\/wp-content\/uploads\/2015\/06\/DSC_0971.jpg\"><img loading=\"lazy\" decoding=\"async\" class=\"alignleft size-thumbnail wp-image-7411\" title=\"1\u00ba Muestra provincial de Educaci\u00f3n T\u00e9cnica en C\u00f3rdoba\" src=\"https:\/\/www.inet.edu.ar\/wp-content\/uploads\/2015\/06\/DSC_0971-150x100.jpg\" alt=\"\" width=\"150\" height=\"100\" srcset=\"https:\/\/www.inet.edu.ar\/wp-content\/uploads\/2015\/06\/DSC_0971-150x100.jpg 150w, https:\/\/www.inet.edu.ar\/wp-content\/uploads\/2015\/06\/DSC_0971-240x160.jpg 240w, https:\/\/www.inet.edu.ar\/wp-content\/uploads\/2015\/06\/DSC_0971-468x312.jpg 468w\" sizes=\"auto, (max-width: 150px) 100vw, 150px\" \/><\/a><a href=\"https:\/\/www.inet.edu.ar\/wp-content\/uploads\/2015\/06\/DSC_0972.jpg\"><img loading=\"lazy\" decoding=\"async\" class=\"alignleft size-thumbnail wp-image-7412\" title=\"1\u00ba Muestra provincial de Educaci\u00f3n T\u00e9cnica en C\u00f3rdoba\" src=\"https:\/\/www.inet.edu.ar\/wp-content\/uploads\/2015\/06\/DSC_0972-150x100.jpg\" alt=\"\" width=\"150\" height=\"100\" srcset=\"https:\/\/www.inet.edu.ar\/wp-content\/uploads\/2015\/06\/DSC_0972-150x100.jpg 150w, https:\/\/www.inet.edu.ar\/wp-content\/uploads\/2015\/06\/DSC_0972-240x160.jpg 240w, https:\/\/www.inet.edu.ar\/wp-content\/uploads\/2015\/06\/DSC_0972-468x312.jpg 468w\" sizes=\"auto, (max-width: 150px) 100vw, 150px\" \/><\/a><a href=\"https:\/\/www.inet.edu.ar\/wp-content\/uploads\/2015\/06\/DSC_0993.jpg\"><br \/>\n<img loading=\"lazy\" decoding=\"async\" class=\"alignleft size-thumbnail wp-image-7414\" title=\"1\u00ba Muestra provincial de Educaci\u00f3n T\u00e9cnica en C\u00f3rdoba\" src=\"https:\/\/www.inet.edu.ar\/wp-content\/uploads\/2015\/06\/DSC_0993-150x100.jpg\" alt=\"\" width=\"150\" height=\"100\" srcset=\"https:\/\/www.inet.edu.ar\/wp-content\/uploads\/2015\/06\/DSC_0993-150x100.jpg 150w, https:\/\/www.inet.edu.ar\/wp-content\/uploads\/2015\/06\/DSC_0993-240x160.jpg 240w, https:\/\/www.inet.edu.ar\/wp-content\/uploads\/2015\/06\/DSC_0993-468x312.jpg 468w\" sizes=\"auto, (max-width: 150px) 100vw, 150px\" \/><\/a><a href=\"https:\/\/www.inet.edu.ar\/wp-content\/uploads\/2015\/06\/DSC_09761.jpg\"><img loading=\"lazy\" decoding=\"async\" class=\"alignleft size-thumbnail wp-image-7415\" title=\"1\u00ba Muestra provincial de Educaci\u00f3n T\u00e9cnica en C\u00f3rdoba\" src=\"https:\/\/www.inet.edu.ar\/wp-content\/uploads\/2015\/06\/DSC_09761-150x100.jpg\" alt=\"\" width=\"150\" height=\"100\" srcset=\"https:\/\/www.inet.edu.ar\/wp-content\/uploads\/2015\/06\/DSC_09761-150x100.jpg 150w, https:\/\/www.inet.edu.ar\/wp-content\/uploads\/2015\/06\/DSC_09761-240x160.jpg 240w, https:\/\/www.inet.edu.ar\/wp-content\/uploads\/2015\/06\/DSC_09761-468x312.jpg 468w\" sizes=\"auto, (max-width: 150px) 100vw, 150px\" \/><\/a><a href=\"https:\/\/www.inet.edu.ar\/wp-content\/uploads\/2015\/06\/DSC_0978.jpg\"><img loading=\"lazy\" decoding=\"async\" class=\"alignleft size-thumbnail wp-image-7416\" title=\"1\u00ba Muestra provincial de Educaci\u00f3n T\u00e9cnica en C\u00f3rdoba\" src=\"https:\/\/www.inet.edu.ar\/wp-content\/uploads\/2015\/06\/DSC_0978-150x100.jpg\" alt=\"\" width=\"150\" height=\"100\" srcset=\"https:\/\/www.inet.edu.ar\/wp-content\/uploads\/2015\/06\/DSC_0978-150x100.jpg 150w, https:\/\/www.inet.edu.ar\/wp-content\/uploads\/2015\/06\/DSC_0978-240x160.jpg 240w, https:\/\/www.inet.edu.ar\/wp-content\/uploads\/2015\/06\/DSC_0978-468x312.jpg 468w\" sizes=\"auto, (max-width: 150px) 100vw, 150px\" \/><\/a><a href=\"https:\/\/www.inet.edu.ar\/wp-content\/uploads\/2015\/06\/DSC_09801.jpg\"><img loading=\"lazy\" decoding=\"async\" class=\"alignleft size-thumbnail wp-image-7417\" title=\"1\u00ba Muestra provincial de Educaci\u00f3n T\u00e9cnica en C\u00f3rdoba\" src=\"https:\/\/www.inet.edu.ar\/wp-content\/uploads\/2015\/06\/DSC_09801-150x100.jpg\" alt=\"\" width=\"150\" height=\"100\" srcset=\"https:\/\/www.inet.edu.ar\/wp-content\/uploads\/2015\/06\/DSC_09801-150x100.jpg 150w, https:\/\/www.inet.edu.ar\/wp-content\/uploads\/2015\/06\/DSC_09801-240x160.jpg 240w, https:\/\/www.inet.edu.ar\/wp-content\/uploads\/2015\/06\/DSC_09801-468x312.jpg 468w\" sizes=\"auto, (max-width: 150px) 100vw, 150px\" \/><\/a><a href=\"https:\/\/www.inet.edu.ar\/wp-content\/uploads\/2015\/06\/DSC_0983.jpg\"><img loading=\"lazy\" decoding=\"async\" class=\"alignleft size-thumbnail wp-image-7418\" title=\"1\u00ba Muestra provincial de Educaci\u00f3n T\u00e9cnica en C\u00f3rdoba\" src=\"https:\/\/www.inet.edu.ar\/wp-content\/uploads\/2015\/06\/DSC_0983-150x100.jpg\" alt=\"\" width=\"150\" height=\"100\" srcset=\"https:\/\/www.inet.edu.ar\/wp-content\/uploads\/2015\/06\/DSC_0983-150x100.jpg 150w, https:\/\/www.inet.edu.ar\/wp-content\/uploads\/2015\/06\/DSC_0983-240x160.jpg 240w, https:\/\/www.inet.edu.ar\/wp-content\/uploads\/2015\/06\/DSC_0983-468x312.jpg 468w\" sizes=\"auto, (max-width: 150px) 100vw, 150px\" \/><\/a><a href=\"https:\/\/www.inet.edu.ar\/wp-content\/uploads\/2015\/06\/DSC_09871.jpg\"><img loading=\"lazy\" decoding=\"async\" class=\"alignleft size-thumbnail wp-image-7419\" title=\"1\u00ba Muestra provincial de Educaci\u00f3n T\u00e9cnica en C\u00f3rdoba\" src=\"https:\/\/www.inet.edu.ar\/wp-content\/uploads\/2015\/06\/DSC_09871-150x100.jpg\" alt=\"\" width=\"150\" height=\"100\" srcset=\"https:\/\/www.inet.edu.ar\/wp-content\/uploads\/2015\/06\/DSC_09871-150x100.jpg 150w, https:\/\/www.inet.edu.ar\/wp-content\/uploads\/2015\/06\/DSC_09871-240x160.jpg 240w, https:\/\/www.inet.edu.ar\/wp-content\/uploads\/2015\/06\/DSC_09871-468x312.jpg 468w\" sizes=\"auto, (max-width: 150px) 100vw, 150px\" \/><\/a>\u00a0<a href=\"https:\/\/www.inet.edu.ar\/wp-content\/uploads\/2015\/06\/DSC_1016.jpg\"><img loading=\"lazy\" decoding=\"async\" class=\"alignleft size-thumbnail wp-image-7384\" title=\"1\u00b0 Muestra de Escuelas T\u00e9cnicas y Formaci\u00f3n Profesional de C\u00f3rdoba\" src=\"https:\/\/www.inet.edu.ar\/wp-content\/uploads\/2015\/06\/DSC_1016-150x100.jpg\" alt=\"\" width=\"150\" height=\"100\" srcset=\"https:\/\/www.inet.edu.ar\/wp-content\/uploads\/2015\/06\/DSC_1016-150x100.jpg 150w, https:\/\/www.inet.edu.ar\/wp-content\/uploads\/2015\/06\/DSC_1016-240x160.jpg 240w, https:\/\/www.inet.edu.ar\/wp-content\/uploads\/2015\/06\/DSC_1016-468x312.jpg 468w\" sizes=\"auto, (max-width: 150px) 100vw, 150px\" \/><\/a><\/p>\n","protected":false},"excerpt":{"rendered":"<p>C\u00f3rdoba, 10 de mayo de 2015 El Ministro de Educaci\u00f3n de la provincia, Prof.\u00a0Walter Grahovac,\u00a0y el Director Ejecutivo del INET, Prof. Eduardo Aragundi, estuvieron presentes en la 1\u00ba Muestra provincial de Educaci\u00f3n T\u00e9cnica y Formaci\u00f3n Profesional, en la que est\u00e1n participando estudiantes\u00a0de los diferentes niveles de la Educaci\u00f3n T\u00e9cnico Profesional de la provincia (Secundario T\u00e9cnico, [&hellip;]<\/p>\n","protected":false},"author":3,"featured_media":7372,"comment_status":"closed","ping_status":"open","sticky":false,"template":"","format":"standard","meta":{"footnotes":""},"categories":[5,1],"tags":[],"class_list":["post-7371","post","type-post","status-publish","format-standard","has-post-thumbnail","hentry","category-galerias-de-imagenes","category-noticias"],"_links":{"self":[{"href":"https:\/\/www.inet.edu.ar\/index.php\/wp-json\/wp\/v2\/posts\/7371","targetHints":{"allow":["GET"]}}],"collection":[{"href":"https:\/\/www.inet.edu.ar\/index.php\/wp-json\/wp\/v2\/posts"}],"about":[{"href":"https:\/\/www.inet.edu.ar\/index.php\/wp-json\/wp\/v2\/types\/post"}],"author":[{"embeddable":true,"href":"https:\/\/www.inet.edu.ar\/index.php\/wp-json\/wp\/v2\/users\/3"}],"replies":[{"embeddable":true,"href":"https:\/\/www.inet.edu.ar\/index.php\/wp-json\/wp\/v2\/comments?post=7371"}],"version-history":[{"count":9,"href":"https:\/\/www.inet.edu.ar\/index.php\/wp-json\/wp\/v2\/posts\/7371\/revisions"}],"predecessor-version":[{"id":7436,"href":"https:\/\/www.inet.edu.ar\/index.php\/wp-json\/wp\/v2\/posts\/7371\/revisions\/7436"}],"wp:featuredmedia":[{"embeddable":true,"href":"https:\/\/www.inet.edu.ar\/index.php\/wp-json\/wp\/v2\/media\/7372"}],"wp:attachment":[{"href":"https:\/\/www.inet.edu.ar\/index.php\/wp-json\/wp\/v2\/media?parent=7371"}],"wp:term":[{"taxonomy":"category","embeddable":true,"href":"https:\/\/www.inet.edu.ar\/index.php\/wp-json\/wp\/v2\/categories?post=7371"},{"taxonomy":"post_tag","embeddable":true,"href":"https:\/\/www.inet.edu.ar\/index.php\/wp-json\/wp\/v2\/tags?post=7371"}],"curies":[{"name":"wp","href":"https:\/\/api.w.org\/{rel}","templated":true}]}}