{"id":7768,"date":"2015-07-24T15:42:55","date_gmt":"2015-07-24T18:42:55","guid":{"rendered":"https:\/\/www.inet.edu.ar\/?p=7768"},"modified":"2015-07-25T10:33:48","modified_gmt":"2015-07-25T13:33:48","slug":"sigue-creciendo-la-inversion-en-la-educacion-tecnico-profesional-en-la-provincia-de-misiones","status":"publish","type":"post","link":"https:\/\/www.inet.edu.ar\/index.php\/sigue-creciendo-la-inversion-en-la-educacion-tecnico-profesional-en-la-provincia-de-misiones\/","title":{"rendered":"La inversi\u00f3n en la Educaci\u00f3n T\u00e9cnico Profesional sigue creciendo en la provincia de Misiones"},"content":{"rendered":"<p>Posadas, Misiones, Viernes 24 de julio de 2015<\/p>\n<p><span style=\"font-size: 12.1599998474121px; line-height: 1.21em;\"><br \/>\n<a href=\"https:\/\/www.inet.edu.ar\/wp-content\/uploads\/2015\/07\/Foto-noticia-misiones-2015.jpg\"><img loading=\"lazy\" decoding=\"async\" class=\"alignleft size-thumbnail wp-image-7773\" title=\"Entrega de un Aula Taller M\u00f3vil en la provincia de Misiones 2015\" src=\"https:\/\/www.inet.edu.ar\/wp-content\/uploads\/2015\/07\/Foto-noticia-misiones-2015-150x100.jpg\" alt=\"\" width=\"150\" height=\"100\" \/><\/a>En un acto encabezado por el Ministro de Cultura, Educaci\u00f3n, Ciencia y Tecnolog\u00eda, <strong>Ing. Luis Jacobo<\/strong>, y el Director ejecutivo del INET, <strong>Prof. Eduardo Aragundi<\/strong>, la provincia de Misiones recibi\u00f3 su tercera Aula Taller M\u00f3vil para ampliar y fortalecer las ofertas educativas de la modalidad t\u00e9cnica. El evento tuvo lugar en la Estaci\u00f3n v\u00eda Cultural.\u00a0<\/span><\/p>\n<p><span style=\"font-size: 12.1599998474121px; line-height: 1.21em;\">La nueva unidad, destinada a la capacitaci\u00f3n en \u201cReparaci\u00f3n de autos y motos\u201d,\u00a0forma parte de La Red Nacional Aulas Talleres M\u00f3viles, un programa federal creado por el Ministerio de Educaci\u00f3n, a trav\u00e9s del INET para dar alternativas de formaci\u00f3n educativa en el marco de una pol\u00edtica de equidad social, inclusi\u00f3n y desarrollo.<\/span><\/p>\n<p><span style=\"font-size: 12.1599998474121px; line-height: 1.21em;\">Cabe destacar que Misiones ya recibi\u00f3 anteriormente dos unidades m\u00f3viles de las especialidades Agropecuaria e Instalaciones domiciliarias, y a lo largo de este a\u00f1o est\u00e1 previsto que se hagan efectivas dos entregas m\u00e1s de las especialidades Energ\u00edas renovables y Gastronom\u00eda.<\/span><\/p>\n<p>El Ministro Jacobo manifest\u00f3: \u201cMe siento orgulloso de haber compartido con ustedes,y \u00a0con la naci\u00f3n, este tiempo de la educaci\u00f3n argentina\u201d. En este sentido agreg\u00f3: \u00abTenemos un desaf\u00edo a futuro y es el de seguir construyendo una escuela t\u00e9cnica diferente, que brinde mejores oportunidades a los j\u00f3venes. y por eso tenemos la necesidad de profundizar el compromiso profesional y centrar la mirada en los alumnos porque el camino a realizar se consolida en las aulas\u201d.<\/p>\n<p>En referencia a la Red Nacional Aulas Talleres M\u00f3viles, el Prof. Aragundi se\u00f1al\u00f3 que \u00abEsta Red fue dise\u00f1ada para dar respuesta a aquellas personas que necesitan y requieren de una formaci\u00f3n en oficios; una Formaci\u00f3n Profesional que les permita incorporarse al mundo del trabajo con una profesi\u00f3n digna y de calidad, con un certificado que tenga validez nacional\u201d.<\/p>\n<p>Las Aulas Talleres M\u00f3viles reproducen las condiciones de un aula- taller de la modalidad t\u00e9cnica convencional, y est\u00e1n equipadas con insumos de alta tecnolog\u00eda para realizar las pr\u00e1cticas formativas. Estas unidades est\u00e1n dise\u00f1adas con la particularidad de poder trasladarse hacia aquellas regiones que, por lejan\u00eda o escasa poblaci\u00f3n, no tienen un f\u00e1cil acceso a la capacitaci\u00f3n en oficios. El tiempo estimado de permanencia en cada localidad oscila entre dos y cuatro meses, dependiendo de la demanda y del tipo de cursos que ofrecen.<\/p>\n<p>En el encuentro se entregaron, adem\u00e1s, certificados a las instituciones de Educaci\u00f3n T\u00e9cnica que ejecutaron aportes correspondientes a la l\u00ednea \u201cReparaciones Menores y Mobiliario Escolar\u201d, con una inversi\u00f3n total de $7.440.000, y para las instituciones que recibieron fondos destinados a insumos para pr\u00e1cticas formativas, por un total de $3.119.605. En la oportunidad, tambi\u00e9n se entregaron aportes a 58 establecimientos de la modalidad por una suma de $392.000 para la obtenci\u00f3n de materiales y equipamiento para actividades de Educaci\u00f3n F\u00edsica o Art\u00edstica.<\/p>\n<p>En cuanto a la conmemoraci\u00f3n que este a\u00f1o se celebra por\u00a0los 10 a\u00f1os transcurridos desde la promulgaci\u00f3n de la Ley de Educaci\u00f3n T\u00e9cnico Profesional\u00a0, y los logros m\u00e1s importantes alcanzados por ella, el Director Ejecutivo del INET afirm\u00f3 que: \u201cMuchas leyes como la Ley de Educaci\u00f3n T\u00e9cnico Profesional no fueron una mera expresi\u00f3n de deseo, sino que han marcado un camino pol\u00edtico. Fu\u00e9 el presidente N\u00e9stor Kirchner quien en su momento tuvo la decisi\u00f3n de elegir que ese camino pol\u00edtico ten\u00eda que estar acompa\u00f1ado con un financiamiento estable\u00bb.<\/p>\n<p>En un acto posterior, el Director Ejecutivo del INET particip\u00f3 de una reuni\u00f3n con directivos, t\u00e9cnicos y egresados Ministro Jacobo, el subsecretario de Educaci\u00f3n T\u00e9cnica Profesional, Mauricio Maidana, el Subsecretario de Educaci\u00f3n, Dante Genessini, el Jefe de Gabinete del CGE, Alberto Galarza, el Director de Ense\u00f1anza T\u00e9cnica, C\u00e9sar Olivera y la Diputada nacional, Maril\u00fa Leverberg.<\/p>\n<p>En la ocasi\u00f3n el Prof. Aragundi sostuvo:\u00a0<em>\u201cEsta provincia ha hecho en educaci\u00f3n -y en particular en la educaci\u00f3n t\u00e9cnica- una revoluci\u00f3n educativa,\u00a0triplicando en pocos a\u00f1os la matr\u00edcula. Misiones tiene hoy 10.000 alumnos m\u00e1s en Educaci\u00f3n T\u00e9cnico Profesional de lo que ten\u00eda en el a\u00f1o 2006. Eso no es casualidad o azar, es producto de una pol\u00edtica que apuesta a la educaci\u00f3n\u00bb\u00a0<\/em><\/p>\n","protected":false},"excerpt":{"rendered":"<p>Posadas, Misiones, Viernes 24 de julio de 2015 En un acto encabezado por el Ministro de Cultura, Educaci\u00f3n, Ciencia y Tecnolog\u00eda, Ing. Luis Jacobo, y el Director ejecutivo del INET, Prof. Eduardo Aragundi, la provincia de Misiones recibi\u00f3 su tercera Aula Taller M\u00f3vil para ampliar y fortalecer las ofertas educativas de la modalidad t\u00e9cnica. El [&hellip;]<\/p>\n","protected":false},"author":3,"featured_media":0,"comment_status":"closed","ping_status":"open","sticky":false,"template":"","format":"standard","meta":{"footnotes":""},"categories":[1],"tags":[],"class_list":["post-7768","post","type-post","status-publish","format-standard","hentry","category-noticias"],"_links":{"self":[{"href":"https:\/\/www.inet.edu.ar\/index.php\/wp-json\/wp\/v2\/posts\/7768","targetHints":{"allow":["GET"]}}],"collection":[{"href":"https:\/\/www.inet.edu.ar\/index.php\/wp-json\/wp\/v2\/posts"}],"about":[{"href":"https:\/\/www.inet.edu.ar\/index.php\/wp-json\/wp\/v2\/types\/post"}],"author":[{"embeddable":true,"href":"https:\/\/www.inet.edu.ar\/index.php\/wp-json\/wp\/v2\/users\/3"}],"replies":[{"embeddable":true,"href":"https:\/\/www.inet.edu.ar\/index.php\/wp-json\/wp\/v2\/comments?post=7768"}],"version-history":[{"count":15,"href":"https:\/\/www.inet.edu.ar\/index.php\/wp-json\/wp\/v2\/posts\/7768\/revisions"}],"predecessor-version":[{"id":7776,"href":"https:\/\/www.inet.edu.ar\/index.php\/wp-json\/wp\/v2\/posts\/7768\/revisions\/7776"}],"wp:attachment":[{"href":"https:\/\/www.inet.edu.ar\/index.php\/wp-json\/wp\/v2\/media?parent=7768"}],"wp:term":[{"taxonomy":"category","embeddable":true,"href":"https:\/\/www.inet.edu.ar\/index.php\/wp-json\/wp\/v2\/categories?post=7768"},{"taxonomy":"post_tag","embeddable":true,"href":"https:\/\/www.inet.edu.ar\/index.php\/wp-json\/wp\/v2\/tags?post=7768"}],"curies":[{"name":"wp","href":"https:\/\/api.w.org\/{rel}","templated":true}]}}