{"id":8234,"date":"2015-09-25T17:55:22","date_gmt":"2015-09-25T20:55:22","guid":{"rendered":"https:\/\/www.inet.edu.ar\/?p=8234"},"modified":"2015-10-02T14:44:28","modified_gmt":"2015-10-02T17:44:28","slug":"en-la-feria-nacional-de-educacion-artes-ciencias-y-tecnologia-2015-la-modalidad-tecnica-recibio-trece-distinciones","status":"publish","type":"post","link":"https:\/\/www.inet.edu.ar\/index.php\/en-la-feria-nacional-de-educacion-artes-ciencias-y-tecnologia-2015-la-modalidad-tecnica-recibio-trece-distinciones\/","title":{"rendered":"En la Feria Nacional de Educaci\u00f3n, Artes, Ciencias y Tecnolog\u00eda 2015 la modalidad T\u00e9cnica recibi\u00f3 trece distinciones"},"content":{"rendered":"<p><a href=\"https:\/\/www.inet.edu.ar\/wp-content\/uploads\/2015\/09\/Feria-Nacional-en-Puerto-Iguazu.jpg\"><img loading=\"lazy\" decoding=\"async\" class=\"alignleft size-thumbnail wp-image-8235\" title=\"Feria Nacional en Puerto Iguazu\" src=\"https:\/\/www.inet.edu.ar\/wp-content\/uploads\/2015\/09\/Feria-Nacional-en-Puerto-Iguazu-150x100.jpg\" alt=\"\" width=\"150\" height=\"100\" srcset=\"https:\/\/www.inet.edu.ar\/wp-content\/uploads\/2015\/09\/Feria-Nacional-en-Puerto-Iguazu-150x100.jpg 150w, https:\/\/www.inet.edu.ar\/wp-content\/uploads\/2015\/09\/Feria-Nacional-en-Puerto-Iguazu-240x160.jpg 240w, https:\/\/www.inet.edu.ar\/wp-content\/uploads\/2015\/09\/Feria-Nacional-en-Puerto-Iguazu-468x312.jpg 468w\" sizes=\"auto, (max-width: 150px) 100vw, 150px\" \/><\/a>El viernes 25 de septiembre finaliz\u00f3 la Feria Nacional de Educaci\u00f3n, Artes, Ciencias y Tecnolog\u00eda 2015. La muestra se desarroll\u00f3 desde el lunes \u00a021 en el Polideportivo de Gendarmer\u00eda Nacional, de la ciudad de Puerto Iguaz\u00fa.<\/p>\n<p><span style=\"line-height: 1.21em; font-size: 12.16px;\">Estuvieron presentes el Ministro de Cultura, Educaci\u00f3n, Ciencia y Tecnolog\u00eda de Misiones, Ing. Luis Jacobo; el Subsecretario de Equidad y Calidad del Ministerio de Educaci\u00f3n de la Naci\u00f3n, Lic. Gabriel Brener; el intendente de Puerto Iguaz\u00fa, Marcelo S\u00e1nchez; el jefe de Gabinete de la provincia de Buenos Aires, Fernando Espinosa; el Coordinador General de Feria de Ciencias, Horacio Tignanelli; entre otras autoridades educativas nacionales y provinciales.<\/span><\/p>\n<p><span style=\"line-height: 1.21em; font-size: 12.16px;\">En la muestra se expusieron proyectos de Educaci\u00f3n, Artes, Ciencias y Tecnolog\u00eda producidos por estudiantes de todo el pa\u00eds, distinguidos previamente en las instancias provinciales de esta misma Feria.\u00a0En total, participaron alrededor de 1500 personas.<\/span><\/p>\n<p><span style=\"line-height: 1.21em; font-size: 12.16px;\">Expusieron tambi\u00e9n, en calidad de invitados, estudiantes de Brasil, Colombia, M\u00e9jico, Paraguay, Per\u00fa y Ecuador.<\/span><\/p>\n<p><span style=\"line-height: 1.21em; font-size: 12.16px;\">Las propuestas escolares fueron evaluadas por 200 docentes y especialistas de todo el pa\u00eds.<\/span><\/p>\n<p><span style=\"line-height: 1.21em; font-size: 12.16px;\">En esta <\/span><em style=\"line-height: 1.21em; font-size: 12.16px;\">instancia nacional<\/em><span style=\"line-height: 1.21em; font-size: 12.16px;\"> se presentaron noventa y dos (92) proyectos de la modalidad <\/span><strong style=\"line-height: 1.21em; font-size: 12.16px;\">T\u00e9cnica<\/strong><span style=\"line-height: 1.21em; font-size: 12.16px;\">. Los evaluadores de la Feria distinguieron a los siguientes proyectos:<\/span><\/p>\n<p>&nbsp;<\/p>\n<p><strong><em>DESTACADOS\u00a0\u00a0\u00a0\u00a0\u00a0\u00a0\u00a0\u00a0\u00a0\u00a0\u00a0\u00a0\u00a0\u00a0\u00a0\u00a0\u00a0\u00a0\u00a0\u00a0\u00a0\u00a0\u00a0\u00a0\u00a0\u00a0\u00a0\u00a0\u00a0\u00a0\u00a0\u00a0\u00a0\u00a0\u00a0\u00a0\u00a0\u00a0\u00a0\u00a0\u00a0\u00a0\u00a0\u00a0\u00a0\u00a0\u00a0\u00a0\u00a0\u00a0\u00a0\u00a0\u00a0\u00a0\u00a0\u00a0\u00a0\u00a0\u00a0\u00a0\u00a0\u00a0\u00a0\u00a0\u00a0\u00a0\u00a0\u00a0\u00a0\u00a0\u00a0\u00a0\u00a0\u00a0\u00a0\u00a0\u00a0\u00a0\u00a0\u00a0\u00a0\u00a0\u00a0\u00a0\u00a0\u00a0\u00a0\u00a0\u00a0\u00a0\u00a0\u00a0\u00a0\u00a0\u00a0\u00a0\u00a0\u00a0\u00a0\u00a0\u00a0\u00a0\u00a0\u00a0\u00a0\u00a0\u00a0\u00a0\u00a0\u00a0\u00a0\u00a0\u00a0\u00a0\u00a0\u00a0\u00a0\u00a0\u00a0\u00a0\u00a0\u00a0\u00a0\u00a0\u00a0\u00a0\u00a0\u00a0 <\/em><\/strong><\/p>\n<table width=\"480\" border=\"1\" cellspacing=\"0\" cellpadding=\"0\">\n<tbody>\n<tr>\n<td width=\"111\">\n<p align=\"center\"><strong>PROYECTO<\/strong><\/p>\n<\/td>\n<td width=\"151\">\n<p align=\"center\"><strong>INSTITUCI\u00d3N<\/strong><\/p>\n<\/td>\n<td width=\"122\">\n<p align=\"center\"><strong>JURISDICCI\u00d3N<\/strong><\/p>\n<\/td>\n<td width=\"95\">\n<p align=\"center\"><strong>NIVEL<\/strong><\/p>\n<\/td>\n<\/tr>\n<tr>\n<td width=\"111\">\u201cConectados por el p\u00e1nico\u201d<\/td>\n<td width=\"151\">I.E.S. N\u00b0 7 \u201cPopulorum Progressio Inte-la\u201d<\/td>\n<td width=\"122\">\n<p align=\"center\">Jujuy<\/p>\n<\/td>\n<td width=\"95\">Superior T\u00e9cnico<\/td>\n<\/tr>\n<tr>\n<td width=\"111\">\u201cIntercomunicador por IP\u201d<\/td>\n<td width=\"151\">EEST N\u00b0 1<\/td>\n<td width=\"122\">\n<p align=\"center\">Prov. de Buenos Aires<\/p>\n<\/td>\n<td width=\"95\">Secundaria T\u00e9cnica<\/td>\n<\/tr>\n<tr>\n<td width=\"111\">\u201cSistemas de aplicaciones dirigidas de agricultura de precisi\u00f3n (Leaf \u2013 NDVI-AT 260)\u201d<\/td>\n<td width=\"151\">IPET N\u00b0 51 \u201cNicol\u00e1s Avellaneda\u201d y IPEA N\u00b0 209 \u201cDomingo F. Sarmiento\u201d<\/td>\n<td width=\"122\">\n<p align=\"center\">C\u00f3rdoba<\/p>\n<\/td>\n<td width=\"95\">Secundaria T\u00e9cnica y Secundario Agrot\u00e9cnica<\/td>\n<\/tr>\n<tr>\n<td valign=\"top\" width=\"111\">\u201cSalvando nuestro suelo\u201d<\/td>\n<td valign=\"top\" width=\"151\">Escuela Provincial Agrot\u00e9cnica N\u00b0 7 \u201cIng. Ricardo J. Hueda\u201d<\/td>\n<td valign=\"top\" width=\"122\">\n<p align=\"center\">Jujuy<\/p>\n<\/td>\n<td valign=\"top\" width=\"95\">Secundaria Agrot\u00e9cnica<\/td>\n<\/tr>\n<\/tbody>\n<\/table>\n<p>&nbsp;<\/p>\n<p><strong style=\"line-height: 1.21em; font-size: 12.16px;\"><em>MENCIONADOS \u00a0 \u00a0 \u00a0 \u00a0 \u00a0 \u00a0 \u00a0 \u00a0 \u00a0 \u00a0 \u00a0 \u00a0 \u00a0 \u00a0 \u00a0 \u00a0 \u00a0 \u00a0 \u00a0 \u00a0 \u00a0 \u00a0 \u00a0 \u00a0 \u00a0 \u00a0 \u00a0 \u00a0 \u00a0 \u00a0 \u00a0 \u00a0 \u00a0 \u00a0 \u00a0 \u00a0 \u00a0 \u00a0 \u00a0 \u00a0 \u00a0 \u00a0 \u00a0 \u00a0 \u00a0 \u00a0 \u00a0 \u00a0 \u00a0 \u00a0 \u00a0 \u00a0 \u00a0 \u00a0 \u00a0 \u00a0 \u00a0 \u00a0 \u00a0<\/em><\/strong><\/p>\n<table border=\"1\" cellspacing=\"0\" cellpadding=\"0\">\n<tbody>\n<tr>\n<td width=\"140\">\n<p align=\"center\"><strong>PROYECTO<\/strong><\/p>\n<\/td>\n<td width=\"161\">\n<p align=\"center\"><strong>INSTITUCI\u00d3N<\/strong><\/p>\n<\/td>\n<td width=\"122\">\n<p align=\"center\"><strong>JURISDICCI\u00d3N<\/strong><\/p>\n<\/td>\n<td width=\"119\">\n<p align=\"center\"><strong>NIVEL<\/strong><\/p>\n<\/td>\n<\/tr>\n<tr>\n<td width=\"140\">\u201cEl click \u2013 cacer\u00eda furtiva\u201d<\/td>\n<td width=\"161\">IEF N\u00b0 9-016 \u201cJorge E. Coll\u201d<\/td>\n<td width=\"122\">\n<p align=\"center\">Mendoza<\/p>\n<\/td>\n<td width=\"119\">Superior T\u00e9cnica Sociohuman\u00edstica<\/td>\n<\/tr>\n<tr>\n<td width=\"140\">\u201c\u00a1Defendiendo la memoria de todos!\u201d<\/td>\n<td width=\"161\">ISFTP \u201cIng. Otto Krause\u201d<\/td>\n<td width=\"122\">\n<p align=\"center\">La Rioja<\/p>\n<\/td>\n<td width=\"119\">\n<p align=\"center\">Superior T\u00e9cnica Sociohuman\u00edstica<\/p>\n<\/td>\n<\/tr>\n<tr>\n<td width=\"140\">\u201cLa enfermedad de los mil s\u00edntomas\u201d<\/td>\n<td width=\"161\">I.S.F.D.Y.T.M.L.G.<\/td>\n<td width=\"122\">\n<p align=\"center\">Formosa<\/p>\n<\/td>\n<td width=\"119\">Superior T\u00e9cnica<\/td>\n<\/tr>\n<tr>\n<td width=\"140\">\u201c\u00bfC\u00f3mo maximizar tu ahorro?<\/td>\n<td width=\"161\">I.S.P.I. Zona Oeste N\u00b0 9045<\/td>\n<td width=\"122\">\n<p align=\"center\">Santa Fe<\/p>\n<\/td>\n<td width=\"119\">Superior T\u00e9cnica<\/td>\n<\/tr>\n<tr>\n<td width=\"140\">\u201cInserci\u00f3n Productiva \u2013Plegadora electromec\u00e1nica\u201d<\/td>\n<td width=\"161\">EEIP N\u00b0 565<\/td>\n<td width=\"122\">\n<p align=\"center\">Santa Fe<\/p>\n<\/td>\n<td width=\"119\">Secundaria T\u00e9cnica<\/td>\n<\/tr>\n<tr>\n<td width=\"140\">\u201cEst\u00e1s en rojo\u201d<\/td>\n<td width=\"161\">EETP N\u00b0 454 \u201cDr. Manuel Araujo\u201d<\/td>\n<td width=\"122\">\n<p align=\"center\">Santa Fe<\/p>\n<\/td>\n<td width=\"119\">Secundaria T\u00e9cnica<\/td>\n<\/tr>\n<tr>\n<td width=\"140\">\u201cOjos que no ven\u201d<\/td>\n<td width=\"161\">Escuela T\u00e9cnica V. Virasoro<\/td>\n<td width=\"122\">\n<p align=\"center\">Corrientes<\/p>\n<\/td>\n<td width=\"119\">Secundaria T\u00e9cnica<\/td>\n<\/tr>\n<tr>\n<td width=\"140\">\u201cCalorcito de vida\u201d<\/td>\n<td width=\"161\">E.E.A.T. N\u00b0 37 \u201cAntonio Galli\u201d<\/td>\n<td width=\"122\">\n<p align=\"center\">Entre R\u00edos<\/p>\n<\/td>\n<td width=\"119\">Secundaria Agrot\u00e9cnica<\/td>\n<\/tr>\n<tr>\n<td valign=\"top\" width=\"140\">\u201cDiferenciando la producci\u00f3n\u201d<\/td>\n<td valign=\"top\" width=\"161\">Escuela Provincial Agrot\u00e9cnica \u201cFlorencio E. Peirone\u201d<\/td>\n<td valign=\"top\" width=\"122\">\n<p align=\"center\">La Pampa<\/p>\n<\/td>\n<td valign=\"top\" width=\"119\">Secundaria Agrot\u00e9cnica<\/td>\n<\/tr>\n<\/tbody>\n<\/table>\n<p>&nbsp;<\/p>\n<p><strong>Acerca de la Feria Nacional de Educaci\u00f3n, Artes, Ciencias y Tecnolog\u00eda 2015\u00a0<\/strong><\/p>\n<p>La\u00a0Feria Nacional de Educaci\u00f3n, Artes, Ciencias y Tecnolog\u00eda\u00a0es una actividad que organiza el Ministerio de Educaci\u00f3n de la Naci\u00f3n, a trav\u00e9s del Programa Nacional de Ferias de Ciencia y Tecnolog\u00eda, dependiente de la Subsecretar\u00eda de Equidad y Calidad Educativa.<\/p>\n<p><span style=\"line-height: 1.21em; font-size: 12.16px;\">Su objetivo es constituir un proceso educativo a trav\u00e9s del cual los estudiantes y docentes desarrollen proyectos \u00e1ulicos de investigaci\u00f3n en Artes, Ciencias y Tecnolog\u00eda.<\/span><\/p>\n<p><span style=\"line-height: 1.21em; font-size: 12.16px;\">En ese sentido, las ferias educativas brindan un espacio adecuado para el perfeccionamiento, la profundizaci\u00f3n del saber,\u00a0 y la creatividad.<\/span><\/p>\n<p><span style=\"line-height: 1.21em; font-size: 12.16px;\">Asimismo, desde estos eventos se impulsa un intercambio de experiencias educativas entre los participantes de todas las jurisdicciones del pa\u00eds.<\/span><\/p>\n<p><strong>\u00a0<\/strong><\/p>\n<p><strong>Enlaces de inter\u00e9s<\/strong><\/p>\n<p><a title=\"Proyectos de instituciones t\u00e9cnicas distinguidos en la Feria Nacional de Educaci\u00f3n, Artes, Ciencias y Tecnolog\u00eda\" href=\"https:\/\/www.inet.edu.ar\/capacitacion-publicaciones\/unidad-de-gestion-de-politicas-estudiantiles\/olimpiadas-nacionales-de-construcciones-y-electromecanica\/feria-nacional-de-educacion-artes-ciencias-y-tecnologia\/\" target=\"_blank\"><span style=\"color: #000000;\"><span style=\"color: #000000;\">Feria Nacional de Educaci\u00f3n, Artes, Ciencias y Tecnolog\u00eda \u2013 Trabajos destacados y Menciones especiales de la modalidad T\u00e9cnica 201<\/span><span style=\"line-height: 1.21em; font-size: 12.16px; text-decoration: underline;\">5<\/span><\/span><\/a><\/p>\n<p><span style=\"color: #000000;\"><a style=\"line-height: 1.21em; font-size: 12.16px;\" href=\"https:\/\/www.facebook.com\/FeriaNacionaldeCiencias?fref=ts\" target=\"_blank\"><span style=\"color: #000000;\">P\u00e1gina de Facebook de la Feria Nacional de Educaci\u00f3n, Artes, Ciencias y Tecnolog\u00eda\u00a0<\/span><\/a><\/span><\/p>\n<p>&nbsp;<\/p>\n<p><strong>Galer\u00eda de im\u00e1genes<\/strong><\/p>\n\n\t\t<style type=\"text\/css\">\n\t\t\t#gallery-1 {\n\t\t\t\tmargin: auto;\n\t\t\t}\n\t\t\t#gallery-1 .gallery-item {\n\t\t\t\tfloat: left;\n\t\t\t\tmargin-top: 10px;\n\t\t\t\ttext-align: center;\n\t\t\t\twidth: 20%;\n\t\t\t}\n\t\t\t#gallery-1 img {\n\t\t\t\tborder: 2px solid #cfcfcf;\n\t\t\t}\n\t\t\t#gallery-1 .gallery-caption {\n\t\t\t\tmargin-left: 0;\n\t\t\t}\n\t\t\t\/* see gallery_shortcode() in wp-includes\/media.php *\/\n\t\t<\/style>\n\t\t<div id='gallery-1' class='gallery galleryid-8234 gallery-columns-5 gallery-size-thumbnail'><dl class='gallery-item'>\n\t\t\t<dt class='gallery-icon portrait'>\n\t\t\t\t<a href='https:\/\/www.inet.edu.ar\/index.php\/en-la-feria-nacional-de-educacion-artes-ciencias-y-tecnologia-2015-la-modalidad-tecnica-recibio-trece-distinciones\/sistema-de-aplicaciones-dirigidas-de-agri-2\/#main'><img loading=\"lazy\" decoding=\"async\" width=\"150\" height=\"100\" src=\"https:\/\/www.inet.edu.ar\/wp-content\/uploads\/2015\/09\/sistema-de-aplicaciones-dirigidas-de-agri1-e1443559798299-150x100.jpg\" class=\"attachment-thumbnail size-thumbnail\" alt=\"\" \/><\/a>\n\t\t\t<\/dt><\/dl><dl class='gallery-item'>\n\t\t\t<dt class='gallery-icon landscape'>\n\t\t\t\t<a href='https:\/\/www.inet.edu.ar\/index.php\/en-la-feria-nacional-de-educacion-artes-ciencias-y-tecnologia-2015-la-modalidad-tecnica-recibio-trece-distinciones\/la-enfermedad-de-los-mil-sintomas-2\/#main'><img loading=\"lazy\" decoding=\"async\" width=\"150\" height=\"100\" src=\"https:\/\/www.inet.edu.ar\/wp-content\/uploads\/2015\/09\/la-enfermedad-de-los-mil-sintomas1-150x100.jpg\" class=\"attachment-thumbnail size-thumbnail\" alt=\"\" srcset=\"https:\/\/www.inet.edu.ar\/wp-content\/uploads\/2015\/09\/la-enfermedad-de-los-mil-sintomas1-150x100.jpg 150w, https:\/\/www.inet.edu.ar\/wp-content\/uploads\/2015\/09\/la-enfermedad-de-los-mil-sintomas1-240x160.jpg 240w, https:\/\/www.inet.edu.ar\/wp-content\/uploads\/2015\/09\/la-enfermedad-de-los-mil-sintomas1-468x312.jpg 468w\" sizes=\"auto, (max-width: 150px) 100vw, 150px\" \/><\/a>\n\t\t\t<\/dt><\/dl><dl class='gallery-item'>\n\t\t\t<dt class='gallery-icon landscape'>\n\t\t\t\t<a href='https:\/\/www.inet.edu.ar\/index.php\/en-la-feria-nacional-de-educacion-artes-ciencias-y-tecnologia-2015-la-modalidad-tecnica-recibio-trece-distinciones\/intercom-ip\/#main'><img loading=\"lazy\" decoding=\"async\" width=\"150\" height=\"100\" src=\"https:\/\/www.inet.edu.ar\/wp-content\/uploads\/2015\/09\/intercom-ip-150x100.jpg\" class=\"attachment-thumbnail size-thumbnail\" alt=\"\" srcset=\"https:\/\/www.inet.edu.ar\/wp-content\/uploads\/2015\/09\/intercom-ip-150x100.jpg 150w, https:\/\/www.inet.edu.ar\/wp-content\/uploads\/2015\/09\/intercom-ip-240x160.jpg 240w, https:\/\/www.inet.edu.ar\/wp-content\/uploads\/2015\/09\/intercom-ip-468x312.jpg 468w\" sizes=\"auto, (max-width: 150px) 100vw, 150px\" \/><\/a>\n\t\t\t<\/dt><\/dl><dl class='gallery-item'>\n\t\t\t<dt class='gallery-icon landscape'>\n\t\t\t\t<a href='https:\/\/www.inet.edu.ar\/index.php\/en-la-feria-nacional-de-educacion-artes-ciencias-y-tecnologia-2015-la-modalidad-tecnica-recibio-trece-distinciones\/defendiendo-la-memoria\/#main'><img loading=\"lazy\" decoding=\"async\" width=\"150\" height=\"100\" src=\"https:\/\/www.inet.edu.ar\/wp-content\/uploads\/2015\/09\/defendiendo-la-memoria-150x100.jpg\" class=\"attachment-thumbnail size-thumbnail\" alt=\"\" srcset=\"https:\/\/www.inet.edu.ar\/wp-content\/uploads\/2015\/09\/defendiendo-la-memoria-150x100.jpg 150w, https:\/\/www.inet.edu.ar\/wp-content\/uploads\/2015\/09\/defendiendo-la-memoria-240x160.jpg 240w, https:\/\/www.inet.edu.ar\/wp-content\/uploads\/2015\/09\/defendiendo-la-memoria-468x312.jpg 468w\" sizes=\"auto, (max-width: 150px) 100vw, 150px\" \/><\/a>\n\t\t\t<\/dt><\/dl><dl class='gallery-item'>\n\t\t\t<dt class='gallery-icon landscape'>\n\t\t\t\t<a href='https:\/\/www.inet.edu.ar\/index.php\/en-la-feria-nacional-de-educacion-artes-ciencias-y-tecnologia-2015-la-modalidad-tecnica-recibio-trece-distinciones\/el-click\/#main'><img loading=\"lazy\" decoding=\"async\" width=\"150\" height=\"100\" src=\"https:\/\/www.inet.edu.ar\/wp-content\/uploads\/2015\/09\/el-click-150x100.jpg\" class=\"attachment-thumbnail size-thumbnail\" alt=\"\" srcset=\"https:\/\/www.inet.edu.ar\/wp-content\/uploads\/2015\/09\/el-click-150x100.jpg 150w, https:\/\/www.inet.edu.ar\/wp-content\/uploads\/2015\/09\/el-click-240x160.jpg 240w, https:\/\/www.inet.edu.ar\/wp-content\/uploads\/2015\/09\/el-click-468x312.jpg 468w\" sizes=\"auto, (max-width: 150px) 100vw, 150px\" \/><\/a>\n\t\t\t<\/dt><\/dl><br style=\"clear: both\" \/><dl class='gallery-item'>\n\t\t\t<dt class='gallery-icon landscape'>\n\t\t\t\t<a href='https:\/\/www.inet.edu.ar\/index.php\/en-la-feria-nacional-de-educacion-artes-ciencias-y-tecnologia-2015-la-modalidad-tecnica-recibio-trece-distinciones\/insercion-productiva-plegadora-electrom\/#main'><img loading=\"lazy\" decoding=\"async\" width=\"150\" height=\"100\" src=\"https:\/\/www.inet.edu.ar\/wp-content\/uploads\/2015\/09\/insercion-productiva-plegadora-electrom-150x100.jpg\" class=\"attachment-thumbnail size-thumbnail\" alt=\"\" srcset=\"https:\/\/www.inet.edu.ar\/wp-content\/uploads\/2015\/09\/insercion-productiva-plegadora-electrom-150x100.jpg 150w, https:\/\/www.inet.edu.ar\/wp-content\/uploads\/2015\/09\/insercion-productiva-plegadora-electrom-240x160.jpg 240w, https:\/\/www.inet.edu.ar\/wp-content\/uploads\/2015\/09\/insercion-productiva-plegadora-electrom-468x312.jpg 468w\" sizes=\"auto, (max-width: 150px) 100vw, 150px\" \/><\/a>\n\t\t\t<\/dt><\/dl><dl class='gallery-item'>\n\t\t\t<dt class='gallery-icon landscape'>\n\t\t\t\t<a href='https:\/\/www.inet.edu.ar\/index.php\/en-la-feria-nacional-de-educacion-artes-ciencias-y-tecnologia-2015-la-modalidad-tecnica-recibio-trece-distinciones\/como-maximizar-tu-ahorro\/#main'><img loading=\"lazy\" decoding=\"async\" width=\"150\" height=\"100\" src=\"https:\/\/www.inet.edu.ar\/wp-content\/uploads\/2015\/09\/como-maximizar-tu-ahorro-150x100.jpg\" class=\"attachment-thumbnail size-thumbnail\" alt=\"\" srcset=\"https:\/\/www.inet.edu.ar\/wp-content\/uploads\/2015\/09\/como-maximizar-tu-ahorro-150x100.jpg 150w, https:\/\/www.inet.edu.ar\/wp-content\/uploads\/2015\/09\/como-maximizar-tu-ahorro-240x160.jpg 240w, https:\/\/www.inet.edu.ar\/wp-content\/uploads\/2015\/09\/como-maximizar-tu-ahorro-468x312.jpg 468w\" sizes=\"auto, (max-width: 150px) 100vw, 150px\" \/><\/a>\n\t\t\t<\/dt><\/dl><dl class='gallery-item'>\n\t\t\t<dt class='gallery-icon landscape'>\n\t\t\t\t<a href='https:\/\/www.inet.edu.ar\/index.php\/en-la-feria-nacional-de-educacion-artes-ciencias-y-tecnologia-2015-la-modalidad-tecnica-recibio-trece-distinciones\/estas-en-rojo\/#main'><img loading=\"lazy\" decoding=\"async\" width=\"150\" height=\"100\" src=\"https:\/\/www.inet.edu.ar\/wp-content\/uploads\/2015\/09\/estas-en-rojo-150x100.jpg\" class=\"attachment-thumbnail size-thumbnail\" alt=\"\" srcset=\"https:\/\/www.inet.edu.ar\/wp-content\/uploads\/2015\/09\/estas-en-rojo-150x100.jpg 150w, https:\/\/www.inet.edu.ar\/wp-content\/uploads\/2015\/09\/estas-en-rojo-240x160.jpg 240w, https:\/\/www.inet.edu.ar\/wp-content\/uploads\/2015\/09\/estas-en-rojo-468x312.jpg 468w\" sizes=\"auto, (max-width: 150px) 100vw, 150px\" \/><\/a>\n\t\t\t<\/dt><\/dl><dl class='gallery-item'>\n\t\t\t<dt class='gallery-icon landscape'>\n\t\t\t\t<a href='https:\/\/www.inet.edu.ar\/index.php\/en-la-feria-nacional-de-educacion-artes-ciencias-y-tecnologia-2015-la-modalidad-tecnica-recibio-trece-distinciones\/feria-nacional-en-puerto-iguazu\/#main'><img loading=\"lazy\" decoding=\"async\" width=\"150\" height=\"100\" src=\"https:\/\/www.inet.edu.ar\/wp-content\/uploads\/2015\/09\/Feria-Nacional-en-Puerto-Iguazu-150x100.jpg\" class=\"attachment-thumbnail size-thumbnail\" alt=\"\" srcset=\"https:\/\/www.inet.edu.ar\/wp-content\/uploads\/2015\/09\/Feria-Nacional-en-Puerto-Iguazu-150x100.jpg 150w, https:\/\/www.inet.edu.ar\/wp-content\/uploads\/2015\/09\/Feria-Nacional-en-Puerto-Iguazu-240x160.jpg 240w, https:\/\/www.inet.edu.ar\/wp-content\/uploads\/2015\/09\/Feria-Nacional-en-Puerto-Iguazu-468x312.jpg 468w\" sizes=\"auto, (max-width: 150px) 100vw, 150px\" \/><\/a>\n\t\t\t<\/dt><\/dl><dl class='gallery-item'>\n\t\t\t<dt class='gallery-icon landscape'>\n\t\t\t\t<a href='https:\/\/www.inet.edu.ar\/index.php\/en-la-feria-nacional-de-educacion-artes-ciencias-y-tecnologia-2015-la-modalidad-tecnica-recibio-trece-distinciones\/diferenciando-la-produccion\/#main'><img loading=\"lazy\" decoding=\"async\" width=\"150\" height=\"100\" src=\"https:\/\/www.inet.edu.ar\/wp-content\/uploads\/2015\/09\/diferenciando-la-produccion-150x100.jpg\" class=\"attachment-thumbnail size-thumbnail\" alt=\"\" srcset=\"https:\/\/www.inet.edu.ar\/wp-content\/uploads\/2015\/09\/diferenciando-la-produccion-150x100.jpg 150w, https:\/\/www.inet.edu.ar\/wp-content\/uploads\/2015\/09\/diferenciando-la-produccion-240x160.jpg 240w, https:\/\/www.inet.edu.ar\/wp-content\/uploads\/2015\/09\/diferenciando-la-produccion-468x312.jpg 468w\" sizes=\"auto, (max-width: 150px) 100vw, 150px\" \/><\/a>\n\t\t\t<\/dt><\/dl><br style=\"clear: both\" \/><dl class='gallery-item'>\n\t\t\t<dt class='gallery-icon landscape'>\n\t\t\t\t<a href='https:\/\/www.inet.edu.ar\/index.php\/en-la-feria-nacional-de-educacion-artes-ciencias-y-tecnologia-2015-la-modalidad-tecnica-recibio-trece-distinciones\/salvando-nuestro-suelo-2\/#main'><img loading=\"lazy\" decoding=\"async\" width=\"150\" height=\"100\" src=\"https:\/\/www.inet.edu.ar\/wp-content\/uploads\/2015\/09\/salvando-nuestro-suelo1-150x100.jpg\" class=\"attachment-thumbnail size-thumbnail\" alt=\"\" srcset=\"https:\/\/www.inet.edu.ar\/wp-content\/uploads\/2015\/09\/salvando-nuestro-suelo1-150x100.jpg 150w, https:\/\/www.inet.edu.ar\/wp-content\/uploads\/2015\/09\/salvando-nuestro-suelo1-240x160.jpg 240w, https:\/\/www.inet.edu.ar\/wp-content\/uploads\/2015\/09\/salvando-nuestro-suelo1-468x312.jpg 468w\" sizes=\"auto, (max-width: 150px) 100vw, 150px\" \/><\/a>\n\t\t\t<\/dt><\/dl><dl class='gallery-item'>\n\t\t\t<dt class='gallery-icon landscape'>\n\t\t\t\t<a href='https:\/\/www.inet.edu.ar\/index.php\/en-la-feria-nacional-de-educacion-artes-ciencias-y-tecnologia-2015-la-modalidad-tecnica-recibio-trece-distinciones\/conectados-por-el-panico\/#main'><img loading=\"lazy\" decoding=\"async\" width=\"150\" height=\"100\" src=\"https:\/\/www.inet.edu.ar\/wp-content\/uploads\/2015\/09\/conectados-por-el-panico-150x100.jpg\" class=\"attachment-thumbnail size-thumbnail\" alt=\"\" srcset=\"https:\/\/www.inet.edu.ar\/wp-content\/uploads\/2015\/09\/conectados-por-el-panico-150x100.jpg 150w, https:\/\/www.inet.edu.ar\/wp-content\/uploads\/2015\/09\/conectados-por-el-panico-240x160.jpg 240w, https:\/\/www.inet.edu.ar\/wp-content\/uploads\/2015\/09\/conectados-por-el-panico-468x312.jpg 468w\" sizes=\"auto, (max-width: 150px) 100vw, 150px\" \/><\/a>\n\t\t\t<\/dt><\/dl><dl class='gallery-item'>\n\t\t\t<dt class='gallery-icon landscape'>\n\t\t\t\t<a href='https:\/\/www.inet.edu.ar\/index.php\/en-la-feria-nacional-de-educacion-artes-ciencias-y-tecnologia-2015-la-modalidad-tecnica-recibio-trece-distinciones\/calorcito-de-vida\/#main'><img loading=\"lazy\" decoding=\"async\" width=\"150\" height=\"100\" src=\"https:\/\/www.inet.edu.ar\/wp-content\/uploads\/2015\/09\/calorcito-de-vida-150x100.jpg\" class=\"attachment-thumbnail size-thumbnail\" alt=\"\" srcset=\"https:\/\/www.inet.edu.ar\/wp-content\/uploads\/2015\/09\/calorcito-de-vida-150x100.jpg 150w, https:\/\/www.inet.edu.ar\/wp-content\/uploads\/2015\/09\/calorcito-de-vida-240x160.jpg 240w, https:\/\/www.inet.edu.ar\/wp-content\/uploads\/2015\/09\/calorcito-de-vida-468x312.jpg 468w\" sizes=\"auto, (max-width: 150px) 100vw, 150px\" \/><\/a>\n\t\t\t<\/dt><\/dl><dl class='gallery-item'>\n\t\t\t<dt class='gallery-icon landscape'>\n\t\t\t\t<a href='https:\/\/www.inet.edu.ar\/index.php\/en-la-feria-nacional-de-educacion-artes-ciencias-y-tecnologia-2015-la-modalidad-tecnica-recibio-trece-distinciones\/ojos-que-no-ven-2\/#main'><img loading=\"lazy\" decoding=\"async\" width=\"150\" height=\"100\" src=\"https:\/\/www.inet.edu.ar\/wp-content\/uploads\/2015\/09\/ojos-que-no-ven1-150x100.jpg\" class=\"attachment-thumbnail size-thumbnail\" alt=\"\" srcset=\"https:\/\/www.inet.edu.ar\/wp-content\/uploads\/2015\/09\/ojos-que-no-ven1-150x100.jpg 150w, https:\/\/www.inet.edu.ar\/wp-content\/uploads\/2015\/09\/ojos-que-no-ven1-240x160.jpg 240w, https:\/\/www.inet.edu.ar\/wp-content\/uploads\/2015\/09\/ojos-que-no-ven1-468x312.jpg 468w\" sizes=\"auto, (max-width: 150px) 100vw, 150px\" \/><\/a>\n\t\t\t<\/dt><\/dl>\n\t\t\t<br style='clear: both' \/>\n\t\t<\/div>\n\n","protected":false},"excerpt":{"rendered":"<p>El viernes 25 de septiembre finaliz\u00f3 la Feria Nacional de Educaci\u00f3n, Artes, Ciencias y Tecnolog\u00eda 2015. La muestra se desarroll\u00f3 desde el lunes \u00a021 en el Polideportivo de Gendarmer\u00eda Nacional, de la ciudad de Puerto Iguaz\u00fa. Estuvieron presentes el Ministro de Cultura, Educaci\u00f3n, Ciencia y Tecnolog\u00eda de Misiones, Ing. Luis Jacobo; el Subsecretario de Equidad [&hellip;]<\/p>\n","protected":false},"author":7,"featured_media":8235,"comment_status":"closed","ping_status":"open","sticky":false,"template":"","format":"standard","meta":{"footnotes":""},"categories":[1],"tags":[],"class_list":["post-8234","post","type-post","status-publish","format-standard","has-post-thumbnail","hentry","category-noticias"],"_links":{"self":[{"href":"https:\/\/www.inet.edu.ar\/index.php\/wp-json\/wp\/v2\/posts\/8234","targetHints":{"allow":["GET"]}}],"collection":[{"href":"https:\/\/www.inet.edu.ar\/index.php\/wp-json\/wp\/v2\/posts"}],"about":[{"href":"https:\/\/www.inet.edu.ar\/index.php\/wp-json\/wp\/v2\/types\/post"}],"author":[{"embeddable":true,"href":"https:\/\/www.inet.edu.ar\/index.php\/wp-json\/wp\/v2\/users\/7"}],"replies":[{"embeddable":true,"href":"https:\/\/www.inet.edu.ar\/index.php\/wp-json\/wp\/v2\/comments?post=8234"}],"version-history":[{"count":11,"href":"https:\/\/www.inet.edu.ar\/index.php\/wp-json\/wp\/v2\/posts\/8234\/revisions"}],"predecessor-version":[{"id":8263,"href":"https:\/\/www.inet.edu.ar\/index.php\/wp-json\/wp\/v2\/posts\/8234\/revisions\/8263"}],"wp:featuredmedia":[{"embeddable":true,"href":"https:\/\/www.inet.edu.ar\/index.php\/wp-json\/wp\/v2\/media\/8235"}],"wp:attachment":[{"href":"https:\/\/www.inet.edu.ar\/index.php\/wp-json\/wp\/v2\/media?parent=8234"}],"wp:term":[{"taxonomy":"category","embeddable":true,"href":"https:\/\/www.inet.edu.ar\/index.php\/wp-json\/wp\/v2\/categories?post=8234"},{"taxonomy":"post_tag","embeddable":true,"href":"https:\/\/www.inet.edu.ar\/index.php\/wp-json\/wp\/v2\/tags?post=8234"}],"curies":[{"name":"wp","href":"https:\/\/api.w.org\/{rel}","templated":true}]}}