{"id":8340,"date":"2015-10-05T16:01:57","date_gmt":"2015-10-05T19:01:57","guid":{"rendered":"https:\/\/www.inet.edu.ar\/?p=8340"},"modified":"2015-10-06T12:16:47","modified_gmt":"2015-10-06T15:16:47","slug":"la-presidenta-de-la-nacion-inauguro-talleres-para-una-escuela-tecnica-en-el-calafate","status":"publish","type":"post","link":"https:\/\/www.inet.edu.ar\/index.php\/la-presidenta-de-la-nacion-inauguro-talleres-para-una-escuela-tecnica-en-el-calafate\/","title":{"rendered":"La Presidenta de la Naci\u00f3n inaugur\u00f3 talleres para una escuela t\u00e9cnica en El Calafate"},"content":{"rendered":"<p><a href=\"https:\/\/www.inet.edu.ar\/wp-content\/uploads\/2015\/10\/Ministro-de-Educacion-junto-al-Prof.-Aragundi-en-El-Calafate.jpg\"><img loading=\"lazy\" decoding=\"async\" class=\"alignleft size-thumbnail wp-image-8341\" title=\"Ministro de Educacion junto al Prof. Aragundi en El Calafate\" src=\"https:\/\/www.inet.edu.ar\/wp-content\/uploads\/2015\/10\/Ministro-de-Educacion-junto-al-Prof.-Aragundi-en-El-Calafate-150x100.jpg\" alt=\"\" width=\"150\" height=\"100\" \/><\/a>Santa Cruz<\/p>\n<p>El viernes 2 de octubre, la Presidenta de la Naci\u00f3n, Dra. Cristina Fern\u00e1ndez de Kirchner, inaugur\u00f3, a trav\u00e9s de una videoconferencia, los nuevos talleres de la Escuela Industrial N\u00ba 9 \u201cJos\u00e9 Antonio Pantin N\u00b0 41\u201d de El Calafate.<\/p>\n<p><span style=\"line-height: 1.21em; font-size: 12.16px;\">Desde esa ciudad, encabez\u00f3 el evento el Ministro de Educaci\u00f3n, Prof. Alberto Sileoni, junto al Director Ejecutivo del INET, Prof. Eduardo Aragundi. Estuvieron presentes el Intendente de la ciudad, Javier Belloni; y el Director a cargo de la instituci\u00f3n, Franco Siviero con los estudiantes Hern\u00e1n Mareco y Mariana Rodr\u00edguez.<\/span><\/p>\n<p><span style=\"line-height: 1.21em; font-size: 12.16px;\">El Ministro Sileoni destac\u00f3 que desde la puesta en marcha de la Ley de Educaci\u00f3n T\u00e9cnicoProfesional (N\u00b0 26.058) se recuper\u00f3 la Educaci\u00f3n T\u00e9cnica con un incremento en la curr\u00edcula del 25% en general, y un crecimiento en el alumnado femenino. \u00ab<\/span><em style=\"line-height: 1.21em; font-size: 12.16px;\">Tenemos evidencia de que los j\u00f3venes que egresan de escuelas t\u00e9cnicas consiguen trabajo r\u00e1pidamente y el 70% de esos egresados siguen carreras universitarias\u00bb<\/em><span style=\"line-height: 1.21em; font-size: 12.16px;\">, asegur\u00f3 el titular de la cartera educativa.<\/span><\/p>\n<p><span style=\"line-height: 1.21em; font-size: 12.16px;\">Adem\u00e1s de la inauguraci\u00f3n de los talleres, el Ministerio de Educaci\u00f3n de la Naci\u00f3n, a trav\u00e9s del INET, entreg\u00f3 por Plan de Mejora equipamiento para los espacios formativos de la escuela por una suma de $1.019.734.-<\/span><\/p>\n<p><span style=\"line-height: 1.21em; font-size: 12.16px;\">Durante el discurso, la Dra. Fern\u00e1ndez de Kirchner realiz\u00f3, entre otras medidas, inauguraciones obras de la Universidad Tecnol\u00f3gica \u201cPresidente Dr. Nestor Carlos Kirchner\u201d; conectividad de ciudades santacruce\u00f1as por medio fibra \u00f3ptica; y obras en La Planta y Mor\u00f3n a trav\u00e9s de videoconferencias.<\/span><\/p>\n<p><span style=\"line-height: 1.21em; font-size: 12.16px;\">Durante el acto, la primera mandataria estuvo acompa\u00f1ada por los ministros de Desarrollo Social, Alicia Kirchner, de Planificaci\u00f3n, Julio De Vido, y por el secretario de Legal y T\u00e9cnica, Carlos Zannini.<\/span><\/p>\n<p>&nbsp;<\/p>\n<p><strong>Acerca de la Escuela T\u00e9cnica N\u00b0 9<\/strong><\/p>\n<p><span style=\"line-height: 1.21em; font-size: 12.16px;\">La escuela, creada en el a\u00f1o 2011, es la primer escuela t\u00e9cnica de El Calafate. Posee una matr\u00edcula de 315 alumnos regulares. Hasta el momento funcionaba en 4 edificios distintos; uno de los cuales no pertenec\u00eda a la escuela sino que era alquilado para que funcionaran los talleres.<\/span><\/p>\n<p><span style=\"line-height: 1.21em; font-size: 12.16px;\">Este nuevo edificio inaugurado por la Presidenta, est\u00e1 inserto en un polo educativo que ya cuenta con jard\u00edn de infantes y escuela primaria. Con esta nueva obra, la escuela cuenta con talleres propios y no tendr\u00e1 necesidad de alquilarlos.<\/span><\/p>\n<p>&nbsp;<\/p>\n<p><strong>Noticias relacionadas<\/strong><\/p>\n<p><a href=\"http:\/\/www.casarosada.gob.ar\/slider-principal\/29115-el-proyecto-politico-del-que-hablamos-no-tiene-apellido-se-llama-argentina-afirmo-la-presidenta-una-sede-universitaria-en-santa-cruz\" target=\"_blank\"><strong>\u201cEl proyecto pol\u00edtico del que hablamos no tiene apellido: se llama Argentina\u201d, afirm\u00f3 la Presidenta al inaugurar una sede universitaria en Santa Cruz<\/strong> \u2013 Portal de Casa de Gobierno<\/a><\/p>\n<p><a href=\"http:\/\/www.elcalafate.gov.ar\/?p=2131\" target=\"_blank\"><strong style=\"line-height: 1.21em; font-size: 12.16px;\">\u201cBelloni junto al Ministro Alberto Sileoni inauguraron los talleres de la Escuela T\u00e9cnica N\u00b0 9\u201d<\/strong><\/a><span style=\"line-height: 1.21em; font-size: 12.16px;\"><a href=\"http:\/\/www.elcalafate.gov.ar\/?p=2131\" target=\"_blank\"> -Portal de la Municipalidad de El Calafate<\/a>\u00a0<\/span><\/p>\n<p>&nbsp;<\/p>\n<p><strong>Galer\u00eda de im\u00e1genes<\/strong><\/p>\n\n\t\t<style type=\"text\/css\">\n\t\t\t#gallery-1 {\n\t\t\t\tmargin: auto;\n\t\t\t}\n\t\t\t#gallery-1 .gallery-item {\n\t\t\t\tfloat: left;\n\t\t\t\tmargin-top: 10px;\n\t\t\t\ttext-align: center;\n\t\t\t\twidth: 20%;\n\t\t\t}\n\t\t\t#gallery-1 img {\n\t\t\t\tborder: 2px solid #cfcfcf;\n\t\t\t}\n\t\t\t#gallery-1 .gallery-caption {\n\t\t\t\tmargin-left: 0;\n\t\t\t}\n\t\t\t\/* see gallery_shortcode() in wp-includes\/media.php *\/\n\t\t<\/style>\n\t\t<div id='gallery-1' class='gallery galleryid-8340 gallery-columns-5 gallery-size-thumbnail'><dl class='gallery-item'>\n\t\t\t<dt class='gallery-icon landscape'>\n\t\t\t\t<a href='https:\/\/www.inet.edu.ar\/index.php\/la-presidenta-de-la-nacion-inauguro-talleres-para-una-escuela-tecnica-en-el-calafate\/herramientas-2\/#main'><img loading=\"lazy\" decoding=\"async\" width=\"150\" height=\"100\" src=\"https:\/\/www.inet.edu.ar\/wp-content\/uploads\/2015\/10\/Herramientas-2-150x100.jpg\" class=\"attachment-thumbnail size-thumbnail\" alt=\"\" \/><\/a>\n\t\t\t<\/dt><\/dl><dl class='gallery-item'>\n\t\t\t<dt class='gallery-icon landscape'>\n\t\t\t\t<a href='https:\/\/www.inet.edu.ar\/index.php\/la-presidenta-de-la-nacion-inauguro-talleres-para-una-escuela-tecnica-en-el-calafate\/herramientas\/#main'><img loading=\"lazy\" decoding=\"async\" width=\"150\" height=\"100\" src=\"https:\/\/www.inet.edu.ar\/wp-content\/uploads\/2015\/10\/Herramientas-150x100.jpg\" class=\"attachment-thumbnail size-thumbnail\" alt=\"\" \/><\/a>\n\t\t\t<\/dt><\/dl><dl class='gallery-item'>\n\t\t\t<dt class='gallery-icon landscape'>\n\t\t\t\t<a href='https:\/\/www.inet.edu.ar\/index.php\/la-presidenta-de-la-nacion-inauguro-talleres-para-una-escuela-tecnica-en-el-calafate\/nuevo-taller\/#main'><img loading=\"lazy\" decoding=\"async\" width=\"150\" height=\"100\" src=\"https:\/\/www.inet.edu.ar\/wp-content\/uploads\/2015\/10\/Nuevo-Taller-150x100.jpg\" class=\"attachment-thumbnail size-thumbnail\" alt=\"\" \/><\/a>\n\t\t\t<\/dt><\/dl><dl class='gallery-item'>\n\t\t\t<dt class='gallery-icon landscape'>\n\t\t\t\t<a href='https:\/\/www.inet.edu.ar\/index.php\/la-presidenta-de-la-nacion-inauguro-talleres-para-una-escuela-tecnica-en-el-calafate\/estudiantes-en-taller-2\/#main'><img loading=\"lazy\" decoding=\"async\" width=\"150\" height=\"100\" src=\"https:\/\/www.inet.edu.ar\/wp-content\/uploads\/2015\/10\/estudiantes-en-taller-2-150x100.jpg\" class=\"attachment-thumbnail size-thumbnail\" alt=\"\" \/><\/a>\n\t\t\t<\/dt><\/dl><dl class='gallery-item'>\n\t\t\t<dt class='gallery-icon landscape'>\n\t\t\t\t<a href='https:\/\/www.inet.edu.ar\/index.php\/la-presidenta-de-la-nacion-inauguro-talleres-para-una-escuela-tecnica-en-el-calafate\/estudiantes-en-el-aula\/#main'><img loading=\"lazy\" decoding=\"async\" width=\"150\" height=\"100\" src=\"https:\/\/www.inet.edu.ar\/wp-content\/uploads\/2015\/10\/Estudiantes-en-el-aula-150x100.jpg\" class=\"attachment-thumbnail size-thumbnail\" alt=\"\" \/><\/a>\n\t\t\t<\/dt><\/dl><br style=\"clear: both\" \/><dl class='gallery-item'>\n\t\t\t<dt class='gallery-icon landscape'>\n\t\t\t\t<a href='https:\/\/www.inet.edu.ar\/index.php\/la-presidenta-de-la-nacion-inauguro-talleres-para-una-escuela-tecnica-en-el-calafate\/taller-nuevo\/#main'><img loading=\"lazy\" decoding=\"async\" width=\"150\" height=\"100\" src=\"https:\/\/www.inet.edu.ar\/wp-content\/uploads\/2015\/10\/Taller-nuevo-150x100.jpg\" class=\"attachment-thumbnail size-thumbnail\" alt=\"\" \/><\/a>\n\t\t\t<\/dt><\/dl><dl class='gallery-item'>\n\t\t\t<dt class='gallery-icon landscape'>\n\t\t\t\t<a href='https:\/\/www.inet.edu.ar\/index.php\/la-presidenta-de-la-nacion-inauguro-talleres-para-una-escuela-tecnica-en-el-calafate\/ministro-de-educacion-junto-al-prof-aragundi-en-el-calafate\/#main'><img loading=\"lazy\" decoding=\"async\" width=\"150\" height=\"100\" src=\"https:\/\/www.inet.edu.ar\/wp-content\/uploads\/2015\/10\/Ministro-de-Educacion-junto-al-Prof.-Aragundi-en-El-Calafate-150x100.jpg\" class=\"attachment-thumbnail size-thumbnail\" alt=\"\" \/><\/a>\n\t\t\t<\/dt><\/dl><dl class='gallery-item'>\n\t\t\t<dt class='gallery-icon landscape'>\n\t\t\t\t<a href='https:\/\/www.inet.edu.ar\/index.php\/la-presidenta-de-la-nacion-inauguro-talleres-para-una-escuela-tecnica-en-el-calafate\/estudiantes-en-taller-3\/#main'><img loading=\"lazy\" decoding=\"async\" width=\"150\" height=\"100\" src=\"https:\/\/www.inet.edu.ar\/wp-content\/uploads\/2015\/10\/estudiantes-en-taller-3-150x100.jpg\" class=\"attachment-thumbnail size-thumbnail\" alt=\"\" \/><\/a>\n\t\t\t<\/dt><\/dl><dl class='gallery-item'>\n\t\t\t<dt class='gallery-icon landscape'>\n\t\t\t\t<a href='https:\/\/www.inet.edu.ar\/index.php\/la-presidenta-de-la-nacion-inauguro-talleres-para-una-escuela-tecnica-en-el-calafate\/edificio-nuevo-taller\/#main'><img loading=\"lazy\" decoding=\"async\" width=\"150\" height=\"100\" src=\"https:\/\/www.inet.edu.ar\/wp-content\/uploads\/2015\/10\/Edificio-nuevo-taller-150x100.jpg\" class=\"attachment-thumbnail size-thumbnail\" alt=\"\" \/><\/a>\n\t\t\t<\/dt><\/dl><dl class='gallery-item'>\n\t\t\t<dt class='gallery-icon landscape'>\n\t\t\t\t<a href='https:\/\/www.inet.edu.ar\/index.php\/la-presidenta-de-la-nacion-inauguro-talleres-para-una-escuela-tecnica-en-el-calafate\/taller-2\/#main'><img loading=\"lazy\" decoding=\"async\" width=\"150\" height=\"100\" src=\"https:\/\/www.inet.edu.ar\/wp-content\/uploads\/2015\/10\/taller-2-150x100.jpg\" class=\"attachment-thumbnail size-thumbnail\" alt=\"\" \/><\/a>\n\t\t\t<\/dt><\/dl><br style=\"clear: both\" \/><dl class='gallery-item'>\n\t\t\t<dt class='gallery-icon landscape'>\n\t\t\t\t<a href='https:\/\/www.inet.edu.ar\/index.php\/la-presidenta-de-la-nacion-inauguro-talleres-para-una-escuela-tecnica-en-el-calafate\/estudiantes-en-taller\/#main'><img loading=\"lazy\" decoding=\"async\" width=\"150\" height=\"100\" src=\"https:\/\/www.inet.edu.ar\/wp-content\/uploads\/2015\/10\/estudiantes-en-taller-150x100.jpg\" class=\"attachment-thumbnail size-thumbnail\" alt=\"\" \/><\/a>\n\t\t\t<\/dt><\/dl><dl class='gallery-item'>\n\t\t\t<dt class='gallery-icon landscape'>\n\t\t\t\t<a href='https:\/\/www.inet.edu.ar\/index.php\/la-presidenta-de-la-nacion-inauguro-talleres-para-una-escuela-tecnica-en-el-calafate\/taller-anterior-alquilado\/#main'><img loading=\"lazy\" decoding=\"async\" width=\"150\" height=\"100\" src=\"https:\/\/www.inet.edu.ar\/wp-content\/uploads\/2015\/10\/Taller-anterior-alquilado-150x100.jpg\" class=\"attachment-thumbnail size-thumbnail\" alt=\"\" \/><\/a>\n\t\t\t<\/dt><\/dl><dl class='gallery-item'>\n\t\t\t<dt class='gallery-icon landscape'>\n\t\t\t\t<a href='https:\/\/www.inet.edu.ar\/index.php\/la-presidenta-de-la-nacion-inauguro-talleres-para-una-escuela-tecnica-en-el-calafate\/taller\/#main'><img loading=\"lazy\" decoding=\"async\" width=\"150\" height=\"100\" src=\"https:\/\/www.inet.edu.ar\/wp-content\/uploads\/2015\/10\/taller-150x100.jpg\" class=\"attachment-thumbnail size-thumbnail\" alt=\"\" \/><\/a>\n\t\t\t<\/dt><\/dl>\n\t\t\t<br style='clear: both' \/>\n\t\t<\/div>\n\n","protected":false},"excerpt":{"rendered":"<p>Santa Cruz El viernes 2 de octubre, la Presidenta de la Naci\u00f3n, Dra. Cristina Fern\u00e1ndez de Kirchner, inaugur\u00f3, a trav\u00e9s de una videoconferencia, los nuevos talleres de la Escuela Industrial N\u00ba 9 \u201cJos\u00e9 Antonio Pantin N\u00b0 41\u201d de El Calafate. Desde esa ciudad, encabez\u00f3 el evento el Ministro de Educaci\u00f3n, Prof. Alberto Sileoni, junto al [&hellip;]<\/p>\n","protected":false},"author":7,"featured_media":8341,"comment_status":"closed","ping_status":"open","sticky":false,"template":"","format":"standard","meta":{"footnotes":""},"categories":[1],"tags":[],"class_list":["post-8340","post","type-post","status-publish","format-standard","has-post-thumbnail","hentry","category-noticias"],"_links":{"self":[{"href":"https:\/\/www.inet.edu.ar\/index.php\/wp-json\/wp\/v2\/posts\/8340","targetHints":{"allow":["GET"]}}],"collection":[{"href":"https:\/\/www.inet.edu.ar\/index.php\/wp-json\/wp\/v2\/posts"}],"about":[{"href":"https:\/\/www.inet.edu.ar\/index.php\/wp-json\/wp\/v2\/types\/post"}],"author":[{"embeddable":true,"href":"https:\/\/www.inet.edu.ar\/index.php\/wp-json\/wp\/v2\/users\/7"}],"replies":[{"embeddable":true,"href":"https:\/\/www.inet.edu.ar\/index.php\/wp-json\/wp\/v2\/comments?post=8340"}],"version-history":[{"count":3,"href":"https:\/\/www.inet.edu.ar\/index.php\/wp-json\/wp\/v2\/posts\/8340\/revisions"}],"predecessor-version":[{"id":8343,"href":"https:\/\/www.inet.edu.ar\/index.php\/wp-json\/wp\/v2\/posts\/8340\/revisions\/8343"}],"wp:featuredmedia":[{"embeddable":true,"href":"https:\/\/www.inet.edu.ar\/index.php\/wp-json\/wp\/v2\/media\/8341"}],"wp:attachment":[{"href":"https:\/\/www.inet.edu.ar\/index.php\/wp-json\/wp\/v2\/media?parent=8340"}],"wp:term":[{"taxonomy":"category","embeddable":true,"href":"https:\/\/www.inet.edu.ar\/index.php\/wp-json\/wp\/v2\/categories?post=8340"},{"taxonomy":"post_tag","embeddable":true,"href":"https:\/\/www.inet.edu.ar\/index.php\/wp-json\/wp\/v2\/tags?post=8340"}],"curies":[{"name":"wp","href":"https:\/\/api.w.org\/{rel}","templated":true}]}}