{"id":8482,"date":"2015-10-23T10:00:01","date_gmt":"2015-10-23T13:00:01","guid":{"rendered":"https:\/\/www.inet.edu.ar\/?p=8482"},"modified":"2015-10-23T11:24:07","modified_gmt":"2015-10-23T14:24:07","slug":"estudiantes-de-una-escuela-tecnica-de-la-provincia-de-buenos-aires-representaran-al-pais-en-una-feria-de-ciencia-y-tecnologia-de-brasil","status":"publish","type":"post","link":"https:\/\/www.inet.edu.ar\/index.php\/estudiantes-de-una-escuela-tecnica-de-la-provincia-de-buenos-aires-representaran-al-pais-en-una-feria-de-ciencia-y-tecnologia-de-brasil\/","title":{"rendered":"Estudiantes de una escuela t\u00e9cnica de la provincia de Buenos Aires representar\u00e1n al pa\u00eds en una Feria de Ciencia y Tecnolog\u00eda de Brasil"},"content":{"rendered":"<p align=\"center\"><span style=\"line-height: 1.21em; font-size: 12.16px;\">El director ejecutivo del INET <\/span><strong style=\"line-height: 1.21em; font-size: 12.16px;\">Prof Eduardo Aragundi<\/strong><span style=\"line-height: 1.21em; font-size: 12.16px;\"> recibi\u00f3 al equipo antes de que emprendan su viaje<\/span><\/p>\n<p><span style=\"line-height: 1.21em; font-size: 12.16px;\"><a href=\"https:\/\/www.inet.edu.ar\/wp-content\/uploads\/2015\/10\/DSC_0217.jpg\"><img loading=\"lazy\" decoding=\"async\" class=\"alignleft size-thumbnail wp-image-8483\" title=\"El director ejecutivo del INET recibi\u00f3 al equipo de provincia de Buenos Aires que viajar\u00e1 a representar al pa\u00eds a Brasil\" src=\"https:\/\/www.inet.edu.ar\/wp-content\/uploads\/2015\/10\/DSC_0217-150x100.jpg\" alt=\"\" width=\"150\" height=\"100\" \/><\/a>Los estudiantes <\/span><strong style=\"line-height: 1.21em; font-size: 12.16px;\">Antonella Camila Dema<\/strong><span style=\"line-height: 1.21em; font-size: 12.16px;\"> y <\/span><strong style=\"line-height: 1.21em; font-size: 12.16px;\">Hern\u00e1n Alejandro Hidalgo<\/strong><span style=\"line-height: 1.21em; font-size: 12.16px;\"> de la especialidad t\u00e9cnica <\/span><em style=\"line-height: 1.21em; font-size: 12.16px;\">Tecnolog\u00eda en alimentos<\/em><span style=\"line-height: 1.21em; font-size: 12.16px;\">, junto al docente <\/span><strong style=\"line-height: 1.21em; font-size: 12.16px;\">Ra\u00fal Alberto Carnero<\/strong><span style=\"line-height: 1.21em; font-size: 12.16px;\">, de la Escuela de Ense\u00f1anza Secundaria T\u00e9cnica N\u00ba 2 \u201cAlemania\u201d, San Mart\u00edn, Villa Ballester, provincia de Buenos Aires, representar\u00e1n a la Argentina en la Muestra Internacional de Ciencias y Tecnolog\u00eda MOSTRATEC 2015, en la ciudad de Novo Hamburgo, Brasil, a desarrollarse del 26 al 30 de octubre de este a\u00f1o.<\/span><\/p>\n<p><span style=\"line-height: 1.21em; font-size: 12.16px;\">El proyecto se denomina \u00abElectrofotocat\u00e1lisis, una propuesta tecnol\u00f3gica para sanear r\u00edos contaminados\u00bb y tiene como prop\u00f3sito aportar soluciones para disminuir las descargas contaminantes que llegan al R\u00edo de la Plata a trav\u00e9s de los r\u00edos y\/o arroyos entubados que lo contaminan en forma progresiva, comprometiendo as\u00ed los procesos de potabilizaci\u00f3n en un futuro mediato. De este modo se espera dar un aporte para el cuidado del medio ambiente y la salud de los habitantes de la comunidad.<\/span><\/p>\n<p><span style=\"line-height: 1.21em; font-size: 12.16px;\">Este trabajo se destac\u00f3 el a\u00f1o anterior en el \u00e1rea de Educaci\u00f3n Tecnol\u00f3gica de la Feria Nacional de Educaci\u00f3n, Artes, Ciencias y Tecnolog\u00eda, que organiza el Ministerio de Educaci\u00f3n de la Naci\u00f3n a trav\u00e9s del Programa Nacional de Ferias de Ciencias y Tecnolog\u00eda, de la Subsecretar\u00eda de Equidad y Calidad Educativa.<\/span><\/p>\n<p><span style=\"line-height: 1.21em; font-size: 12.16px;\">Ante el director ejecutivo del INET, los estudiantes y su docente dieron detalles acerca de la iniciativa del proyecto con el que participar\u00e1n; destacaron la importancia que tiene para ellos su formaci\u00f3n en la modalidad t\u00e9cnica; y la responsabilidad que significa representar al pa\u00eds en una muestra internacional de estas caracter\u00edsticas.<\/span><\/p>\n<p><strong style=\"line-height: 1.21em; font-size: 12.16px;\">Hern\u00e1n Alejandro Hidalgo<\/strong><span style=\"line-height: 1.21em; font-size: 12.16px;\"> manifest\u00f3: \u201cLa iniciativa del proyecto surgi\u00f3 al trabajar en la Tem\u00e1tica del agua. Nuestro profesor nos present\u00f3 una propuesta de trabajo para realizar \u00a0en conjunto con egresados de nuestra escuela, y as\u00ed nosotros pudimos aportar nuevas ideas, rectificar propuestas y hacer ensayos en el agua y sus procesos. Todo esto se hace en la escuela, la cual tiene un equipamiento muy bueno\u201d. Y agreg\u00f3 \u201cLa escuela t\u00e9cnica te abre la cabeza, son muchas horas de trabajo que pasamos en nuestras pr\u00e1cticas formativas\u201d. La exigencia de nuestra escuela es estar a la altura de un trabajo en la vida profesional. La idea es acercarnos a nuestro futuro del mejor modo. Los profesores est\u00e1n muy bien capacitados\u201d<\/span><\/p>\n<p><strong style=\"line-height: 1.21em; font-size: 12.16px;\">Antonella Camila Dema<\/strong><span style=\"line-height: 1.21em; font-size: 12.16px;\"> \u00a0sostuvo\u201d Es as\u00ed, estudiar en la escuela t\u00e9cnica te prepara para el futuro, y tambi\u00e9n para trabajar y estudiar en una universidad. La calidad de la modalidad t\u00e9cnica es muy alta, te adapta al mundo actual; \u00a0las pr\u00e1cticas profesionalizantes me capacitan del mejor modo, y si quisiera, adem\u00e1s, puedo hacer otros cursos superiores t\u00e9cnicos que me dan otros certificados que se suman al t\u00edtulo t\u00e9cnico y me preparan a\u00fan m\u00e1s para mi futuro profesional\u201d<\/span><\/p>\n<p><span style=\"line-height: 1.21em; font-size: 12.16px;\">En cuanto al viaje que har\u00e1n para representar al pa\u00eds ambos estudiantes expresaron en sinton\u00eda: \u201cCon respecto a nuestro viaje nos enorgullece viajar y representar al pa\u00eds porque tendremos un intercambio cultural, podremos conocer proyectos nacionales y de otros pa\u00edses, podremos tambi\u00e9n conocer proyectos que surgieron de la realidad de cada regi\u00f3n . A su vez, cada vez que exponemos aprendemos a defender los trabajos y as\u00ed nos involucramos m\u00e1s con nuestro proyecto, aprendemos a responder preguntas, a recibir cr\u00edticas o comentarios, y a sentirlo nuestro, a validar lo que hicimos\u201d.<\/span><\/p>\n<p><span style=\"line-height: 1.21em; font-size: 12.16px;\">Por su parte, el profesor <\/span><strong style=\"line-height: 1.21em; font-size: 12.16px;\">Ra\u00fal Alberto Carnero,<\/strong><span style=\"line-height: 1.21em; font-size: 12.16px;\"> se\u00f1al\u00f3 \u201c tengo 35 a\u00f1os como docente de la modalidad t\u00e9cnica y estoy convencido que la escuela t\u00e9cnica entrega un plus diferente que acerca a los estudiantes al mundo del trabajo y a sus estudios superiores. A trav\u00e9s de ella les damos a los estudiantes herramientas para que puedan desenvolverse el d\u00eda de ma\u00f1ana\u201d<\/span><\/p>\n<p><span style=\"line-height: 1.21em; font-size: 12.16px;\">El Prof. Aragundi felicit\u00f3 a los estudiantes y su docente por la calidad del trabajo realizado en este proyecto y por poder representar \u00a0al pa\u00eds en una feria internacional de este nivel.<\/span><\/p>\n<p><span style=\"line-height: 1.21em; font-size: 12.16px;\">Cabe destacar que las Ferias de Ciencias y Tecnolog\u00eda son encuentros nacionales y\/o internacionales en los que los estudiantes y docentes, de diferentes niveles educativos exponen los trabajos y proyectos innovadores realizados en sus pr\u00e1cticas formativas a lo largo del a\u00f1o.Durante estas exposiciones se promueve el intercambio cultural entre sus participantes, demostrando as\u00ed que el conocimiento y la creatividad son herramientas imprescindibles para mejorar las condiciones de vida de una comunidad y su desarrollo productivo. Asimismo, a trav\u00e9s de ellas, se fortalece la identidad de la Educaci\u00f3n T\u00e9cnico Profesional.<\/span><\/p>\n<p><strong style=\"line-height: 1.21em; font-size: 12.16px;\">Acerca del proyecto<\/strong><\/p>\n<p><span style=\"line-height: 1.21em; font-size: 12.16px;\">El proyecto \u201cElectrofotocat\u00e1lisis\u00bb propone una f\u00f3rmula para sanear los arroyos entubados del R\u00edo de la Plata\u00a0 a trav\u00e9s de una propuesta tecnol\u00f3gica de activaci\u00f3n de ox\u00edgeno e hidr\u00f3geno por luz ultravioleta.<\/span><\/p>\n<p><span style=\"line-height: 1.21em; font-size: 12.16px;\">Este proceso electrofotocatal\u00edtico fue ensayado por muestreo con efluentes reales de algunos de los arroyos entubados de la Ciudad Aut\u00f3noma de Buenos Aires, como el Ugarteche y el Maldonado, en dispositivos piloto construidos con los requerimientos tecnol\u00f3gicos para realizar el tratamiento y evaluar la viabilidad de la propuesta.<\/span><\/p>\n<p><span style=\"line-height: 1.21em; font-size: 12.16px;\">La conclusi\u00f3n a la que arribaron los estudiantes luego de esta experiencia es que el tratamiento de los efluentes contaminantes se puede remediar, con una instalaci\u00f3n medianamente econ\u00f3mica, y contribuir as\u00ed la preservaci\u00f3n del medio ambiente, con la\u00a0 limpieza de los arroyos y al cuidado de la salud de la poblaci\u00f3n de la Capital Federal y el Gran Buenos Aires.<\/span><\/p>\n<p><strong style=\"line-height: 1.21em; font-size: 12.16px;\">Acerca de MOSTRATEC<\/strong><\/p>\n<p>M<span style=\"line-height: 1.21em; font-size: 12.16px;\">OSTRATEC\u00a0 es una Muestra de Ciencia y Tecnolog\u00eda\u00a0 organizada por la Funda\u00e7\u00e3o Liberato, destinado a la presentaci\u00f3n de proyectos de investigaci\u00f3n en ciencia y tecnolog\u00eda en diversas \u00e1reas del conocimiento humano, desarrollado por estudiantes de secundaria y educaci\u00f3n t\u00e9cnica profesional, de Brasil y otros pa\u00edses. El evento proporciona la integraci\u00f3n entre las instituciones de investigaci\u00f3n educativa, y el medio empresarial, permitiendo el desarrollo y aplicaci\u00f3n de nuevas tecnolog\u00edas.<\/span><\/p>\n<p><span style=\"line-height: 1.21em; font-size: 12.16px;\">A trav\u00e9s de la MOSTRATEC el estudiante desarrolla proyectos cient\u00edficos, ampl\u00eda sus contactos personales y puede participar en varios eventos nacionales e internacionales.<\/span><\/p>\n<p><strong>Para m\u00e1s informaci\u00f3n<\/strong><\/p>\n<p><a href=\"http:\/\/portal.educacion.gov.ar\/modalidades\/feria-de-ciencias\/\"><span style=\"line-height: 1.21em; font-size: 12.16px;\">Web\u00a0Feria Nacional de Educaci\u00f3n, Arte, Ciencias y Tecnolog\u00eda<\/span><\/a><\/p>\n<p><a href=\" https:\/\/www.facebook.com\/FeriaNacionaldeCiencias\">FACEBOOK Feria Nacional de Educaci\u00f3n,Arte,Ciencias y Tecnolog\u00eda<\/a><\/p>\n<p><strong>MOSTRATEC 2015:<\/strong><\/p>\n<p><a href=\"http:\/\/www.mostratec.com.br\/es\/mostratec\/acerca-de-mostratec\">Web Mostratec<\/a><\/p>\n<p><a href=\"https:\/\/www.facebook.com\/MostratecLiberato?fref=ts\"><span style=\"line-height: 1.21em; font-size: 12.16px;\">Facebook Mostartec<\/span><\/a><\/p>\n<p><a href=\"http:\/\/www.liberato.com.br\/\">Funda\u00e7\u00e3o Liberato<\/a><\/p>\n<p><strong>Noticias relacionadas<\/strong><\/p>\n<p><a href=\"https:\/\/www.inet.edu.ar\/noticias\/el-ministro-de-educacion-participo-de-la-ceremonia-de-clausura-de-la-feria-nacional-de-educacion-artes-ciencias-y-tecnologia-2014\/\"><span style=\"line-height: 1.21em; font-size: 12.16px;\">El Ministro de Educaci\u00f3n particip\u00f3 de la ceremonia de clausura de la Feria Nacional de Educaci\u00f3n, Artes, Ciencias y Tecnolog\u00eda 2014<\/span><\/a><\/p>\n<p><a href=\"https:\/\/www.inet.edu.ar\/noticias\/en-la-feria-nacional-de-educacion-artes-ciencias-y-tecnologia-2015-la-modalidad-tecnica-recibio-trece-distinciones\/\"><span style=\"font-size: 12.16px; line-height: 1.21em;\">En la Feria Nacional de Educaci\u00f3n, Artes, Ciencias y Tecnolog\u00eda 2015 la modalidad T\u00e9cnica recibi\u00f3 trece distinciones<\/span><\/a><\/p>\n<p><strong>Galer\u00eda de im\u00e1genes<\/strong><\/p>\n<p><a href=\"https:\/\/www.inet.edu.ar\/wp-content\/uploads\/2015\/10\/Los-estudiantes-que-viajar\u00e1n-a-Mostratec-2015-en-su-exposici\u00f3n-previa-en-la-Feria-Nacional-de-Ciencias-del-Ministerio-de-Educaci\u00f3n-de-la-Naci\u00f3n.jpg\"><img loading=\"lazy\" decoding=\"async\" class=\"alignleft size-thumbnail wp-image-8488\" title=\"Los estudiantes que viajar\u00e1n a Mostratec 2015 en su exposici\u00f3n previa en la Feria Nacional de Ciencias del Ministerio de Educaci\u00f3n de la Naci\u00f3n\" src=\"https:\/\/www.inet.edu.ar\/wp-content\/uploads\/2015\/10\/Los-estudiantes-que-viajar\u00e1n-a-Mostratec-2015-en-su-exposici\u00f3n-previa-en-la-Feria-Nacional-de-Ciencias-del-Ministerio-de-Educaci\u00f3n-de-la-Naci\u00f3n-150x100.jpg\" alt=\"\" width=\"150\" height=\"100\" \/><\/a><a href=\"https:\/\/www.inet.edu.ar\/wp-content\/uploads\/2015\/10\/DSC_0211.jpg\"><img loading=\"lazy\" decoding=\"async\" class=\"alignleft size-thumbnail wp-image-8486\" title=\"Los estudiantes explican su proyecto al director ejecutivo del INET antes de viajar a Mostratec 2015\" src=\"https:\/\/www.inet.edu.ar\/wp-content\/uploads\/2015\/10\/DSC_0211-150x100.jpg\" alt=\"\" width=\"150\" height=\"100\" \/><\/a><a href=\"https:\/\/www.inet.edu.ar\/wp-content\/uploads\/2015\/10\/DSC_0206.jpg\"><img loading=\"lazy\" decoding=\"async\" class=\"alignleft size-thumbnail wp-image-8487\" title=\"El equipo que viajar\u00e1 a Mostratec 2015 \" src=\"https:\/\/www.inet.edu.ar\/wp-content\/uploads\/2015\/10\/DSC_0206-150x100.jpg\" alt=\"\" width=\"150\" height=\"100\" \/><\/a><\/p>\n<p>&nbsp;<\/p>\n","protected":false},"excerpt":{"rendered":"<p>El director ejecutivo del INET Prof Eduardo Aragundi recibi\u00f3 al equipo antes de que emprendan su viaje Los estudiantes Antonella Camila Dema y Hern\u00e1n Alejandro Hidalgo de la especialidad t\u00e9cnica Tecnolog\u00eda en alimentos, junto al docente Ra\u00fal Alberto Carnero, de la Escuela de Ense\u00f1anza Secundaria T\u00e9cnica N\u00ba 2 \u201cAlemania\u201d, San Mart\u00edn, Villa Ballester, provincia de [&hellip;]<\/p>\n","protected":false},"author":3,"featured_media":0,"comment_status":"closed","ping_status":"open","sticky":false,"template":"","format":"standard","meta":{"footnotes":""},"categories":[1],"tags":[],"class_list":["post-8482","post","type-post","status-publish","format-standard","hentry","category-noticias"],"_links":{"self":[{"href":"https:\/\/www.inet.edu.ar\/index.php\/wp-json\/wp\/v2\/posts\/8482","targetHints":{"allow":["GET"]}}],"collection":[{"href":"https:\/\/www.inet.edu.ar\/index.php\/wp-json\/wp\/v2\/posts"}],"about":[{"href":"https:\/\/www.inet.edu.ar\/index.php\/wp-json\/wp\/v2\/types\/post"}],"author":[{"embeddable":true,"href":"https:\/\/www.inet.edu.ar\/index.php\/wp-json\/wp\/v2\/users\/3"}],"replies":[{"embeddable":true,"href":"https:\/\/www.inet.edu.ar\/index.php\/wp-json\/wp\/v2\/comments?post=8482"}],"version-history":[{"count":3,"href":"https:\/\/www.inet.edu.ar\/index.php\/wp-json\/wp\/v2\/posts\/8482\/revisions"}],"predecessor-version":[{"id":8485,"href":"https:\/\/www.inet.edu.ar\/index.php\/wp-json\/wp\/v2\/posts\/8482\/revisions\/8485"}],"wp:attachment":[{"href":"https:\/\/www.inet.edu.ar\/index.php\/wp-json\/wp\/v2\/media?parent=8482"}],"wp:term":[{"taxonomy":"category","embeddable":true,"href":"https:\/\/www.inet.edu.ar\/index.php\/wp-json\/wp\/v2\/categories?post=8482"},{"taxonomy":"post_tag","embeddable":true,"href":"https:\/\/www.inet.edu.ar\/index.php\/wp-json\/wp\/v2\/tags?post=8482"}],"curies":[{"name":"wp","href":"https:\/\/api.w.org\/{rel}","templated":true}]}}